{"id":448,"date":"2018-11-05T15:11:34","date_gmt":"2018-11-05T18:11:34","guid":{"rendered":"https:\/\/revistaepocadigital.com.ar\/?p=448"},"modified":"2018-11-05T15:11:34","modified_gmt":"2018-11-05T18:11:34","slug":"te-volveria-a-elegir","status":"publish","type":"post","link":"https:\/\/revistaepocadigital.com.ar\/?p=448","title":{"rendered":"&#8220;Te volver\u00eda a elegir&#8221;"},"content":{"rendered":"<div class=\"hd_n P_0 M_0 p_R\" data-name=\"infinite-scroll-content\" data-test-id=\"infinite-scroll-content\">\n<p><strong>AREA VITAL<\/strong><\/p>\n<div id=\"pf1\" class=\"dp-page-outer\">\n<div class=\"dp-page-inner\">\n<div id=\"pg-1pf1\" class=\"pf pg-1w0 pg-1h0\">\n<div class=\"pc pg-1pc1 pg-1w0 pg-1h0\">\n<div class=\"c pg-1x0 pg-1y0 pg-1w1 pg-1h1\">\n<div class=\"t pg-1m0 pg-1x1 pg-1h2 pg-1y3 pg-1ff1 pg-1fs0 pg-1fc0 pg-1sc0 pg-1ls0 pg-1ws0\"><\/div>\n<div class=\"t pg-1m0 pg-1x2 pg-1h2 pg-1y4 pg-1ff1 pg-1fs0 pg-1fc0 pg-1sc0 pg-1ls0 pg-1ws0\">Una de las profesionales m\u00e1s destacada en un \u00e1rea tan vital como la salud, la psic\u00f3loga <strong>Guadalupe Bravo<\/strong> ha cumplido 25 a\u00f1os en la profesi\u00f3n. <span style=\"color: #ff0000;\">EPOCA<\/span> escuch\u00f3 sus sensaciones ante su valiosa trayectoria ante el largo y destacado camino recorrido.<\/div>\n<div class=\"t pg-1m0 pg-1x2 pg-1h2 pg-1y8 pg-1ff1 pg-1fs0 pg-1fc0 pg-1sc0 pg-1ls0 pg-1ws0\"><em>&#8220;Al pensar en estos 25 a\u00f1os de profesion, puedo tomar conciencia del gran camino recorrido. En 1993 recuerdo que tanto entre los profesionales de la salud, los cuales eran reacios a esta profesion, como tambien entre la poblaci\u00f3n, quienes no comprendian bien la competencia de la misma, se pod\u00eda notar ciertas resistencias.<\/em><\/div>\n<div><\/div>\n<div class=\"t pg-1m0 pg-1x1 pg-1h2 pg-1yd pg-1ff1 pg-1fs0 pg-1fc0 pg-1sc0 pg-1ls0 pg-1ws0\"><em>Me acuerdo una an\u00e9cdota que refleja la mirada del momento hacia la profesi\u00f3n de psic\u00f3loga. Mi pap\u00e1, cuando le coment\u00e9 hace 30 a\u00f1os cual era mi vocaci\u00f3n<\/em>, mi elecci\u00f3n, me plante\u00f3 que el no entend\u00eda que iba a hacer cuando me recibiera; y que <em>&#8220;ser\u00eda mejor que estudiara medicina y luego psiquiatr\u00eda&#8221;. Siempre recuerdoesta an\u00e9cdota y valoro el acompa\u00f1amiento incondicional de mi padre, a pesar de su disconformidad.<\/em><\/div>\n<div><\/div>\n<div class=\"t pg-1m0 pg-1x2 pg-1h2 pg-1y13 pg-1ff1 pg-1fs0 pg-1fc0 pg-1sc0 pg-1ls0 pg-1ws0\"><em>Yo era la primer psic\u00f3loga en el partido de Exaltaci\u00f3n de la Cruz, unaprofesi\u00f3n poco conocida para muchos, vista digamos como algo en cierta forma, revolucionario.<\/em><\/div>\n<div class=\"t pg-1m0 pg-1x1 pg-1h2 pg-1y16 pg-1ff1 pg-1fs0 pg-1fc0 pg-1sc0 pg-1ls0 pg-1ws0\"><em>Aquella situaci\u00f3n inicial, se fue revirtiendo con el tiempo; con el Dr. Guillermo Berm\u00fadez, propusimos al entonces intendente Ricardo Bozzani, comenzar a armar el Servicio de Salud Mental. Luego de trabajar dos a\u00f1os ad honoren en el <\/em><\/div>\n<div class=\"t pg-1m0 pg-1x1 pg-1h2 pg-1y19 pg-1ff1 pg-1fs0 pg-1fc0 pg-1sc0 pg-1ls0 pg-1ws0\"><em>Hospital Municipal San Jos\u00e9, de la mano de acciones que fueron dandole a nuestra \u00e1rea un espacio de relevancia y de credibilidad, desarrollando planes de prevenci\u00f3n y asistenci<\/em>a <em>en la salud, abarcando diferentes \u00e1reas, logramos<\/em><\/div>\n<div class=\"t pg-1m0 pg-1x1 pg-1h2 pg-1y1c pg-1ff1 pg-1fs0 pg-1fc0 pg-1sc0 pg-1ls0 pg-1ws0\"><em>instalar la importancia de la profesi\u00f3n.<\/em><\/div>\n<div><\/div>\n<div class=\"t pg-1m0 pg-1x2 pg-1h2 pg-1y1d pg-1ff1 pg-1fs0 pg-1fc0 pg-1sc0 pg-1ls0 pg-1ws0\"><em>Hoy, nuestra \u00e1rea se encuentra consolidada, en todo el sistema de salud y con un gran desarrollo, y ser\u00eda impensado que no trabajaramos de manera conjunta e integrada con otros profesionales de la salud. Por mi parte, he transitado una larga historia, instalando la profesi\u00f3n a nivel local, abriendo espacios de atenci\u00f3n y contenci\u00f3n a diferentes patolog\u00edas. He ocupado diferentes puestos y<\/em><\/div>\n<div class=\"t pg-1m0 pg-1x1 pg-1h2 pg-1y22 pg-1ff1 pg-1fs0 pg-1fc0 pg-1sc0 pg-1ls0 pg-1ws0\"><em>cargos, tanto a nivel local como provincial, en el armado del actual organigrama de salud.<\/em><\/div>\n<div><\/div>\n<div class=\"t pg-1m0 pg-1x2 pg-1h2 pg-1y24 pg-1ff1 pg-1fs0 pg-1fc0 pg-1sc0 pg-1ls0 pg-1ws0\"><em>A su vez, en el \u00e1mbito privado me sucedi\u00f3 algo muy similar, en un comienzo tenia pacientes de otras localidades. La insercion de los profesionales del \u00e1rea fue cambiando hasta el presente, en que la profesion es reconocida por cierto,<\/em><\/div>\n<div class=\"t pg-1m0 pg-1x1 pg-1h2 pg-1y27 pg-1ff1 pg-1fs0 pg-1fc0 pg-1sc0 pg-1ls0 pg-1ws0\"><em>requerida y aceptada en todos los \u00e1mbitos. La profesi\u00f3n de psic\u00f3loga me ha dado muchas satisfacciones, y por supuesto!, volver\u00eda a elegir&#8221;.<\/em><\/div>\n<\/div>\n<\/div>\n<\/div>\n<\/div>\n<\/div>\n<\/div>\n<p>&nbsp;<\/p>\n","protected":false},"excerpt":{"rendered":"<p>AREA VITAL Una de las profesionales m\u00e1s destacada en un \u00e1rea tan vital como la salud, la psic\u00f3loga Guadalupe Bravo ha cumplido 25 a\u00f1os en la profesi\u00f3n. EPOCA escuch\u00f3 sus sensaciones ante su valiosa trayectoria ante el largo y destacado camino recorrido. &#8220;Al pensar en estos 25 a\u00f1os de profesion, puedo tomar conciencia del gran [&hellip;]<\/p>\n","protected":false},"author":3,"featured_media":452,"comment_status":"open","ping_status":"open","sticky":false,"template":"","format":"standard","meta":{"footnotes":"","jetpack_publicize_message":"","jetpack_publicize_feature_enabled":true,"jetpack_social_post_already_shared":false,"jetpack_social_options":{"image_generator_settings":{"template":"highway","default_image_id":0,"font":"","enabled":false},"version":2}},"categories":[7],"tags":[37,70],"class_list":["post-448","post","type-post","status-publish","format-standard","has-post-thumbnail","hentry","category-columna-de-opinion","tag-destacada","tag-profesionales-de-la-salud"],"jetpack_publicize_connections":[],"jetpack_featured_media_url":"https:\/\/revistaepocadigital.com.ar\/wp-content\/uploads\/2018\/11\/ua-1.jpg","jetpack_likes_enabled":true,"_links":{"self":[{"href":"https:\/\/revistaepocadigital.com.ar\/index.php?rest_route=\/wp\/v2\/posts\/448","targetHints":{"allow":["GET"]}}],"collection":[{"href":"https:\/\/revistaepocadigital.com.ar\/index.php?rest_route=\/wp\/v2\/posts"}],"about":[{"href":"https:\/\/revistaepocadigital.com.ar\/index.php?rest_route=\/wp\/v2\/types\/post"}],"author":[{"embeddable":true,"href":"https:\/\/revistaepocadigital.com.ar\/index.php?rest_route=\/wp\/v2\/users\/3"}],"replies":[{"embeddable":true,"href":"https:\/\/revistaepocadigital.com.ar\/index.php?rest_route=%2Fwp%2Fv2%2Fcomments&post=448"}],"version-history":[{"count":0,"href":"https:\/\/revistaepocadigital.com.ar\/index.php?rest_route=\/wp\/v2\/posts\/448\/revisions"}],"wp:featuredmedia":[{"embeddable":true,"href":"https:\/\/revistaepocadigital.com.ar\/index.php?rest_route=\/wp\/v2\/media\/452"}],"wp:attachment":[{"href":"https:\/\/revistaepocadigital.com.ar\/index.php?rest_route=%2Fwp%2Fv2%2Fmedia&parent=448"}],"wp:term":[{"taxonomy":"category","embeddable":true,"href":"https:\/\/revistaepocadigital.com.ar\/index.php?rest_route=%2Fwp%2Fv2%2Fcategories&post=448"},{"taxonomy":"post_tag","embeddable":true,"href":"https:\/\/revistaepocadigital.com.ar\/index.php?rest_route=%2Fwp%2Fv2%2Ftags&post=448"}],"curies":[{"name":"wp","href":"https:\/\/api.w.org\/{rel}","templated":true}]}}