{"id":4483,"date":"2020-03-11T00:12:14","date_gmt":"2020-03-11T03:12:14","guid":{"rendered":"https:\/\/revistaepocadigital.com.ar\/?p=4483"},"modified":"2020-03-13T00:16:19","modified_gmt":"2020-03-13T03:16:19","slug":"capacitaron-a-personal-de-salud-por-coronavirus","status":"publish","type":"post","link":"https:\/\/revistaepocadigital.com.ar\/?p=4483","title":{"rendered":"\u00a0CAPACITARON A PERSONAL DE SALUD POR CORONAVIRUS"},"content":{"rendered":"<p><strong>A CARGO DE LA M\u00c9DICA INFECT\u00d3LOGA MERCEDES NANO Y EL DR. ARIEL BRAIDA.<!--more--><\/strong><br \/>\nTuvo lugar la capacitaci\u00f3n relacionada a los protocolos de salud, ante un hipot\u00e9tico caso de coronavirus en Exaltaci\u00f3n de la Cruz, del que participaron todas las \u00e1reas vinculadas a la cuesti\u00f3n sanitaria, incluso el personal auxiliar, como parte de una estrategia para evitar contagios.<\/p>\n<p>&nbsp;<\/p>\n<figure id=\"attachment_4519\" aria-describedby=\"caption-attachment-4519\" style=\"width: 513px\" class=\"wp-caption aligncenter\"><img loading=\"lazy\" decoding=\"async\" class=\"size-full wp-image-4519\" src=\"https:\/\/revistaepocadigital.com.ar\/wp-content\/uploads\/2020\/03\/bravo-nano-20a.jpg\" alt=\"\" width=\"513\" height=\"342\" srcset=\"https:\/\/revistaepocadigital.com.ar\/wp-content\/uploads\/2020\/03\/bravo-nano-20a.jpg 513w, https:\/\/revistaepocadigital.com.ar\/wp-content\/uploads\/2020\/03\/bravo-nano-20a-300x200.jpg 300w\" sizes=\"auto, (max-width: 513px) 100vw, 513px\" \/><figcaption id=\"caption-attachment-4519\" class=\"wp-caption-text\">La Lic. Guadalupe Bravo del \u00e1rea de Salud P\u00fablica del municipio junto a la Dra. Nano en la capacitaci\u00f3n.<\/figcaption><\/figure>\n<p>Nanno dio detalles de la evoluci\u00f3n del coronavirus a nivel mundial, desde su origen hasta la llegada de la enfermedad al pa\u00eds, a la vez que dio instrucciones precisas sobre c\u00f3mo debe actuar el personal de salud ante un posible contagio o caso sospechoso.<\/p>\n<p>La capacitaci\u00f3n gir\u00f3 en torno a los cuidados de cada sector de salud en el abordaje de un posible contagio o un caso sospechoso. Incluso se hizo una pr\u00e1ctica de c\u00f3mo utilizar protecci\u00f3n de bioseguridad, para el tratamiento de un paciente.<\/p>\n<p>Desde Salud se indic\u00f3 que toda persona que haya viajado a China, Corea del Sur, Jap\u00f3n, Ir\u00e1n, Italia, Espa\u00f1a, Francia y Alemania deben guardar dos semanas de aislamiento, presenten o no cuadros relacionados con la enfermedad.<\/p>\n<figure id=\"attachment_4520\" aria-describedby=\"caption-attachment-4520\" style=\"width: 576px\" class=\"wp-caption aligncenter\"><img loading=\"lazy\" decoding=\"async\" class=\"size-full wp-image-4520\" src=\"https:\/\/revistaepocadigital.com.ar\/wp-content\/uploads\/2020\/03\/nano1.jpg\" alt=\"\" width=\"576\" height=\"768\" srcset=\"https:\/\/revistaepocadigital.com.ar\/wp-content\/uploads\/2020\/03\/nano1.jpg 576w, https:\/\/revistaepocadigital.com.ar\/wp-content\/uploads\/2020\/03\/nano1-225x300.jpg 225w, https:\/\/revistaepocadigital.com.ar\/wp-content\/uploads\/2020\/03\/nano1-315x420.jpg 315w\" sizes=\"auto, (max-width: 576px) 100vw, 576px\" \/><figcaption id=\"caption-attachment-4520\" class=\"wp-caption-text\">La Dra Nano explica sobre como actuar al personal especializado.<\/figcaption><\/figure>\n<p>Adem\u00e1s, en caso de detectarse alguno de los s\u00edntomas, NO ACUDIR AL HOSPITAL, sino llamar por tel\u00e9fono o por otra v\u00eda, de tal forma de no propagar un posible contagio. Una ambulancia y m\u00e9dicos con equipos adecuados atender\u00e1n al paciente, para realizarle una prueba de laboratorio y confirmar la enfermedad.<\/p>\n<p>Incluso para el caso que alguien asista al Hospital San Jos\u00e9 con s\u00edntomas y requiera atenci\u00f3n en el lugar, el Sistema de Salud dispuso de una sala de aislamiento, para evitar el contacto con el resto de los vecinos que asisten a ese nosocomio.<\/p>\n<p>&nbsp;<\/p>\n<p>Fotos: Prensa Municipalidad.<\/p>\n","protected":false},"excerpt":{"rendered":"<p>A CARGO DE LA M\u00c9DICA INFECT\u00d3LOGA MERCEDES NANO Y EL DR. ARIEL BRAIDA.<\/p>\n","protected":false},"author":4,"featured_media":4518,"comment_status":"open","ping_status":"open","sticky":false,"template":"","format":"standard","meta":{"footnotes":"","jetpack_publicize_message":"","jetpack_publicize_feature_enabled":true,"jetpack_social_post_already_shared":false,"jetpack_social_options":{"image_generator_settings":{"template":"highway","default_image_id":0,"font":"","enabled":false},"version":2}},"categories":[13],"tags":[628,569],"class_list":["post-4483","post","type-post","status-publish","format-standard","has-post-thumbnail","hentry","category-interes-general","tag-capacitacin","tag-coronavirus"],"jetpack_publicize_connections":[],"jetpack_featured_media_url":"https:\/\/revistaepocadigital.com.ar\/wp-content\/uploads\/2020\/03\/nano-20.jpg","jetpack_likes_enabled":true,"_links":{"self":[{"href":"https:\/\/revistaepocadigital.com.ar\/index.php?rest_route=\/wp\/v2\/posts\/4483","targetHints":{"allow":["GET"]}}],"collection":[{"href":"https:\/\/revistaepocadigital.com.ar\/index.php?rest_route=\/wp\/v2\/posts"}],"about":[{"href":"https:\/\/revistaepocadigital.com.ar\/index.php?rest_route=\/wp\/v2\/types\/post"}],"author":[{"embeddable":true,"href":"https:\/\/revistaepocadigital.com.ar\/index.php?rest_route=\/wp\/v2\/users\/4"}],"replies":[{"embeddable":true,"href":"https:\/\/revistaepocadigital.com.ar\/index.php?rest_route=%2Fwp%2Fv2%2Fcomments&post=4483"}],"version-history":[{"count":0,"href":"https:\/\/revistaepocadigital.com.ar\/index.php?rest_route=\/wp\/v2\/posts\/4483\/revisions"}],"wp:featuredmedia":[{"embeddable":true,"href":"https:\/\/revistaepocadigital.com.ar\/index.php?rest_route=\/wp\/v2\/media\/4518"}],"wp:attachment":[{"href":"https:\/\/revistaepocadigital.com.ar\/index.php?rest_route=%2Fwp%2Fv2%2Fmedia&parent=4483"}],"wp:term":[{"taxonomy":"category","embeddable":true,"href":"https:\/\/revistaepocadigital.com.ar\/index.php?rest_route=%2Fwp%2Fv2%2Fcategories&post=4483"},{"taxonomy":"post_tag","embeddable":true,"href":"https:\/\/revistaepocadigital.com.ar\/index.php?rest_route=%2Fwp%2Fv2%2Ftags&post=4483"}],"curies":[{"name":"wp","href":"https:\/\/api.w.org\/{rel}","templated":true}]}}