{"id":4487,"date":"2020-03-12T20:09:04","date_gmt":"2020-03-12T23:09:04","guid":{"rendered":"https:\/\/revistaepocadigital.com.ar\/?p=4487"},"modified":"2020-03-12T23:39:21","modified_gmt":"2020-03-13T02:39:21","slug":"polemica-en-el-bloque-de-cambiemos-la-concejal-aguilar-denuncia-que-raul-sancho-exige-su-renuncia","status":"publish","type":"post","link":"https:\/\/revistaepocadigital.com.ar\/?p=4487","title":{"rendered":"Pol\u00e9mica en el bloque de Cambiemos. La concejal Aguilar denuncia que Ra\u00fal Sancho exige su renuncia"},"content":{"rendered":"<div dir=\"ltr\" data-setdir=\"false\">\n<div>\n<div class=\"ydp3f4df3ffhd_n ydp3f4df3ffP_0 ydp3f4df3ffM_0 ydp3f4df3ffp_R\" data-name=\"infinite-scroll-content\" data-test-id=\"infinite-scroll-content\">\n<div id=\"ydp3f4df3ffpf1\" class=\"ydp3f4df3ffdp-page-outer\">\n<div class=\"ydp3f4df3ffdp-page-inner\">\n<div id=\"ydp3f4df3ffpg-1pf1\" class=\"ydp3f4df3ffpf ydp3f4df3ffpg-1w0 ydp3f4df3ffpg-1h0\">\n<div class=\"ydp3f4df3ffpc ydp3f4df3ffpg-1pc1 ydp3f4df3ffpg-1w0 ydp3f4df3ffpg-1h0\">\n<div class=\"ydp3f4df3ffc ydp3f4df3ffpg-1x0 ydp3f4df3ffpg-1y0 ydp3f4df3ffpg-1w1 ydp3f4df3ffpg-1h1\">\n<div class=\"ydp3f4df3fft ydp3f4df3ffpg-1m0 ydp3f4df3ffpg-1x1 ydp3f4df3ffpg-1h2 ydp3f4df3ffpg-1y1 ydp3f4df3ffpg-1ff1 ydp3f4df3ffpg-1fs0 ydp3f4df3ffpg-1fc0 ydp3f4df3ffpg-1sc0 ydp3f4df3ffpg-1ls0 ydp3f4df3ffpg-1ws0\"><strong>DIFERENCIAS PROFUNDIZADAS<\/strong>.<!--more--><\/div>\n<div><\/div>\n<div class=\"ydp3f4df3fft ydp3f4df3ffpg-1m0 ydp3f4df3ffpg-1x1 ydp3f4df3ffpg-1h2 ydp3f4df3ffpg-1y1 ydp3f4df3ffpg-1ff1 ydp3f4df3ffpg-1fs0 ydp3f4df3ffpg-1fc0 ydp3f4df3ffpg-1sc0 ydp3f4df3ffpg-1ls0 ydp3f4df3ffpg-1ws0\">Con la asunci\u00f3n de los nuevos concejales de Exaltaci\u00f3n de la Cruz en diciembre de 2019, qued\u00f3 latente la confusa y controversial situaci\u00f3n de la concejal <strong>Susana Aguilar, del bloque Cambiemos.<\/strong><\/div>\n<div><\/div>\n<div class=\"ydp3f4df3fft ydp3f4df3ffpg-1m0 ydp3f4df3ffpg-1x1 ydp3f4df3ffpg-1h2 ydp3f4df3ffpg-1y1 ydp3f4df3ffpg-1ff1 ydp3f4df3ffpg-1fs0 ydp3f4df3ffpg-1fc0 ydp3f4df3ffpg-1sc0 ydp3f4df3ffpg-1ls0 ydp3f4df3ffpg-1ws0\">Ahora <strong>Aguilar,<\/strong> ha dado a conocer una carta acerca de su situaci\u00f3n, dirigida al presidente del <strong>Concejo Deliberante, Mart\u00edn David.<\/strong><\/div>\n<div><\/div>\n<div class=\"ydp3f4df3fft ydp3f4df3ffpg-1m0 ydp3f4df3ffpg-1x1 ydp3f4df3ffpg-1h2 ydp3f4df3ffpg-1y1 ydp3f4df3ffpg-1ff1 ydp3f4df3ffpg-1fs0 ydp3f4df3ffpg-1fc0 ydp3f4df3ffpg-1sc0 ydp3f4df3ffpg-1ls0 ydp3f4df3ffpg-1ws0\">Esto fue lo que ha mencionado:<\/div>\n<div><\/div>\n<div class=\"ydp3f4df3fft ydp3f4df3ffpg-1m0 ydp3f4df3ffpg-1x1 ydp3f4df3ffpg-1h2 ydp3f4df3ffpg-1y1 ydp3f4df3ffpg-1ff1 ydp3f4df3ffpg-1fs0 ydp3f4df3ffpg-1fc0 ydp3f4df3ffpg-1sc0 ydp3f4df3ffpg-1ls0 ydp3f4df3ffpg-1ws0\"><strong><em>Exaltaci\u00f3n de la Cruz, de Marzo de 2020.<\/em><\/strong><\/div>\n<div class=\"ydp3f4df3fft ydp3f4df3ffpg-1m0 ydp3f4df3ffpg-1x2 ydp3f4df3ffpg-1h3 ydp3f4df3ffpg-1y2 ydp3f4df3ffpg-1ff2 ydp3f4df3ffpg-1fs0 ydp3f4df3ffpg-1fc0 ydp3f4df3ffpg-1sc0 ydp3f4df3ffpg-1ls0 ydp3f4df3ffpg-1ws0\"><strong><em>Sr. Presidente del Concejo Deliberante de Exaltaci\u00f3n de la Cruz.<\/em><\/strong><\/div>\n<div class=\"ydp3f4df3fft ydp3f4df3ffpg-1m0 ydp3f4df3ffpg-1x2 ydp3f4df3ffpg-1h2 ydp3f4df3ffpg-1y3 ydp3f4df3ffpg-1ff1 ydp3f4df3ffpg-1fs0 ydp3f4df3ffpg-1fc0 ydp3f4df3ffpg-1sc0 ydp3f4df3ffpg-1ls0 ydp3f4df3ffpg-1ws0\"><strong><em>S\/D<\/em><\/strong><\/div>\n<div><\/div>\n<div class=\"ydp3f4df3fft ydp3f4df3ffpg-1m0 ydp3f4df3ffpg-1x2 ydp3f4df3ffpg-1h2 ydp3f4df3ffpg-1y4 ydp3f4df3ffpg-1ff1 ydp3f4df3ffpg-1fs0 ydp3f4df3ffpg-1fc0 ydp3f4df3ffpg-1sc0 ydp3f4df3ffpg-1ls0 ydp3f4df3ffpg-1ws0\"><strong><em>AGUILAR Susana Beatriz, en mi car\u00e1cter de concejal en ejercicio de sus funciones, me <\/em><\/strong><strong><em>dirijo a usted a los fines de poner en conocimiento de este cuerpo que en fecha<\/em><\/strong><\/div>\n<div class=\"ydp3f4df3fft ydp3f4df3ffpg-1m0 ydp3f4df3ffpg-1x2 ydp3f4df3ffpg-1h2 ydp3f4df3ffpg-1y6 ydp3f4df3ffpg-1ff1 ydp3f4df3ffpg-1fs0 ydp3f4df3ffpg-1fc0 ydp3f4df3ffpg-1sc0 ydp3f4df3ffpg-1ls0 ydp3f4df3ffpg-1ws0\"><strong><em>03\/02\/2020, he radicado una denuncia ante el Instituto Nacional contra la Discriminaci\u00f3n, <\/em><\/strong><strong><em>la Xenofobia y el Racismo (expediente: ex-2020-07573163- -APN-INADI#MJ), producto del <\/em><\/strong><strong><em>hostigamiento pol\u00edtico que vengo sufriendo, y que posee como objetivo restringir e <\/em><\/strong><strong><em>impedir mi partiipaci\u00f3n pol\u00edtica como mujer y como concejal en ejercicio.<\/em><\/strong><\/div>\n<div><\/div>\n<div class=\"ydp3f4df3fft ydp3f4df3ffpg-1m0 ydp3f4df3ffpg-1x2 ydp3f4df3ffpg-1h2 ydp3f4df3ffpg-1ya ydp3f4df3ffpg-1ff1 ydp3f4df3ffpg-1fs0 ydp3f4df3ffpg-1fc0 ydp3f4df3ffpg-1sc0 ydp3f4df3ffpg-1ls0 ydp3f4df3ffpg-1ws0\"><strong><em>Lamentablemente desde fines del a\u00f1o 2019, vengo sufriendo el hostigamiento por parte <\/em><\/strong><strong><em>del sr. Sancho Ra\u00fal, quien desde dicha fecha viene ejecutando una serie de medidas, a los <\/em><\/strong><strong><em>fines de afectar mi derecho como mujer y como representante en este Honorable Concejo <\/em><\/strong><strong><em>Deliberante. Entre ellas, promoviendo mi expulsi\u00f3n del bloque de Cambiemos sin <\/em><\/strong><strong><em>fundamento alguno, o bien, exigi\u00e9ndome mi renuncia en forma violenta hasta el d\u00eda de la <\/em><\/strong><strong><em>fecha.<\/em><\/strong><\/div>\n<div><\/div>\n<\/div>\n<\/div>\n<div>\n<figure id=\"attachment_4507\" aria-describedby=\"caption-attachment-4507\" style=\"width: 660px\" class=\"wp-caption aligncenter\"><img loading=\"lazy\" decoding=\"async\" class=\"size-full wp-image-4507\" src=\"https:\/\/revistaepocadigital.com.ar\/wp-content\/uploads\/2020\/03\/AGUILAR111.jpg\" alt=\"\" width=\"660\" height=\"749\" srcset=\"https:\/\/revistaepocadigital.com.ar\/wp-content\/uploads\/2020\/03\/AGUILAR111.jpg 660w, https:\/\/revistaepocadigital.com.ar\/wp-content\/uploads\/2020\/03\/AGUILAR111-264x300.jpg 264w, https:\/\/revistaepocadigital.com.ar\/wp-content\/uploads\/2020\/03\/AGUILAR111-370x420.jpg 370w\" sizes=\"auto, (max-width: 660px) 100vw, 660px\" \/><figcaption id=\"caption-attachment-4507\" class=\"wp-caption-text\">La concejal Aguilar.<\/figcaption><\/figure>\n<\/div>\n<\/div>\n<\/div>\n<\/div>\n<\/div>\n<div class=\"ydp3f4df3ffhd_n ydp3f4df3ffP_0 ydp3f4df3ffM_0 ydp3f4df3ffp_R\" data-name=\"infinite-scroll-content\" data-test-id=\"infinite-scroll-content\">\n<div id=\"ydp3f4df3ffpf1\" class=\"ydp3f4df3ffdp-page-outer\">\n<div class=\"ydp3f4df3ffdp-page-inner\">\n<div id=\"ydp3f4df3ffpg-1pf1\" class=\"ydp3f4df3ffpf ydp3f4df3ffpg-1w0 ydp3f4df3ffpg-1h0\">\n<div class=\"ydp3f4df3ffpc ydp3f4df3ffpg-1pc1 ydp3f4df3ffpg-1w0 ydp3f4df3ffpg-1h0\">\n<div class=\"ydp3f4df3ffc ydp3f4df3ffpg-1x0 ydp3f4df3ffpg-1y0 ydp3f4df3ffpg-1w1 ydp3f4df3ffpg-1h1\">\n<div class=\"ydp3f4df3fft ydp3f4df3ffpg-1m0 ydp3f4df3ffpg-1x2 ydp3f4df3ffpg-1h2 ydp3f4df3ffpg-1y10 ydp3f4df3ffpg-1ff1 ydp3f4df3ffpg-1fs0 ydp3f4df3ffpg-1fc0 ydp3f4df3ffpg-1sc0 ydp3f4df3ffpg-1ls0 ydp3f4df3ffpg-1ws0\"><strong><em>Que como usted se podr\u00e1 imaginar, esta situaci\u00f3n afecta en forma palmaria el normal <\/em><\/strong><strong><em>desarrollo de mis funciones como concejal, limitando el acceso a mis derechos y deberes <\/em><\/strong><strong><em>pol\u00edticos, y atentando contra la normativa vigente en materia de representaci\u00f3n pol\u00edtica <\/em><\/strong><strong><em>de las mujeres.<\/em><\/strong><\/div>\n<div><\/div>\n<div class=\"ydp3f4df3fft ydp3f4df3ffpg-1m0 ydp3f4df3ffpg-1x2 ydp3f4df3ffpg-1h2 ydp3f4df3ffpg-1y14 ydp3f4df3ffpg-1ff1 ydp3f4df3ffpg-1fs0 ydp3f4df3ffpg-1fc0 ydp3f4df3ffpg-1sc0 ydp3f4df3ffpg-1ls0 ydp3f4df3ffpg-1ws0\"><strong><em>Que estas situaciones no pueden ser toleradas de forma alguna por nuestro democracia, <\/em><\/strong><strong><em>en tanto afectan no s\u00f3lo mis derechos como mujer, sino la vida pol\u00edtica e institucional de <\/em><\/strong><strong><em>este HCD. De admitir continuidad de estas conductas, se estar\u00eda violando lo dispuesto en <\/em><\/strong><strong><em>la Ley 26.485 -LEY DE PROTECCION INTEGRAL A LAS MUJERES- y en particular lo previsto en <\/em><\/strong><strong><em>sus arts. 4, 5 y 6 (seg\u00fan texto Ley 27.533).<\/em><\/strong><\/div>\n<div><\/div>\n<div><strong><em>En virtud de lo dicho, solicito a usted arbitre los medios necesarios para garantizar el libre <\/em><\/strong><strong><em>ejercicio de mis derechos como mujer y en especial, mis derechos y deberes como <\/em><\/strong><strong><em>concejal integrante de este Honorable Concejo Deliberante.<\/em><\/strong><\/div>\n<\/div>\n<\/div>\n<\/div>\n<\/div>\n<\/div>\n<\/div>\n<\/div>\n<\/div>\n","protected":false},"excerpt":{"rendered":"<p>DIFERENCIAS PROFUNDIZADAS.<\/p>\n","protected":false},"author":4,"featured_media":4493,"comment_status":"open","ping_status":"open","sticky":false,"template":"","format":"standard","meta":{"footnotes":"","jetpack_publicize_message":"","jetpack_publicize_feature_enabled":true,"jetpack_social_post_already_shared":false,"jetpack_social_options":{"image_generator_settings":{"template":"highway","default_image_id":0,"font":"","enabled":false},"version":2}},"categories":[4,17],"tags":[],"class_list":["post-4487","post","type-post","status-publish","format-standard","has-post-thumbnail","hentry","category-aqui-los-cardales","category-politica"],"jetpack_publicize_connections":[],"jetpack_featured_media_url":"https:\/\/revistaepocadigital.com.ar\/wp-content\/uploads\/2020\/03\/aguilar-sus.jpg","jetpack_likes_enabled":true,"_links":{"self":[{"href":"https:\/\/revistaepocadigital.com.ar\/index.php?rest_route=\/wp\/v2\/posts\/4487","targetHints":{"allow":["GET"]}}],"collection":[{"href":"https:\/\/revistaepocadigital.com.ar\/index.php?rest_route=\/wp\/v2\/posts"}],"about":[{"href":"https:\/\/revistaepocadigital.com.ar\/index.php?rest_route=\/wp\/v2\/types\/post"}],"author":[{"embeddable":true,"href":"https:\/\/revistaepocadigital.com.ar\/index.php?rest_route=\/wp\/v2\/users\/4"}],"replies":[{"embeddable":true,"href":"https:\/\/revistaepocadigital.com.ar\/index.php?rest_route=%2Fwp%2Fv2%2Fcomments&post=4487"}],"version-history":[{"count":0,"href":"https:\/\/revistaepocadigital.com.ar\/index.php?rest_route=\/wp\/v2\/posts\/4487\/revisions"}],"wp:featuredmedia":[{"embeddable":true,"href":"https:\/\/revistaepocadigital.com.ar\/index.php?rest_route=\/wp\/v2\/media\/4493"}],"wp:attachment":[{"href":"https:\/\/revistaepocadigital.com.ar\/index.php?rest_route=%2Fwp%2Fv2%2Fmedia&parent=4487"}],"wp:term":[{"taxonomy":"category","embeddable":true,"href":"https:\/\/revistaepocadigital.com.ar\/index.php?rest_route=%2Fwp%2Fv2%2Fcategories&post=4487"},{"taxonomy":"post_tag","embeddable":true,"href":"https:\/\/revistaepocadigital.com.ar\/index.php?rest_route=%2Fwp%2Fv2%2Ftags&post=4487"}],"curies":[{"name":"wp","href":"https:\/\/api.w.org\/{rel}","templated":true}]}}