{"id":4495,"date":"2020-03-12T23:15:06","date_gmt":"2020-03-13T02:15:06","guid":{"rendered":"https:\/\/revistaepocadigital.com.ar\/?p=4495"},"modified":"2020-03-12T23:15:06","modified_gmt":"2020-03-13T02:15:06","slug":"la-opereta-susana-aguilar-como-cambiarse-de-partido-politico-y-echarle-la-culpa-a-otro-dura-critica-de-raul-sancho","status":"publish","type":"post","link":"https:\/\/revistaepocadigital.com.ar\/?p=4495","title":{"rendered":"&#8220;LA OPERETA \u201cSUSANA AGUILAR\u201d: C\u00d3MO CAMBIARSE DE PARTIDO POL\u00cdTICO Y ECHARLE LA CULPA A OTRO&#8221;, DURA CRITICA DE RA\u00daL SANCHO"},"content":{"rendered":"<p><strong>A LA FIRME POSTURA DE LA CONCEJAL AGUILAR (VER NOTA ANTERIOR).<\/strong><!--more--><\/p>\n<p>Le ha continuado la dura visi\u00f3n de<strong> Ra\u00fal Sancho,<\/strong> presidente del bloque de Cambiemos en el HCD y como se recueda, candidato a intendente por Cambiemos en las elecciones de octubre 2019.<\/p>\n<p>Esto sostuvo Sancho:<\/p>\n<p><em>Es dif\u00edcil transmitir a quienes han confiado en nosotros, QUE UNA CONCEJAL ELECTA POR CAMBIEMOS (espacio opositor a nivel local), ha decido pasarse al oficialismo conformado por Defensa Comunal y el FRENTE DE TODOS. No era algo que fuera imprevisible. Ya hac\u00eda varios meses que la concejal Aguilar se hab\u00eda apartado de nuestro espacio. No s\u00f3lo dentro del Concejo Deliberante, donde CADA VEZ QUE SE VOTABA ALGO QUE COMPLICABA AL OFICIALISMO, SE AUSENTABA SIN AVISARNOS, sino tambi\u00e9n afuera, absteni\u00e9ndose de\u00a0 <\/em><em>participar en una elecci\u00f3n tan importante, como la de 2019, donde ni siquiera fiscaliz\u00f3.<\/em><\/p>\n<p><em>Desde 2018 que no concurre a NINGUNA SESI\u00d3N, en la que se traten temas sensibles para el oficialismo <\/em><em>(presupuesto, rendici\u00f3n de cuentas, aumento de tasas, etc). Restar un voto opositor FALTANDO A LAS <\/em><em>SESIONES, es lo mismo en los hechos que votarle a favor, pero escondiendo la mano.<\/em><\/p>\n<p><em>El 12\/12\/2019, en al acto de asunci\u00f3n del intendente y de la elecci\u00f3n de las autoridades del Concejo <\/em><em>Deliberante, NOS DESAYUNAMOS QUE LA CONCEJAL (sin avisar o consultar con su bloque) HAB\u00cdA NEGOCIADO UN <\/em><em>ACUERDO CON EL OFICIALISMO Y EL FRENTE DE TODOS, PARA APOYAR CON SU VOTO A QUIEN ELLOS PROPON\u00cdAN COMO <\/em><em>PRESIDENTE, A CAMBIO DE UN CARGO EN EL CONCEJO (vicepresidencia 2\u00aa). Fue para todos una TRISTE <\/em><em>SORPRESA. No s\u00f3lo por lo que implicaba hacer p\u00fablico su salida de Cambiemos y llegada al Frente de <\/em><em>Todos, sino por la forma. Hasta el momento de levantar la mano, nadie sab\u00eda lo que ya hab\u00eda acordado.<\/em><\/p>\n<p><em>Al conformar los bloques decidimos todos los miembros de Cambiemos y Juntos por el Cambio, que no <\/em><em>pod\u00edamos mantener en nuestro bloque a alguien que, PUBLICAMENTE hab\u00eda demostrado trabajar para el <\/em><em>oficialismo y que hab\u00eda llegado a un ACUERDO cuyos t\u00e9rminos a\u00fan desconocemos. Decidimos, que no pod\u00eda <\/em><em>continuar en nuestro bloque, y por tal motivo fue EXPULSADA. No podemos mantener en el bloque de <\/em><em>Cambiemos, a alguien que se identifica y trabaja PUBLICAMENTE para Defensa Comunal y el Frente de <\/em><em>Todos.<\/em><\/p>\n<p><em>No \u00edbamos a ser parte de una mentira. Si para muchos de nosotros ver una concejal (que accedi\u00f3 a su <\/em><em>cargo mediante la lista de Cambiemos), pasarse a las filas del oficialismo y al Frente de Todos, <\/em><em>demostraba una lamentable falta de \u00e9tica y moral, lo de la sesi\u00f3n del martes (10-3-20) cruz\u00f3 cualquier <\/em><em>tipo de l\u00edmite. La concejal Aguilar present\u00f3 una nota, donde denuncia que VIOLENTAMENTE LE EXIG\u00cd QUE <\/em><em>RENUNCIARA. Al pedir la palabra para explicar su nota, ante la sorpresa de todos, SE LIMIT\u00d3 A LEER ALGO <\/em><em>QUE TRAIA ESCRITO, sin querer decir una sola palabra m\u00e1s.<\/em><\/p>\n<p><img loading=\"lazy\" decoding=\"async\" class=\"aligncenter size-full wp-image-4499\" src=\"https:\/\/revistaepocadigital.com.ar\/wp-content\/uploads\/2020\/03\/sancho-candi191.jpg\" alt=\"\" width=\"535\" height=\"329\" srcset=\"https:\/\/revistaepocadigital.com.ar\/wp-content\/uploads\/2020\/03\/sancho-candi191.jpg 535w, https:\/\/revistaepocadigital.com.ar\/wp-content\/uploads\/2020\/03\/sancho-candi191-300x184.jpg 300w, https:\/\/revistaepocadigital.com.ar\/wp-content\/uploads\/2020\/03\/sancho-candi191-356x220.jpg 356w, https:\/\/revistaepocadigital.com.ar\/wp-content\/uploads\/2020\/03\/sancho-candi191-534x329.jpg 534w\" sizes=\"auto, (max-width: 535px) 100vw, 535px\" \/><\/p>\n<p><em>Ante mi pedido de que explicara en qu\u00e9 momento o circunstanciasle ped\u00ed la renuncia, simplemente guard\u00f3 <\/em><em>silencio. NO TIENE FORMA DE EXPLICAR ALGO QUE NUNCA OCURRI\u00d3. Es lamentable ver una concejal MENTIR, <\/em><em>hacerlo en el recinto es todav\u00eda m\u00e1s grave, y que intente INVENTAR una situaci\u00f3n de violencia de <\/em><em>g\u00e9nero, en un pa\u00eds donde en poco m\u00e1s de dos meses sufrimos m\u00e1s de 65 femicidios, evidencia una <\/em><em>lamentable relativizaci\u00f3n de un problema que es sumamente real y profundo.<\/em><\/p>\n<p><em>MI ULTIMO MENSAJE HACIA LA CONCEJAL AGUILAR, FUE CUANDO LA INVIT\u00c9 AL BAUTISMO DE MI HIJO cuando le ped\u00ed <\/em><em>una reuni\u00f3n del bloque que nunca contest\u00f3 (seguramente ya ten\u00eda su acuerdo cerrado). No ha habido entre <\/em><em>ella y yo, ni personal, ni telef\u00f3nicamente, ni por ning\u00fan tipo de mensaje otro contacto o charla<\/em><em>posterior a eso.-<\/em><\/p>\n<p><em>Despu\u00e9s de lo ocurrido el d\u00eda de la asunci\u00f3n de autoridades, era muy dif\u00edcil pensar que decirle, todos <\/em><em>nos sentimos DEFRAUDADOS Y TRAICIONADOS luego de la confianza que depositamos en ella. NUNCA LE PEDI NI <\/em><em>DE BUEN NI DE MAL MODO QUE RENUNCIARA, y su silencio al momento de pedirle precisiones sobre c\u00f3mo <\/em><em>ocurri\u00f3 lo que denuncia, puso en evidencia que no es m\u00e1s que una mentira, parte de una operaci\u00f3n <\/em><em>pol\u00edtica, mediante la cual pretende JUSTIFICAR QUE SE CAMBI\u00d3 DE BANDO por conveniencia.<\/em><\/p>\n<p><em>Pese a la expulsi\u00f3n del bloque y al comentario de much\u00edsimos vecinos que, como nosotros, SE SINTIERON <\/em><em>DEFRAUDADOS POR LA ACTITUD DE LA CONCEJAL AGUILAR, evit\u00e9 opinar p\u00fablicamente sobre el tema. No porque <\/em><em>no tenga una posici\u00f3n tomada, sino porque realmente esperaba de su parte un gesto de HONESTIDAD que <\/em><em>nunca lleg\u00f3. Es dif\u00edcil explicar a quienes han confiado en nosotros, que UNA PERSONA SIN INTEGRIDAD LE <\/em><em>ROB\u00d3 A LOS VECINOS QUE CREEMOS QUE EN EXALTACI\u00d3N DEBE HABER UN CAMBIO, UNA BANCA EN EL CONCEJO <\/em><em>DELIBERANTE.<\/em><\/p>\n<p><em>Creo PROFUNDAMENTE que si alguien que es electo concejal por un espacio y DEJA DE IDENTIFICARSE CON \u00c9L <\/em><em>o simplemente, le resulta m\u00e1s conveniente trabajar para el oficialismo LO QUE CORRESPONDE, ETICA Y <\/em><em>MORALMENTE ES RENUNCIAR. La banca no nos pertenece de manera PERSONAL. No son un cheque en blanco para <\/em><em>hacer con la banca lo que nos resulte personalmente conveniente.<\/em><\/p>\n<p><em>LAS BANCAS EN EL CONCEJO SON DE LOS VECINOS que nos elijen, porque CONF\u00cdAN en lo que nosotros decimos <\/em><em>representar. Que una concejal que dijo ser OPOSICI\u00d3N, y que ingres\u00f3 al concejo por CAMBIEMOS, NEGOCIE <\/em><em>SU BANCA Y SU VOTO CON EL OFICIALISMO como si nada, ATENTA CONTRA LA DEMOCRACIA.<\/em><\/p>\n<p><em>En 2017 Cambiemos logr\u00f3 tres bancas tras ganar la elecci\u00f3n. Que una de esas bancas pase a quien perdi\u00f3 <\/em><em>la eleccion altera el resultado, como si -por la decisi\u00f3n de una persona- hubi\u00e9ramos perdido. La <\/em><em>concejal Aguilar ocupa una banca en representaci\u00f3n de vecinos que creen que Exaltaci\u00f3n, NECESITA UN <\/em><em>CAMBIO. Tomar esa banca como propia y regal\u00e1rsela al oficialismo, hace que LA INTEGRACI\u00d3N DEL CONCEJO <\/em><em>YA NO REFLEJE EL RESULTADO DE LAS ELECCIONES.<\/em><\/p>\n<p><em>Desconozco QUE TIPO DE ACUERDO REALIZ\u00d3 LA CONCEJAL AGUILAR PARA HACER LO QUE HIZO. Desconozco que la <\/em><em>llev\u00f3 a MENTIR y difamar, diciendo que le ped\u00ed que renunciara, cuando nunca lo hice. Pero no puedo ser <\/em><em>ingenuo. LO QUE PAS\u00d3 EL MARTES (aludi\u00f3 a la \u00faltima sesi\u00f3n del HCD) ESTABA PREPARADO.<\/em><\/p>\n<p><em>La concejal no solo llevaba escrito lo que ten\u00eda que decir, sino que LA NOTA QUE PRESENT\u00d3 CON SU FALSA <\/em><em>ACUSACI\u00d3N, UNA HORA ANTES DE SER TRATADA EN EL CONCEJO DELIBERANTE, YA HAB\u00cdA SIDO PUBLICADA EN LAS <\/em><em>REDES POR PERSONAL DE PRENSA MUNICIPAL. Antes de terminar la sesi\u00f3n, personal de PRENSA MUNICIPAL (que\u00a0 <\/em><em>no estaba presente en la sesi\u00f3n), ya hab\u00eda subido el video de lo que la concejal ley\u00f3 y obviamente NO<\/em><em>SUBIERON EL MOMENTO EN QUE GUARDA SILENCIO ANTE EL PEDIDO DE\u00a0 EXPLICACIONES.<\/em><\/p>\n<p><em>Luego de eso el canal de cable local cuyo director es el propio responsable de la prensa municipal, ya <\/em><em>realiz\u00f3 una nota para asegurarse que salga por televisi\u00f3n. La falta de explicaciones en el \u00e1mbito del <\/em><em>Concejo Deliberante por parte de la concejal, no me deja otro camino m\u00e1s que ACUDIR A LA JUSTICIA, <\/em><em>donde deber\u00e1 probar lo que dice. Es f\u00e1cil difamar y mentir, pero tambi\u00e9n tiene consecuencias y cuando<\/em><em>uno ocupa una banca representando vecinos debe ser a\u00fan m\u00e1s responsable.<\/em><\/p>\n<p><em>Es realmente lamentable la FALTA DE MORAL de quien hemos elegido como representante, y la rapidez con <\/em><em>que algunos referentes se ACOMODAN CONFORME CAMBIAN LOS VIENTOS POLITICOS. Es vergonzoso que all\u00ed donde <\/em><em>deber\u00eda haber CONVICCIONES, se obre por CONVIENCIA PERSONAL. Y es a\u00fan m\u00e1s grave que para evitar tener <\/em><em>que EXPLICARLE A LOS VECINOS EL CAMBIO DE VEREDA, lejos de asumir la responsabilidad de la propia <\/em><em>decisi\u00f3n, se INVENTE UNA SITUACI\u00d3N QUE NUNCA EXISTI\u00d3 difamando a otros.<\/em><\/p>\n<p><em>La banca de la concejal Aguilar PERTENECE A LOS VECINOS, y creemos que deber\u00eda devolverla. Claramente <\/em><em>su accionar se encuentra alejado de todo lo que creemoses HONORABLE, y DEFRAUDA LA ELECCI\u00d3N DE M\u00c1S DE <\/em><em>10.000 VECINOS QUE NOS ACOMPA\u00d1ARON CON SU VOTO CONFIANDO EN LA NECESIDAD DE UN CAMBIO por el que <\/em><em>seguiremos trabajando, aun a pesar de sufrir estas cosas.<\/em><\/p>\n<p><em>Que la CONCEJAL d\u00e9 ante los vecinos las explicaciones de sus decisiones, de lo que ha votado en estos<\/em><em>dos a\u00f1os, de sus ausencias sin aviso en votaciones clave, de su v\u00ednculo con el oficialismo y que <\/em><em>EXPLIQUE LOS TERMINOS DEL ACUERDO POR EL QUE OBTUVO UN CARGO EN EL CONCEJO en contra de su propio <\/em><em>bloque. NOSOTROS SEGUIMOS POR LA MISMA SENDA, NO NOS VENDEMOS, no cedemos ante la billetera ni la <\/em><em>presi\u00f3n de nadie, no nos cambiamos de vereda.<\/em><\/p>\n<p><em>Hacemos y decimos \u2013con aciertos y errores- aquello en lo que CREEMOS CON PROFUNDA CONVICCI\u00d3N, y eso no <\/em><em>lo cambia el resultado adverso de una elecci\u00f3n. Esa es la forma en la que hace ya casi ocho a\u00f1os <\/em><em>entendemos la pol\u00edtica. Lamento que con todas las cosas que tenemos que hacer desde el concejo, estemos <\/em><em>ocupando el tiempo en estas cosas, pero e<\/em>s importante tambi\u00e9n que se sepa la VERDAD.<\/p>\n","protected":false},"excerpt":{"rendered":"<p>A LA FIRME POSTURA DE LA CONCEJAL AGUILAR (VER NOTA ANTERIOR).<\/p>\n","protected":false},"author":4,"featured_media":4498,"comment_status":"open","ping_status":"open","sticky":false,"template":"","format":"standard","meta":{"footnotes":"","jetpack_publicize_message":"","jetpack_publicize_feature_enabled":true,"jetpack_social_post_already_shared":false,"jetpack_social_options":{"image_generator_settings":{"template":"highway","default_image_id":0,"font":"","enabled":false},"version":2}},"categories":[17],"tags":[630,629,179,256],"class_list":["post-4495","post","type-post","status-publish","format-standard","has-post-thumbnail","hentry","category-politica","tag-aguilar","tag-polemica-bloque-cambiemos","tag-politica","tag-sancho"],"jetpack_publicize_connections":[],"jetpack_featured_media_url":"https:\/\/revistaepocadigital.com.ar\/wp-content\/uploads\/2020\/03\/san-hcd1.jpg","jetpack_likes_enabled":true,"_links":{"self":[{"href":"https:\/\/revistaepocadigital.com.ar\/index.php?rest_route=\/wp\/v2\/posts\/4495","targetHints":{"allow":["GET"]}}],"collection":[{"href":"https:\/\/revistaepocadigital.com.ar\/index.php?rest_route=\/wp\/v2\/posts"}],"about":[{"href":"https:\/\/revistaepocadigital.com.ar\/index.php?rest_route=\/wp\/v2\/types\/post"}],"author":[{"embeddable":true,"href":"https:\/\/revistaepocadigital.com.ar\/index.php?rest_route=\/wp\/v2\/users\/4"}],"replies":[{"embeddable":true,"href":"https:\/\/revistaepocadigital.com.ar\/index.php?rest_route=%2Fwp%2Fv2%2Fcomments&post=4495"}],"version-history":[{"count":0,"href":"https:\/\/revistaepocadigital.com.ar\/index.php?rest_route=\/wp\/v2\/posts\/4495\/revisions"}],"wp:featuredmedia":[{"embeddable":true,"href":"https:\/\/revistaepocadigital.com.ar\/index.php?rest_route=\/wp\/v2\/media\/4498"}],"wp:attachment":[{"href":"https:\/\/revistaepocadigital.com.ar\/index.php?rest_route=%2Fwp%2Fv2%2Fmedia&parent=4495"}],"wp:term":[{"taxonomy":"category","embeddable":true,"href":"https:\/\/revistaepocadigital.com.ar\/index.php?rest_route=%2Fwp%2Fv2%2Fcategories&post=4495"},{"taxonomy":"post_tag","embeddable":true,"href":"https:\/\/revistaepocadigital.com.ar\/index.php?rest_route=%2Fwp%2Fv2%2Ftags&post=4495"}],"curies":[{"name":"wp","href":"https:\/\/api.w.org\/{rel}","templated":true}]}}