{"id":4501,"date":"2020-03-12T23:31:01","date_gmt":"2020-03-13T02:31:01","guid":{"rendered":"https:\/\/revistaepocadigital.com.ar\/?p=4501"},"modified":"2020-03-12T23:36:33","modified_gmt":"2020-03-13T02:36:33","slug":"relanzan-el-programa-eden-visita-tu-escuela","status":"publish","type":"post","link":"https:\/\/revistaepocadigital.com.ar\/?p=4501","title":{"rendered":"Relanzan el programa &#8220;EDEN visita tu escuela&#8221;"},"content":{"rendered":"<div class=\"msg-body P_wpofO iy_A mq_AS\" data-test-id=\"message-view-body-content\">\n<div class=\"jb_0 X_6MGW N_6Fd5\">\n<div>\n<div id=\"yiv6774434712\">\n<div dir=\"ltr\">\n<div><strong>CON EL INICIO DEL CICLO LECTIVO.<!--more--><\/strong><\/div>\n<div><\/div>\n<div>La empresa EDEN, ha relanzado su programa \u201cEDEN visita tu escuela\u201d. Consiste en charlas educativas, destinadas a ni\u00f1os y j\u00f3venes con el objetivo de explicar c\u00f3mo se genera la energ\u00eda el\u00e9ctrica, c\u00f3mo se distribuye a los hogares y en la v\u00eda p\u00fablica, y cu\u00e1l es la tarea de la distribuidora y sus equipos de trabajo en todo el proceso.<\/div>\n<p dir=\"ltr\">En un video protagonizado por el personaje \u201cTito Lamparita\u201d, se explican de manera did\u00e1ctica y sencill, a las complejidades del sistema energ\u00e9tico y se brindan consejos para el uso racional y seguro de la energ\u00eda.<\/p>\n<\/div>\n<\/div>\n<\/div>\n<p dir=\"ltr\"><img loading=\"lazy\" decoding=\"async\" class=\"aligncenter size-full wp-image-4509\" src=\"https:\/\/revistaepocadigital.com.ar\/wp-content\/uploads\/2020\/03\/EDEN-visita-tu-escuela1-1.jpeg\" alt=\"\" width=\"564\" height=\"431\" srcset=\"https:\/\/revistaepocadigital.com.ar\/wp-content\/uploads\/2020\/03\/EDEN-visita-tu-escuela1-1.jpeg 564w, https:\/\/revistaepocadigital.com.ar\/wp-content\/uploads\/2020\/03\/EDEN-visita-tu-escuela1-1-300x229.jpeg 300w, https:\/\/revistaepocadigital.com.ar\/wp-content\/uploads\/2020\/03\/EDEN-visita-tu-escuela1-1-80x60.jpeg 80w, https:\/\/revistaepocadigital.com.ar\/wp-content\/uploads\/2020\/03\/EDEN-visita-tu-escuela1-1-550x420.jpeg 550w\" sizes=\"auto, (max-width: 564px) 100vw, 564px\" \/><\/p>\n<div>\n<div id=\"yiv6774434712\">\n<div dir=\"ltr\">\n<p dir=\"ltr\"><em>\u201cOfrecemos la posibilidad de que las escuelas se inscriban con el deseo y el compromiso de aportar al crecimiento de las comunidades. Concientizaci\u00f3n y sustentabilidad son dos conceptos fundamentales relacionados con el consumo energ\u00e9tico. Los ni\u00f1os y los j\u00f3venes de hoy son los mejores portadores de este mensaje\u201d<\/em>, expres\u00f3 Diana Hulten, Gerente de Recursos Humanos y Relaciones Institucionales de EDEN.<\/p>\n<p dir=\"ltr\">Para concretar la visita a una escuela, s\u00f3lo es preciso completar un formulario online por parte de las autoridades, o cualquier miembro de la comunidad escolar.<\/p>\n<p>Para m\u00e1s informaci\u00f3n y para acceder al formulario online ingresar a: <a href=\"https:\/\/www.edensa.com.ar\/comunidad\/eden-visita-tu-escuela\/\" target=\"_blank\" rel=\"nofollow noopener noreferrer\">https:\/\/www.edensa.com.ar\/comunidad\/eden-visita-tu-escuela\/<\/a>\u00a0<span id=\"yiv6774434712m_5251649838058885703gmail-docs-internal-guid-026d6c3d-7fff-77fb-0944-c6f07a5ea7c3\"><br \/>\nAnte cualquier consulta, escribir a: <a href=\"mailto:edenvisitatuescuela@edensa.com.ar\" target=\"_blank\" rel=\"nofollow noopener noreferrer\">edenvisitatuescuela@edensa.com.ar<\/a><\/span><\/p>\n<\/div>\n<\/div>\n<\/div>\n<\/div>\n<\/div>\n","protected":false},"excerpt":{"rendered":"<p>CON EL INICIO DEL CICLO LECTIVO.<\/p>\n","protected":false},"author":3,"featured_media":4503,"comment_status":"open","ping_status":"open","sticky":false,"template":"","format":"standard","meta":{"footnotes":"","jetpack_publicize_message":"","jetpack_publicize_feature_enabled":true,"jetpack_social_post_already_shared":false,"jetpack_social_options":{"image_generator_settings":{"template":"highway","default_image_id":0,"font":"","enabled":false},"version":2}},"categories":[6],"tags":[37,39,631],"class_list":["post-4501","post","type-post","status-publish","format-standard","has-post-thumbnail","hentry","category-barrios","tag-destacada","tag-eden","tag-programa-en-escuelas"],"jetpack_publicize_connections":[],"jetpack_featured_media_url":"https:\/\/revistaepocadigital.com.ar\/wp-content\/uploads\/2020\/03\/EDEN-visita-tu-Escuela-2.jpeg","jetpack_likes_enabled":true,"_links":{"self":[{"href":"https:\/\/revistaepocadigital.com.ar\/index.php?rest_route=\/wp\/v2\/posts\/4501","targetHints":{"allow":["GET"]}}],"collection":[{"href":"https:\/\/revistaepocadigital.com.ar\/index.php?rest_route=\/wp\/v2\/posts"}],"about":[{"href":"https:\/\/revistaepocadigital.com.ar\/index.php?rest_route=\/wp\/v2\/types\/post"}],"author":[{"embeddable":true,"href":"https:\/\/revistaepocadigital.com.ar\/index.php?rest_route=\/wp\/v2\/users\/3"}],"replies":[{"embeddable":true,"href":"https:\/\/revistaepocadigital.com.ar\/index.php?rest_route=%2Fwp%2Fv2%2Fcomments&post=4501"}],"version-history":[{"count":0,"href":"https:\/\/revistaepocadigital.com.ar\/index.php?rest_route=\/wp\/v2\/posts\/4501\/revisions"}],"wp:featuredmedia":[{"embeddable":true,"href":"https:\/\/revistaepocadigital.com.ar\/index.php?rest_route=\/wp\/v2\/media\/4503"}],"wp:attachment":[{"href":"https:\/\/revistaepocadigital.com.ar\/index.php?rest_route=%2Fwp%2Fv2%2Fmedia&parent=4501"}],"wp:term":[{"taxonomy":"category","embeddable":true,"href":"https:\/\/revistaepocadigital.com.ar\/index.php?rest_route=%2Fwp%2Fv2%2Fcategories&post=4501"},{"taxonomy":"post_tag","embeddable":true,"href":"https:\/\/revistaepocadigital.com.ar\/index.php?rest_route=%2Fwp%2Fv2%2Ftags&post=4501"}],"curies":[{"name":"wp","href":"https:\/\/api.w.org\/{rel}","templated":true}]}}