{"id":4530,"date":"2020-03-15T21:33:01","date_gmt":"2020-03-16T00:33:01","guid":{"rendered":"https:\/\/revistaepocadigital.com.ar\/?p=4530"},"modified":"2020-03-15T21:33:01","modified_gmt":"2020-03-16T00:33:01","slug":"por-el-coronavirus-medidas-del-gobierno-suspendieron-las-clases-hasta-el-31-de-marzo","status":"publish","type":"post","link":"https:\/\/revistaepocadigital.com.ar\/?p=4530","title":{"rendered":"POR EL CORONAVIRUS, MEDIDAS DEL GOBIERNO.  SUSPENDIERON LAS CLASES HASTA EL 31 DE MARZO."},"content":{"rendered":"<p><strong>LUEGO DE PROLONGADAS REUNIONES&#8230;<\/strong><!--more--><\/p>\n<p>con ministros y especialistas, a las que se sumaron el jefe de gobierno de la ciudad de Buenos Aires, Rodr\u00edguez Larreta y el gobernador de la provincia de Buenos Aires, Kicillof, el <strong>presidente Alberto Fern\u00e1ndez<\/strong> anunci\u00f3 una serie de medidas de urgencia para combatir lapandemia del coronavirus que tambi\u00e9n aqueja a La Argentina. Lo anunci\u00f3 en conferencia de prensa junto a Larreta y Kicillof, en un hecho pol\u00edtico impensado hasta hace muy poco tiempo.<\/p>\n<p>&nbsp;<\/p>\n<p>Esto fue lo resuelto:<\/p>\n<p><strong>. Suspensi\u00f3n de las clases hasta el 31 de marzo en nivel inicial, primario y secundario. Las escuelas van a estar abiertas atendiendo otras obligaciones colaterales, que tienen que ver con el alimento de muchos chicos. Con &#8220;la colaboraci\u00f3n que los maestros puedan dar a sus alumnos que lo necesiten&#8221;. Los alumnos no tienen clases por 14 d\u00edas.<\/strong><br \/>\n<strong>\u200b<\/strong><br \/>\n<strong>. Licenciamiento de todos los mayores de 65 a\u00f1os que es la edad de mayor riesgo. Que esas personas se queden en sus casas, y se les asignar\u00e1 horarios de atenci\u00f3n espec\u00edfica para estos mayores en bancos, centros de salud o lo que puedan necesitar a modo que no atraviesenmomentos de aglomeraciones de gente.<\/strong><\/p>\n<p><strong>. Cierre de las fronteras del pa\u00eds durante 15 d\u00edas, nadie puede ingresar a la Argentina. Salvo los argentinos nativos o extranjeros residentes en la Argentina. El cierre no es restrictivo para quienes deseen salir del pa\u00eds, solo para los que ingresan.<\/strong><\/p>\n<p><strong>. Cierre de todos los parques nacionales del pa\u00eds.<\/strong><\/p>\n<p><strong>. No se van a desarrollar ning\u00fan tipo de espect\u00e1culos, teatros, cines, deportivos o musicales que &#8220;signifiquen un n\u00famero importante de gente que se nuclee en ese encuentro&#8221;.<\/strong><\/p>\n<p><strong>. Los argentinos varados en pa\u00edses de riesgo, van a ser tra\u00eddos a la Argentina.<\/strong><\/p>\n<p><strong>. El f\u00fatbol se puede jugar a puertas cerradas, postura que dio pie a la AFA a continuar con los torneos a excepci\u00f3n de los juveniles y menores.<\/strong><\/p>\n<p><strong>. Este lunes se reun\u00eda el Gabinete Econ\u00f3mico y Social y se evaluaba la disminuci\u00f3n del tr\u00e1nsito en el \u00e1rea metropolitana de la ciudad de Buenos Aires. Los que puedan hacer trabajo a distancia que lo hagan.<\/strong><\/p>\n","protected":false},"excerpt":{"rendered":"<p>LUEGO DE PROLONGADAS REUNIONES&#8230;<\/p>\n","protected":false},"author":3,"featured_media":4533,"comment_status":"open","ping_status":"open","sticky":false,"template":"","format":"standard","meta":{"footnotes":"","jetpack_publicize_message":"","jetpack_publicize_feature_enabled":true,"jetpack_social_post_already_shared":false,"jetpack_social_options":{"image_generator_settings":{"template":"highway","default_image_id":0,"font":"","enabled":false},"version":2}},"categories":[17],"tags":[569,37,470],"class_list":["post-4530","post","type-post","status-publish","format-standard","has-post-thumbnail","hentry","category-politica","tag-coronavirus","tag-destacada","tag-medidas"],"jetpack_publicize_connections":[],"jetpack_featured_media_url":"https:\/\/revistaepocadigital.com.ar\/wp-content\/uploads\/2020\/03\/fernan-larre-kici20.jpg","jetpack_likes_enabled":true,"_links":{"self":[{"href":"https:\/\/revistaepocadigital.com.ar\/index.php?rest_route=\/wp\/v2\/posts\/4530","targetHints":{"allow":["GET"]}}],"collection":[{"href":"https:\/\/revistaepocadigital.com.ar\/index.php?rest_route=\/wp\/v2\/posts"}],"about":[{"href":"https:\/\/revistaepocadigital.com.ar\/index.php?rest_route=\/wp\/v2\/types\/post"}],"author":[{"embeddable":true,"href":"https:\/\/revistaepocadigital.com.ar\/index.php?rest_route=\/wp\/v2\/users\/3"}],"replies":[{"embeddable":true,"href":"https:\/\/revistaepocadigital.com.ar\/index.php?rest_route=%2Fwp%2Fv2%2Fcomments&post=4530"}],"version-history":[{"count":0,"href":"https:\/\/revistaepocadigital.com.ar\/index.php?rest_route=\/wp\/v2\/posts\/4530\/revisions"}],"wp:featuredmedia":[{"embeddable":true,"href":"https:\/\/revistaepocadigital.com.ar\/index.php?rest_route=\/wp\/v2\/media\/4533"}],"wp:attachment":[{"href":"https:\/\/revistaepocadigital.com.ar\/index.php?rest_route=%2Fwp%2Fv2%2Fmedia&parent=4530"}],"wp:term":[{"taxonomy":"category","embeddable":true,"href":"https:\/\/revistaepocadigital.com.ar\/index.php?rest_route=%2Fwp%2Fv2%2Fcategories&post=4530"},{"taxonomy":"post_tag","embeddable":true,"href":"https:\/\/revistaepocadigital.com.ar\/index.php?rest_route=%2Fwp%2Fv2%2Ftags&post=4530"}],"curies":[{"name":"wp","href":"https:\/\/api.w.org\/{rel}","templated":true}]}}