{"id":4614,"date":"2020-03-21T15:43:17","date_gmt":"2020-03-21T18:43:17","guid":{"rendered":"https:\/\/revistaepocadigital.com.ar\/?p=4614"},"modified":"2020-03-21T15:43:17","modified_gmt":"2020-03-21T18:43:17","slug":"amadeo-carrizo-adios-a-un-verdadero-grande","status":"publish","type":"post","link":"https:\/\/revistaepocadigital.com.ar\/?p=4614","title":{"rendered":"Amadeo Carrizo, adi\u00f3s a un verdadero grande"},"content":{"rendered":"<div class=\"css-1dbjc4n r-aqfbo4 r-16y2uox\">\n<div class=\"css-1dbjc4n r-1oszu61 r-1niwhzg r-18u37iz r-16y2uox r-1wtj0ep r-2llsf r-13qz1uu\">\n<div class=\"css-1dbjc4n r-14lw9ot r-1tlfku8 r-1ljd8xs r-13l2t4g r-1phboty r-1jgb5lz r-11wrixw r-61z16t r-1ye8kvj r-13qz1uu r-184en5c\" data-testid=\"primaryColumn\">\n<div class=\"css-1dbjc4n\">\n<div class=\"css-1dbjc4n r-aqfbo4 r-14lw9ot r-my5ep6 r-rull8r r-qklmqi r-gtdqiz r-ipm5af r-1g40b8q\">\n<div class=\"css-1dbjc4n r-14lw9ot r-1loqt21 r-136ojw6\">\n<div class=\"css-1dbjc4n r-1h3ijdo r-136ojw6\">\n<div class=\"css-1dbjc4n\">\n<div class=\"css-1dbjc4n r-14lw9ot r-1h3ijdo r-1j3t67a\">\n<div class=\"css-1dbjc4n r-1awozwy r-18u37iz r-1h3ijdo r-1777fci r-1jgb5lz r-sb58tz r-13qz1uu\"><\/div>\n<\/div>\n<\/div>\n<\/div>\n<\/div>\n<\/div>\n<\/div>\n<\/div>\n<\/div>\n<\/div>\n<div class=\"css-1dbjc4n\">\n<div class=\"css-1dbjc4n\">\n<section class=\"css-1dbjc4n\" role=\"region\" aria-labelledby=\"accessible-list-8\">\n<div class=\"css-1dbjc4n\" aria-label=\"Cronolog\u00eda: Conversaci\u00f3n\">\n<div>\n<div>\n<div>\n<div class=\"css-1dbjc4n r-my5ep6 r-qklmqi r-1adg3ll\">\n<article class=\"css-1dbjc4n r-1udh08x\" tabindex=\"0\" role=\"article\" aria-haspopup=\"false\" data-focusable=\"true\">\n<div class=\"css-1dbjc4n\">\n<div class=\"css-1dbjc4n r-1j3t67a\">\n<div class=\"css-1dbjc4n r-18u37iz r-thb0q2\">\n<div class=\"css-1dbjc4n r-1iusvr4 r-16y2uox r-5f2r5o r-m611by\">\n<div class=\"css-1dbjc4n r-l4nmg1\">\n<div class=\"css-1dbjc4n r-18u37iz r-thb0q2\">\n<p><strong>EL INVENTOR DEL ARCO.<!--more--><\/strong><\/p>\n<p>La estatura deportiva de <strong>Amadeo Ra\u00fal Carrizo,<\/strong> supera el \u00e1mbito de <strong>River<\/strong> y del f\u00fatbol. Fue un grande y un \u00eddolo de deporte argentino, que lamenta su fallecimiento a los <strong>93 a\u00f1os.<\/strong> Casualmente la misma fecha (20-3-20), aunque 30 a\u00f1os despu\u00e9s, de\u00a0 la desaparici\u00f3n del <strong>Lev Yashin<\/strong>, el ruso con el que para muchos, Carrizo comparte el escal\u00f3n m\u00e1s alto en el podio de los arqueros de <strong>todos los tiempos .<\/strong><\/p>\n<div class=\"td-a-rec td-a-rec-id-content_inline  td-rec-hide-on-tp td-rec-hide-on-p td_uid_3_5e765ebfd488c_rand td_block_template_1\">\n<div class=\"td-visible-desktop\"><a href=\"https:\/\/www.speedagro.com.ar\/\"><img decoding=\"async\" class=\"td-animation-stack-type0-2\" src=\"http:\/\/visionauto.com.ar\/wp-content\/uploads\/2018\/06\/speedagro468x69.jpg\" alt=\"SpeedAgro\" \/><\/a><img loading=\"lazy\" decoding=\"async\" class=\"aligncenter size-full wp-image-4632\" src=\"https:\/\/revistaepocadigital.com.ar\/wp-content\/uploads\/2020\/03\/carri-soyblakpitt.jpg\" alt=\"\" width=\"578\" height=\"900\" srcset=\"https:\/\/revistaepocadigital.com.ar\/wp-content\/uploads\/2020\/03\/carri-soyblakpitt.jpg 578w, https:\/\/revistaepocadigital.com.ar\/wp-content\/uploads\/2020\/03\/carri-soyblakpitt-193x300.jpg 193w, https:\/\/revistaepocadigital.com.ar\/wp-content\/uploads\/2020\/03\/carri-soyblakpitt-270x420.jpg 270w, https:\/\/revistaepocadigital.com.ar\/wp-content\/uploads\/2020\/03\/carri-soyblakpitt-539x840.jpg 539w\" sizes=\"auto, (max-width: 578px) 100vw, 578px\" \/><strong>Amadeo, simplemente Amadeo como se lo conoc\u00eda, fue un adelantado y un maestro en el dif\u00edcil e ingrato puesto de arquero.<\/strong> Y ese mirar hacia adelante m\u00e1s all\u00e1 de lo habitual lo hizo en <strong>1970<\/strong>, una vez culminada su extensa campa\u00f1a deportiva en las canchas, probar las sensaciones sobre un auto de carreras, algo que no era com\u00fan en la \u00e9poca.<\/p>\n<p>Foto gentileza @soyblacpitt<\/p>\n<\/div>\n<\/div>\n<\/div>\n<\/div>\n<\/div>\n<\/div>\n<\/div>\n<\/div>\n<\/article>\n<\/div>\n<\/div>\n<\/div>\n<\/div>\n<\/div>\n<\/section>\n<\/div>\n<\/div>\n","protected":false},"excerpt":{"rendered":"<p>EL INVENTOR DEL ARCO.<\/p>\n","protected":false},"author":4,"featured_media":4631,"comment_status":"open","ping_status":"open","sticky":false,"template":"","format":"standard","meta":{"footnotes":"","jetpack_publicize_message":"","jetpack_publicize_feature_enabled":true,"jetpack_social_post_already_shared":false,"jetpack_social_options":{"image_generator_settings":{"template":"highway","default_image_id":0,"font":"","enabled":false},"version":2}},"categories":[9],"tags":[644,405],"class_list":["post-4614","post","type-post","status-publish","format-standard","has-post-thumbnail","hentry","category-deportes","tag-amadeo-carrizo","tag-fallecimiento"],"jetpack_publicize_connections":[],"jetpack_featured_media_url":"https:\/\/revistaepocadigital.com.ar\/wp-content\/uploads\/2020\/03\/carri-soyblakpitt-1.jpg","jetpack_likes_enabled":true,"_links":{"self":[{"href":"https:\/\/revistaepocadigital.com.ar\/index.php?rest_route=\/wp\/v2\/posts\/4614","targetHints":{"allow":["GET"]}}],"collection":[{"href":"https:\/\/revistaepocadigital.com.ar\/index.php?rest_route=\/wp\/v2\/posts"}],"about":[{"href":"https:\/\/revistaepocadigital.com.ar\/index.php?rest_route=\/wp\/v2\/types\/post"}],"author":[{"embeddable":true,"href":"https:\/\/revistaepocadigital.com.ar\/index.php?rest_route=\/wp\/v2\/users\/4"}],"replies":[{"embeddable":true,"href":"https:\/\/revistaepocadigital.com.ar\/index.php?rest_route=%2Fwp%2Fv2%2Fcomments&post=4614"}],"version-history":[{"count":0,"href":"https:\/\/revistaepocadigital.com.ar\/index.php?rest_route=\/wp\/v2\/posts\/4614\/revisions"}],"wp:featuredmedia":[{"embeddable":true,"href":"https:\/\/revistaepocadigital.com.ar\/index.php?rest_route=\/wp\/v2\/media\/4631"}],"wp:attachment":[{"href":"https:\/\/revistaepocadigital.com.ar\/index.php?rest_route=%2Fwp%2Fv2%2Fmedia&parent=4614"}],"wp:term":[{"taxonomy":"category","embeddable":true,"href":"https:\/\/revistaepocadigital.com.ar\/index.php?rest_route=%2Fwp%2Fv2%2Fcategories&post=4614"},{"taxonomy":"post_tag","embeddable":true,"href":"https:\/\/revistaepocadigital.com.ar\/index.php?rest_route=%2Fwp%2Fv2%2Ftags&post=4614"}],"curies":[{"name":"wp","href":"https:\/\/api.w.org\/{rel}","templated":true}]}}