{"id":4622,"date":"2020-03-21T15:27:09","date_gmt":"2020-03-21T18:27:09","guid":{"rendered":"https:\/\/revistaepocadigital.com.ar\/?p=4622"},"modified":"2020-03-21T16:08:53","modified_gmt":"2020-03-21T19:08:53","slug":"exaltacion-de-la-cruz-eximen-y-reducem-pagos-de-tasas","status":"publish","type":"post","link":"https:\/\/revistaepocadigital.com.ar\/?p=4622","title":{"rendered":"Exaltaci\u00f3n de la Cruz. Eximen y reducen pagos de tasas"},"content":{"rendered":"<p><strong>MEDIDAS APUNTADAS A COMERCIOS E INDUSTRIAS DEL DISTRITO.<\/strong><br \/>\n<!--more--><\/p>\n<p>El intendente Diego Nanni firm\u00f3 el decreto n\u00b0 196\/2020, que ha establecido lo siguiente, ante grave situaci\u00f3n general por las razones que son de dominio p\u00fablico.<\/p>\n<p>Se exime el pago de tasas de seguridad e higiene a los comerciantes de Exaltaci\u00f3n de la Cruz, para las cuotas 2\u00b0 y 3\u00b0 del corriente a\u00f1o. Adem\u00e1s, para la cuota 4\u00b0, 5\u00b0 y 6\u00b0, tendr\u00e1n una baja en la al\u00edcuota que pasar\u00e1 del 8\/1000 (ocho por mil) al 6\/1000 (seis por mil).<\/p>\n<div class=\"text_exposed_show\">\n<p>&#8211; Reducci\u00f3n en el porcentaje de cobro de la tasa de seguridad e higiene a industrias, que pasar\u00e1 del 8\/1000 (ocho por mil) al 6\/1000 (seis por mil), de la cuota 2\u00b0 a la 6\u00b0 del 2020.<\/p>\n<p>Estas medidas -indicaron desde el municipio- se ha adoptado <em>&#8220;para acompa\u00f1ar a los comercios e industrias locales, que est\u00e1n participando activamente en la prevenci\u00f3n de la pandemia por el coronavirus&#8221;.<\/em><\/p>\n<\/div>\n<p><strong>Ac\u00e1 mir\u00e1 el decreto municipal completo:<\/strong><\/p>\n<p><img loading=\"lazy\" decoding=\"async\" class=\"aligncenter size-full wp-image-4636\" src=\"https:\/\/revistaepocadigital.com.ar\/wp-content\/uploads\/2020\/03\/de1.jpg\" alt=\"\" width=\"720\" height=\"959\" srcset=\"https:\/\/revistaepocadigital.com.ar\/wp-content\/uploads\/2020\/03\/de1.jpg 720w, https:\/\/revistaepocadigital.com.ar\/wp-content\/uploads\/2020\/03\/de1-225x300.jpg 225w, https:\/\/revistaepocadigital.com.ar\/wp-content\/uploads\/2020\/03\/de1-696x927.jpg 696w, https:\/\/revistaepocadigital.com.ar\/wp-content\/uploads\/2020\/03\/de1-315x420.jpg 315w, https:\/\/revistaepocadigital.com.ar\/wp-content\/uploads\/2020\/03\/de1-631x840.jpg 631w\" sizes=\"auto, (max-width: 720px) 100vw, 720px\" \/><\/p>\n<p><img loading=\"lazy\" decoding=\"async\" class=\"aligncenter size-full wp-image-4637\" src=\"https:\/\/revistaepocadigital.com.ar\/wp-content\/uploads\/2020\/03\/de11.jpg\" alt=\"\" width=\"720\" height=\"960\" srcset=\"https:\/\/revistaepocadigital.com.ar\/wp-content\/uploads\/2020\/03\/de11.jpg 720w, https:\/\/revistaepocadigital.com.ar\/wp-content\/uploads\/2020\/03\/de11-225x300.jpg 225w, https:\/\/revistaepocadigital.com.ar\/wp-content\/uploads\/2020\/03\/de11-696x928.jpg 696w, https:\/\/revistaepocadigital.com.ar\/wp-content\/uploads\/2020\/03\/de11-315x420.jpg 315w, https:\/\/revistaepocadigital.com.ar\/wp-content\/uploads\/2020\/03\/de11-630x840.jpg 630w\" sizes=\"auto, (max-width: 720px) 100vw, 720px\" \/><\/p>\n<p>&nbsp;<\/p>\n<p>&nbsp;<\/p>\n<p>&nbsp;<\/p>\n<div class=\"text_exposed_show\">\n<p>Foto portada: gentileza escapadas buenos aires.<\/p>\n<\/div>\n","protected":false},"excerpt":{"rendered":"<p>MEDIDAS APUNTADAS A COMERCIOS E INDUSTRIAS DEL DISTRITO.<\/p>\n","protected":false},"author":3,"featured_media":4625,"comment_status":"open","ping_status":"open","sticky":false,"template":"","format":"standard","meta":{"footnotes":"","jetpack_publicize_message":"","jetpack_publicize_feature_enabled":true,"jetpack_social_post_already_shared":false,"jetpack_social_options":{"image_generator_settings":{"template":"highway","default_image_id":0,"font":"","enabled":false},"version":2}},"categories":[17],"tags":[569,622,643],"class_list":["post-4622","post","type-post","status-publish","format-standard","has-post-thumbnail","hentry","category-politica","tag-coronavirus","tag-decreto","tag-tasas"],"jetpack_publicize_connections":[],"jetpack_featured_media_url":"https:\/\/revistaepocadigital.com.ar\/wp-content\/uploads\/2020\/03\/comercios-capi.-escapadas-buens-aires.jpg","jetpack_likes_enabled":true,"_links":{"self":[{"href":"https:\/\/revistaepocadigital.com.ar\/index.php?rest_route=\/wp\/v2\/posts\/4622","targetHints":{"allow":["GET"]}}],"collection":[{"href":"https:\/\/revistaepocadigital.com.ar\/index.php?rest_route=\/wp\/v2\/posts"}],"about":[{"href":"https:\/\/revistaepocadigital.com.ar\/index.php?rest_route=\/wp\/v2\/types\/post"}],"author":[{"embeddable":true,"href":"https:\/\/revistaepocadigital.com.ar\/index.php?rest_route=\/wp\/v2\/users\/3"}],"replies":[{"embeddable":true,"href":"https:\/\/revistaepocadigital.com.ar\/index.php?rest_route=%2Fwp%2Fv2%2Fcomments&post=4622"}],"version-history":[{"count":0,"href":"https:\/\/revistaepocadigital.com.ar\/index.php?rest_route=\/wp\/v2\/posts\/4622\/revisions"}],"wp:featuredmedia":[{"embeddable":true,"href":"https:\/\/revistaepocadigital.com.ar\/index.php?rest_route=\/wp\/v2\/media\/4625"}],"wp:attachment":[{"href":"https:\/\/revistaepocadigital.com.ar\/index.php?rest_route=%2Fwp%2Fv2%2Fmedia&parent=4622"}],"wp:term":[{"taxonomy":"category","embeddable":true,"href":"https:\/\/revistaepocadigital.com.ar\/index.php?rest_route=%2Fwp%2Fv2%2Fcategories&post=4622"},{"taxonomy":"post_tag","embeddable":true,"href":"https:\/\/revistaepocadigital.com.ar\/index.php?rest_route=%2Fwp%2Fv2%2Ftags&post=4622"}],"curies":[{"name":"wp","href":"https:\/\/api.w.org\/{rel}","templated":true}]}}