{"id":4640,"date":"2020-03-20T19:10:16","date_gmt":"2020-03-20T22:10:16","guid":{"rendered":"https:\/\/revistaepocadigital.com.ar\/?p=4640"},"modified":"2020-03-22T23:34:30","modified_gmt":"2020-03-23T02:34:30","slug":"la-asociacion-civil-jose-manuel-estrada-ante-el-fallecimiento-de-la-senora-elsa-canitano","status":"publish","type":"post","link":"https:\/\/revistaepocadigital.com.ar\/?p=4640","title":{"rendered":"LA ASOCIACION CIVIL JOS\u00c9 MANUEL ESTRADA ANTE EL FALLECIMIENTO DE LA SE\u00d1ORA ELSA CANITANO"},"content":{"rendered":"<div class=\"y_15hheo24np _5eit a_15hhen-ywi clearfix\">\n<div class=\"clearfix t_15hheo23km\">\n<div class=\"clearfix _42ef\">\n<div class=\"i_15hheo23kp\">\n<div>\n<div class=\"_6a _5u5j\">\n<div class=\"_6a _5u5j _6b\">\n<div id=\"feed_subtitle_3124209680956473:9:0\" class=\"_5pcp _5lel _2jyu _232_\" data-testid=\"story-subtitle\"><strong>ASOCIACION CIVIL JOSE MANUEL ESTRADA<\/strong><\/div>\n<\/div>\n<\/div>\n<\/div>\n<\/div>\n<\/div>\n<\/div>\n<\/div>\n<div id=\"js_1ld\" class=\"_5pbx userContent _3576\" data-testid=\"post_message\" data-ft=\"{&quot;tn&quot;:&quot;K&quot;}\">\n<div id=\"id_5e768fcab292a0024534699\" class=\"text_exposed_root text_exposed\">\n<p><strong>Capilla del Se\u00f1or.<!--more--><\/strong><\/p>\n<p>La presidenta de la Asociaci\u00f3n Civil Jos\u00e9 Manuel Estrada, Mar\u00eda del Carmen Jatar, junto al resto de los miembros de la comisi\u00f3n directiva, as\u00ed como tambi\u00e9n docentes, alumnos, y personal administrativo y auxiliar, lamentan profundamente el fallecimiento de la se\u00f1ora Elsa Canitano, quien se desempe\u00f1ara durante muchos a\u00f1os como directora y docente del Instituto Jos\u00e9 Manuel Estrada de Capilla del Se\u00f1or, demostrando su profes<span class=\"text_exposed_show\">ionalismo y vocaci\u00f3n permanente, para trabajar por la mejora constante de la educaci\u00f3n.<\/span><\/p>\n<div class=\"text_exposed_show\">\n<p>As\u00edmismo, acompa\u00f1amos en este momento de dolor, a sus hijos, dem\u00e1s familiares y amigos.<\/p>\n<p>Asociacion Civil Jos\u00e9 Manuel Estrada<\/p>\n<\/div>\n<\/div>\n<\/div>\n<p>&nbsp;<\/p>\n","protected":false},"excerpt":{"rendered":"<p>ASOCIACION CIVIL JOSE MANUEL ESTRADA Capilla del Se\u00f1or.<\/p>\n","protected":false},"author":3,"featured_media":4641,"comment_status":"open","ping_status":"open","sticky":false,"template":"","format":"standard","meta":{"footnotes":"","jetpack_publicize_message":"","jetpack_publicize_feature_enabled":true,"jetpack_social_post_already_shared":false,"jetpack_social_options":{"image_generator_settings":{"template":"highway","default_image_id":0,"font":"","enabled":false},"version":2}},"categories":[13],"tags":[646,405,645],"class_list":["post-4640","post","type-post","status-publish","format-standard","has-post-thumbnail","hentry","category-interes-general","tag-elsa-canitano","tag-fallecimiento","tag-ijme"],"jetpack_publicize_connections":[],"jetpack_featured_media_url":"https:\/\/revistaepocadigital.com.ar\/wp-content\/uploads\/2020\/03\/logo-inst.-estrada.jpg","jetpack_likes_enabled":true,"_links":{"self":[{"href":"https:\/\/revistaepocadigital.com.ar\/index.php?rest_route=\/wp\/v2\/posts\/4640","targetHints":{"allow":["GET"]}}],"collection":[{"href":"https:\/\/revistaepocadigital.com.ar\/index.php?rest_route=\/wp\/v2\/posts"}],"about":[{"href":"https:\/\/revistaepocadigital.com.ar\/index.php?rest_route=\/wp\/v2\/types\/post"}],"author":[{"embeddable":true,"href":"https:\/\/revistaepocadigital.com.ar\/index.php?rest_route=\/wp\/v2\/users\/3"}],"replies":[{"embeddable":true,"href":"https:\/\/revistaepocadigital.com.ar\/index.php?rest_route=%2Fwp%2Fv2%2Fcomments&post=4640"}],"version-history":[{"count":0,"href":"https:\/\/revistaepocadigital.com.ar\/index.php?rest_route=\/wp\/v2\/posts\/4640\/revisions"}],"wp:featuredmedia":[{"embeddable":true,"href":"https:\/\/revistaepocadigital.com.ar\/index.php?rest_route=\/wp\/v2\/media\/4641"}],"wp:attachment":[{"href":"https:\/\/revistaepocadigital.com.ar\/index.php?rest_route=%2Fwp%2Fv2%2Fmedia&parent=4640"}],"wp:term":[{"taxonomy":"category","embeddable":true,"href":"https:\/\/revistaepocadigital.com.ar\/index.php?rest_route=%2Fwp%2Fv2%2Fcategories&post=4640"},{"taxonomy":"post_tag","embeddable":true,"href":"https:\/\/revistaepocadigital.com.ar\/index.php?rest_route=%2Fwp%2Fv2%2Ftags&post=4640"}],"curies":[{"name":"wp","href":"https:\/\/api.w.org\/{rel}","templated":true}]}}