{"id":4650,"date":"2020-03-22T16:27:01","date_gmt":"2020-03-22T19:27:01","guid":{"rendered":"https:\/\/revistaepocadigital.com.ar\/?p=4650"},"modified":"2020-03-22T18:12:40","modified_gmt":"2020-03-22T21:12:40","slug":"desinfectan-en-capilla-cardales-y-robles","status":"publish","type":"post","link":"https:\/\/revistaepocadigital.com.ar\/?p=4650","title":{"rendered":"DESINFECTAN EN CAPILLA, CARDALES Y ROBLES"},"content":{"rendered":"<p><strong>EN CASCOS URBANOS DESDE ESTA NOCHE.\u00a0 TAMBI\u00c9N FUE DESMENTIDO EL CIERRE DE COMERCIOS OBLIGATORIO EN EL DISTRITO.<\/strong><!--more--><\/p>\n<p>Ten\u00e9s que estar atento.<\/p>\n<p>Realizaba el municipio tareas de desinfecci\u00f3n en calles y accesos de los cascos c\u00e9ntricos, la medida alcanzaba a Capilla del Se\u00f1or, Los Cardales y Parada Robles.<\/p>\n<p>El objetivo era reducir la posibilidad de contagio, en zonas en las que se sigue registrando aglomeraci\u00f3n de personas, como estaciones de servicios, bancos o comercios de venta de alimentos.<\/p>\n<p>La acci\u00f3n apuntaba a acortar la vida del COVID-19, cuando se encuentra en el ambiente, dado que el virus es sensible a la lavandina y al cloro. De esta manera, se lograba una limpieza sanitaria de las zonas urbanas.<\/p>\n<p>Con equipos tipo \u201cmosquito\u201d, como los que se utilizan para la producci\u00f3n agr\u00edcola, se esparc\u00eda una soluci\u00f3n con agua, lavandina y cloro activo, que NO AFECTABA A LA SALUD DE SERES HUMANOS, y que se ajustaba a las indicaciones de las autoridades sanitarias.<\/p>\n<p><img loading=\"lazy\" decoding=\"async\" class=\"aligncenter size-full wp-image-4669\" src=\"https:\/\/revistaepocadigital.com.ar\/wp-content\/uploads\/2020\/03\/MAA.jpg\" alt=\"\" width=\"576\" height=\"288\" srcset=\"https:\/\/revistaepocadigital.com.ar\/wp-content\/uploads\/2020\/03\/MAA.jpg 576w, https:\/\/revistaepocadigital.com.ar\/wp-content\/uploads\/2020\/03\/MAA-300x150.jpg 300w\" sizes=\"auto, (max-width: 576px) 100vw, 576px\" \/><\/p>\n<p>En todos los casos los operativos <strong>comenzaban a las 21 horas<\/strong>, a fin que todos los comercios estuvieran cerrados. Tambi\u00e9n se recomend\u00f3 a los vecinos CERRAR SUS VENTANAS, a fin de evitar el olor que podr\u00eda derivar de esta desinfecci\u00f3n, en particular aquellos que son sensibles a estos productos.<\/p>\n<p>Cabe destacar que este procedimiento se logr\u00f3, a trav\u00e9s de un trabajo conjunto entre productores rurales del distrito, la Sociedad Rural, y el vecino Luciano Calvi, que don\u00f3 los productos que se usar\u00e1n en esta limpieza.<\/p>\n<p><img loading=\"lazy\" decoding=\"async\" class=\"aligncenter size-full wp-image-4651\" src=\"https:\/\/revistaepocadigital.com.ar\/wp-content\/uploads\/2020\/03\/CO.jpg\" alt=\"\" width=\"800\" height=\"314\" srcset=\"https:\/\/revistaepocadigital.com.ar\/wp-content\/uploads\/2020\/03\/CO.jpg 800w, https:\/\/revistaepocadigital.com.ar\/wp-content\/uploads\/2020\/03\/CO-300x118.jpg 300w, https:\/\/revistaepocadigital.com.ar\/wp-content\/uploads\/2020\/03\/CO-768x301.jpg 768w, https:\/\/revistaepocadigital.com.ar\/wp-content\/uploads\/2020\/03\/CO-696x273.jpg 696w\" sizes=\"auto, (max-width: 800px) 100vw, 800px\" \/> <img loading=\"lazy\" decoding=\"async\" class=\"aligncenter size-large wp-image-4652\" src=\"https:\/\/revistaepocadigital.com.ar\/wp-content\/uploads\/2020\/03\/COOOO.jpg\" alt=\"\" width=\"696\" height=\"696\" srcset=\"https:\/\/revistaepocadigital.com.ar\/wp-content\/uploads\/2020\/03\/COOOO.jpg 800w, https:\/\/revistaepocadigital.com.ar\/wp-content\/uploads\/2020\/03\/COOOO-150x150.jpg 150w, https:\/\/revistaepocadigital.com.ar\/wp-content\/uploads\/2020\/03\/COOOO-300x300.jpg 300w, https:\/\/revistaepocadigital.com.ar\/wp-content\/uploads\/2020\/03\/COOOO-768x768.jpg 768w, https:\/\/revistaepocadigital.com.ar\/wp-content\/uploads\/2020\/03\/COOOO-696x696.jpg 696w, https:\/\/revistaepocadigital.com.ar\/wp-content\/uploads\/2020\/03\/COOOO-420x420.jpg 420w\" sizes=\"auto, (max-width: 696px) 100vw, 696px\" \/><\/p>\n<p><span class=\"D_F rtlI_dz_sSg\" data-test-id=\"email-pill\"><span class=\"C4_Z2aVTcY\" title=\"carlosdsaavedra@yahoo.com.ar\" data-test-id=\"message-to\">\u00a0<\/span><\/span><\/p>\n<p><span style=\"color: #ff0000;\"><strong>AUDIO FALSO. NO HABIA CIERRE DE COMERCIOS OBLIGATORIO.<\/strong><\/span><\/p>\n<p>Desde el \u00e1rea de prensa del municipio, tambi\u00e9n<strong> desmintieron la veracidad de un audio<\/strong> que circul\u00f3 en redes sociales, en cuanto a que el domingo 22 de agosto a partir de las 17 horas, sonaba la sirena de los Bomberos Voluntarios que indicar\u00eda que los comercios del distrito deb\u00edan cerrar sus puertas. No exist\u00eda tal medida.<\/p>\n<p>&nbsp;<\/p>\n<p>&nbsp;<\/p>\n","protected":false},"excerpt":{"rendered":"<p>EN CASCOS URBANOS DESDE ESTA NOCHE.\u00a0 TAMBI\u00c9N FUE DESMENTIDO EL CIERRE DE COMERCIOS OBLIGATORIO EN EL DISTRITO.<\/p>\n","protected":false},"author":3,"featured_media":4651,"comment_status":"open","ping_status":"open","sticky":false,"template":"","format":"standard","meta":{"footnotes":"","jetpack_publicize_message":"","jetpack_publicize_feature_enabled":true,"jetpack_social_post_already_shared":false,"jetpack_social_options":{"image_generator_settings":{"template":"highway","default_image_id":0,"font":"","enabled":false},"version":2}},"categories":[17],"tags":[569,648],"class_list":["post-4650","post","type-post","status-publish","format-standard","has-post-thumbnail","hentry","category-politica","tag-coronavirus","tag-desinfeccion"],"jetpack_publicize_connections":[],"jetpack_featured_media_url":"https:\/\/revistaepocadigital.com.ar\/wp-content\/uploads\/2020\/03\/CO.jpg","jetpack_likes_enabled":true,"_links":{"self":[{"href":"https:\/\/revistaepocadigital.com.ar\/index.php?rest_route=\/wp\/v2\/posts\/4650","targetHints":{"allow":["GET"]}}],"collection":[{"href":"https:\/\/revistaepocadigital.com.ar\/index.php?rest_route=\/wp\/v2\/posts"}],"about":[{"href":"https:\/\/revistaepocadigital.com.ar\/index.php?rest_route=\/wp\/v2\/types\/post"}],"author":[{"embeddable":true,"href":"https:\/\/revistaepocadigital.com.ar\/index.php?rest_route=\/wp\/v2\/users\/3"}],"replies":[{"embeddable":true,"href":"https:\/\/revistaepocadigital.com.ar\/index.php?rest_route=%2Fwp%2Fv2%2Fcomments&post=4650"}],"version-history":[{"count":0,"href":"https:\/\/revistaepocadigital.com.ar\/index.php?rest_route=\/wp\/v2\/posts\/4650\/revisions"}],"wp:featuredmedia":[{"embeddable":true,"href":"https:\/\/revistaepocadigital.com.ar\/index.php?rest_route=\/wp\/v2\/media\/4651"}],"wp:attachment":[{"href":"https:\/\/revistaepocadigital.com.ar\/index.php?rest_route=%2Fwp%2Fv2%2Fmedia&parent=4650"}],"wp:term":[{"taxonomy":"category","embeddable":true,"href":"https:\/\/revistaepocadigital.com.ar\/index.php?rest_route=%2Fwp%2Fv2%2Fcategories&post=4650"},{"taxonomy":"post_tag","embeddable":true,"href":"https:\/\/revistaepocadigital.com.ar\/index.php?rest_route=%2Fwp%2Fv2%2Ftags&post=4650"}],"curies":[{"name":"wp","href":"https:\/\/api.w.org\/{rel}","templated":true}]}}