{"id":4679,"date":"2020-03-23T16:30:29","date_gmt":"2020-03-23T19:30:29","guid":{"rendered":"https:\/\/revistaepocadigital.com.ar\/?p=4679"},"modified":"2020-03-23T16:32:14","modified_gmt":"2020-03-23T19:32:14","slug":"en-el-hospital-san-jose-muy-atentos-preparados","status":"publish","type":"post","link":"https:\/\/revistaepocadigital.com.ar\/?p=4679","title":{"rendered":"En el Hospital San Jos\u00e9 muy atentos, preparados"},"content":{"rendered":"<div class=\"_5pbx userContent _3576\" data-testid=\"post_message\" data-ft=\"{&quot;tn&quot;:&quot;K&quot;}\"><strong>NO HAY PAUSA EN EL CENTRO ASISTENCIAL DE CAPILLA DEL SE\u00d1OR<\/strong>.<\/div>\n<p><!--more--><\/p>\n<div data-testid=\"post_message\" data-ft=\"{&quot;tn&quot;:&quot;K&quot;}\">La grave situaci\u00f3n\u00a0 que se padece a nivel nacional y mundial, contin\u00faa llevando a estar con la guardia en alto y en adoptar medidas para enfrentar la pandemia por el coronavirus.<\/div>\n<div data-testid=\"post_message\" data-ft=\"{&quot;tn&quot;:&quot;K&quot;}\"><\/div>\n<div data-testid=\"post_message\" data-ft=\"{&quot;tn&quot;:&quot;K&quot;}\">En el caso del <strong>Hospital San Jos\u00e9 de Capilla del Se\u00f1or, partido de Exaltaci\u00f3n de la Cruz<\/strong>, la <strong>radio FM Studio 90.5<\/strong> inform\u00f3 que desde el sistema de salud del distrito, han citado que en el hospital se cuenta con 9 respiradores, y que han sido alquilados 4 aparatos m\u00e1s. En tanto la Unidad de Terapia Intensiva tiene 8 camas y se sumar\u00edan 8 m\u00e1s y la Unidad Coronaria van a llegar a contar con <span class=\"text_exposed_show\">16. Una lucha denodada y muy valiosa, enfrentando con gran entrega y solidaridad, a un enemigo invisible como el virus que ha originado una situaci\u00f3n cr\u00edtica.<br \/>\n<\/span><\/div>\n<div data-testid=\"post_message\" data-ft=\"{&quot;tn&quot;:&quot;K&quot;}\"><\/div>\n<div data-testid=\"post_message\" data-ft=\"{&quot;tn&quot;:&quot;K&quot;}\"><\/div>\n<div class=\"_1dwg _1w_m _q7o\" data-vc-ignore-dynamic=\"1\">\n<div>\n<div class=\"_3x-2\" data-ft=\"{&quot;tn&quot;:&quot;H&quot;}\">\n<div data-ft=\"{&quot;tn&quot;:&quot;H&quot;}\">\n<div class=\"mtm\">\n<div class=\"_2a2q _65sr\">\n<div class=\"_46-h\"><img loading=\"lazy\" decoding=\"async\" class=\"_46-i img\" src=\"https:\/\/scontent.faep6-1.fna.fbcdn.net\/v\/t1.0-0\/p261x260\/90235952_3286822438013347_9195064332608602112_n.jpg?_nc_cat=105&amp;_nc_sid=110474&amp;_nc_oc=AQnW6R9ycFBKEnQrtVc5iAUuDuvUlo96QdOOBDfokO3ildP8IRYZRQ1u46PmD7ENiH0&amp;_nc_ht=scontent.faep6-1.fna&amp;_nc_tp=6&amp;oh=efd92737a50a7ca096abc0c70357c79f&amp;oe=5E9F7F39\" alt=\"La imagen puede contener: interior\" width=\"261\" height=\"348\" data-src=\"https:\/\/scontent.faep6-1.fna.fbcdn.net\/v\/t1.0-0\/p261x260\/90235952_3286822438013347_9195064332608602112_n.jpg?_nc_cat=105&amp;_nc_sid=110474&amp;_nc_oc=AQnW6R9ycFBKEnQrtVc5iAUuDuvUlo96QdOOBDfokO3ildP8IRYZRQ1u46PmD7ENiH0&amp;_nc_ht=scontent.faep6-1.fna&amp;_nc_tp=6&amp;oh=efd92737a50a7ca096abc0c70357c79f&amp;oe=5E9F7F39\" \/><\/div>\n<\/div>\n<\/div>\n<\/div>\n<\/div>\n<div>Las instalaciones preparadas ante<\/div>\n<div>la situaci\u00f3n tan grave que se vive.<\/div>\n<\/div>\n<\/div>\n<div>\n<form id=\"u_jsonp_18_1y\" class=\"commentable_item\" action=\"\/ajax\/ufi\/modify.php\" method=\"post\" data-ft=\"{&quot;tn&quot;:&quot;]&quot;}\">\n<div class=\"_4299\">\n<div class=\"_66lg\"><\/div>\n<\/div>\n<\/form>\n<\/div>\n<div class=\"_d6l\"><\/div>\n<div class=\"_39m _1ef2\" data-reaction=\"4\">\n<div class=\"_39n\">\n<div class=\"_1ef0\">\n<figure id=\"attachment_4683\" aria-describedby=\"caption-attachment-4683\" style=\"width: 960px\" class=\"wp-caption aligncenter\"><img loading=\"lazy\" decoding=\"async\" class=\"size-full wp-image-4683\" src=\"https:\/\/revistaepocadigital.com.ar\/wp-content\/uploads\/2020\/03\/hospi-personal-corona20.jpg\" alt=\"\" width=\"960\" height=\"720\" srcset=\"https:\/\/revistaepocadigital.com.ar\/wp-content\/uploads\/2020\/03\/hospi-personal-corona20.jpg 960w, https:\/\/revistaepocadigital.com.ar\/wp-content\/uploads\/2020\/03\/hospi-personal-corona20-300x225.jpg 300w, https:\/\/revistaepocadigital.com.ar\/wp-content\/uploads\/2020\/03\/hospi-personal-corona20-768x576.jpg 768w, https:\/\/revistaepocadigital.com.ar\/wp-content\/uploads\/2020\/03\/hospi-personal-corona20-80x60.jpg 80w, https:\/\/revistaepocadigital.com.ar\/wp-content\/uploads\/2020\/03\/hospi-personal-corona20-160x120.jpg 160w, https:\/\/revistaepocadigital.com.ar\/wp-content\/uploads\/2020\/03\/hospi-personal-corona20-265x198.jpg 265w, https:\/\/revistaepocadigital.com.ar\/wp-content\/uploads\/2020\/03\/hospi-personal-corona20-696x522.jpg 696w, https:\/\/revistaepocadigital.com.ar\/wp-content\/uploads\/2020\/03\/hospi-personal-corona20-560x420.jpg 560w\" sizes=\"auto, (max-width: 960px) 100vw, 960px\" \/><figcaption id=\"caption-attachment-4683\" class=\"wp-caption-text\">Una parte del gran personal del Hospital ubicado en Capilla del Se\u00f1or, tambi\u00e9n colaborando con la campa\u00f1a de concientizaci\u00f3n.<\/figcaption><\/figure>\n<\/div>\n<\/div>\n<\/div>\n<div>\n<form id=\"u_jsonp_19_w\" class=\"commentable_item\" action=\"\/ajax\/ufi\/modify.php\" method=\"post\" data-ft=\"{&quot;tn&quot;:&quot;]&quot;}\">\n<div class=\"_4299\">\n<div>\n<div class=\"_3w53\"><\/div>\n<\/div>\n<\/div>\n<\/form>\n<\/div>\n<div id=\"hyperfeed_story_id_5e7822b0da7e71371108172\" class=\"_5jmm _5pat _3lb4 p_15hhenz5x7\" role=\"article\" data-fte=\"1\" data-ftr=\"1\" data-testid=\"fbfeed_story\" data-cursor=\"MTU4NDkzMTA0MzoxNTg0OTMxMDQzOjM2Oi02NjQ0NjE3MDQ5OTUwNDU2NjkzOjA6NjgwNzIyODAyMDIxNjUzMjU5Mw==\" data-dedupekey=\"-6644617049950456693\" data-timestamp=\"1584887705\" aria-posinset=\"45\" aria-setsize=\"48\" data-referrer=\"hyperfeed_story_id_5e7822b0da7e71371108172\" aria-labelledby=\"u_jsonp_19_10\" aria-describedby=\"js_45l js_45m\">\n<div id=\"u_jsonp_19_y\" class=\"_4-u2 mbm _4mrt _5v3q _7cqq _4-u8\">\n<div id=\"u_jsonp_19_z\" class=\"_3ccb\" data-ft=\"{&quot;tn&quot;:&quot;-R&quot;}\" data-gt=\"{&quot;type&quot;:&quot;click2canvas&quot;,&quot;fbsource&quot;:703,&quot;ref&quot;:&quot;nf_generic&quot;}\">\n<div class=\"_5pcr userContentWrapper\" data-ft=\"{&quot;tn&quot;:&quot;-R&quot;}\">\n<div class=\"_1dwg _1w_m _q7o\" data-vc-ignore-dynamic=\"1\">\n<div>\n<div id=\"js_45m\" class=\"_5pbx userContent _3576\" data-testid=\"post_message\" data-ft=\"{&quot;tn&quot;:&quot;K&quot;}\">\n<p>Tambi\u00e9n personal policial de la provincia del <strong>Ej\u00e9rcito Argentino y Gendarmer\u00eda Nacional, adem\u00e1s del personal de la polic\u00eda de todas las provincias argentinas,<\/strong> se encontraban abocados a la tarea de luchar contra el coronavirus.<\/p>\n<\/div>\n<\/div>\n<\/div>\n<p><img loading=\"lazy\" decoding=\"async\" class=\"aligncenter size-full wp-image-4696\" src=\"https:\/\/revistaepocadigital.com.ar\/wp-content\/uploads\/2020\/03\/hospi-camapa1.jpg\" alt=\"\" width=\"543\" height=\"406\" srcset=\"https:\/\/revistaepocadigital.com.ar\/wp-content\/uploads\/2020\/03\/hospi-camapa1.jpg 543w, https:\/\/revistaepocadigital.com.ar\/wp-content\/uploads\/2020\/03\/hospi-camapa1-300x224.jpg 300w, https:\/\/revistaepocadigital.com.ar\/wp-content\/uploads\/2020\/03\/hospi-camapa1-80x60.jpg 80w, https:\/\/revistaepocadigital.com.ar\/wp-content\/uploads\/2020\/03\/hospi-camapa1-160x120.jpg 160w, https:\/\/revistaepocadigital.com.ar\/wp-content\/uploads\/2020\/03\/hospi-camapa1-265x198.jpg 265w, https:\/\/revistaepocadigital.com.ar\/wp-content\/uploads\/2020\/03\/hospi-camapa1-530x396.jpg 530w\" sizes=\"auto, (max-width: 543px) 100vw, 543px\" \/><\/p>\n<\/div>\n<figure id=\"attachment_4697\" aria-describedby=\"caption-attachment-4697\" style=\"width: 960px\" class=\"wp-caption aligncenter\"><img loading=\"lazy\" decoding=\"async\" class=\"size-full wp-image-4697\" src=\"https:\/\/revistaepocadigital.com.ar\/wp-content\/uploads\/2020\/03\/hospi-campa\u00f1a.jpg\" alt=\"\" width=\"960\" height=\"720\" srcset=\"https:\/\/revistaepocadigital.com.ar\/wp-content\/uploads\/2020\/03\/hospi-campa\u00f1a.jpg 960w, https:\/\/revistaepocadigital.com.ar\/wp-content\/uploads\/2020\/03\/hospi-campa\u00f1a-300x225.jpg 300w, https:\/\/revistaepocadigital.com.ar\/wp-content\/uploads\/2020\/03\/hospi-campa\u00f1a-768x576.jpg 768w, https:\/\/revistaepocadigital.com.ar\/wp-content\/uploads\/2020\/03\/hospi-campa\u00f1a-80x60.jpg 80w, https:\/\/revistaepocadigital.com.ar\/wp-content\/uploads\/2020\/03\/hospi-campa\u00f1a-160x120.jpg 160w, https:\/\/revistaepocadigital.com.ar\/wp-content\/uploads\/2020\/03\/hospi-campa\u00f1a-265x198.jpg 265w, https:\/\/revistaepocadigital.com.ar\/wp-content\/uploads\/2020\/03\/hospi-campa\u00f1a-696x522.jpg 696w, https:\/\/revistaepocadigital.com.ar\/wp-content\/uploads\/2020\/03\/hospi-campa\u00f1a-560x420.jpg 560w\" sizes=\"auto, (max-width: 960px) 100vw, 960px\" \/><figcaption id=\"caption-attachment-4697\" class=\"wp-caption-text\">El traslado a Campo de Mayo del hospital de campa\u00f1a existente.<\/figcaption><\/figure>\n<div class=\"_5pcr userContentWrapper\" data-ft=\"{&quot;tn&quot;:&quot;-R&quot;}\">\n<div class=\"_1dwg _1w_m _q7o\" data-vc-ignore-dynamic=\"1\">\n<div>\n<div class=\"_3x-2\" data-ft=\"{&quot;tn&quot;:&quot;H&quot;}\">\n<div data-ft=\"{&quot;tn&quot;:&quot;H&quot;}\">\n<div class=\"mtm\">\n<div>\n<div class=\"_5cq3 _1ktf\" data-ft=\"{&quot;tn&quot;:&quot;E&quot;}\">\n<div id=\"u_jsonp_19_16\" class=\"uiScaledImageContainer _4-ep\"><\/div>\n<\/div>\n<\/div>\n<\/div>\n<\/div>\n<\/div>\n<\/div>\n<\/div>\n<\/div>\n<\/div>\n<\/div>\n<\/div>\n<div><\/div>\n<div><\/div>\n","protected":false},"excerpt":{"rendered":"<p>NO HAY PAUSA EN EL CENTRO ASISTENCIAL DE CAPILLA DEL SE\u00d1OR.<\/p>\n","protected":false},"author":4,"featured_media":4680,"comment_status":"open","ping_status":"open","sticky":false,"template":"","format":"standard","meta":{"footnotes":"","jetpack_publicize_message":"","jetpack_publicize_feature_enabled":true,"jetpack_social_post_already_shared":false,"jetpack_social_options":{"image_generator_settings":{"template":"highway","default_image_id":0,"font":"","enabled":false},"version":2}},"categories":[13],"tags":[569,653,652],"class_list":["post-4679","post","type-post","status-publish","format-standard","has-post-thumbnail","hentry","category-interes-general","tag-coronavirus","tag-hospital-de-campana","tag-hospital-san-jose"],"jetpack_publicize_connections":[],"jetpack_featured_media_url":"https:\/\/revistaepocadigital.com.ar\/wp-content\/uploads\/2020\/03\/hospi-habi.jpg","jetpack_likes_enabled":true,"_links":{"self":[{"href":"https:\/\/revistaepocadigital.com.ar\/index.php?rest_route=\/wp\/v2\/posts\/4679","targetHints":{"allow":["GET"]}}],"collection":[{"href":"https:\/\/revistaepocadigital.com.ar\/index.php?rest_route=\/wp\/v2\/posts"}],"about":[{"href":"https:\/\/revistaepocadigital.com.ar\/index.php?rest_route=\/wp\/v2\/types\/post"}],"author":[{"embeddable":true,"href":"https:\/\/revistaepocadigital.com.ar\/index.php?rest_route=\/wp\/v2\/users\/4"}],"replies":[{"embeddable":true,"href":"https:\/\/revistaepocadigital.com.ar\/index.php?rest_route=%2Fwp%2Fv2%2Fcomments&post=4679"}],"version-history":[{"count":0,"href":"https:\/\/revistaepocadigital.com.ar\/index.php?rest_route=\/wp\/v2\/posts\/4679\/revisions"}],"wp:featuredmedia":[{"embeddable":true,"href":"https:\/\/revistaepocadigital.com.ar\/index.php?rest_route=\/wp\/v2\/media\/4680"}],"wp:attachment":[{"href":"https:\/\/revistaepocadigital.com.ar\/index.php?rest_route=%2Fwp%2Fv2%2Fmedia&parent=4679"}],"wp:term":[{"taxonomy":"category","embeddable":true,"href":"https:\/\/revistaepocadigital.com.ar\/index.php?rest_route=%2Fwp%2Fv2%2Fcategories&post=4679"},{"taxonomy":"post_tag","embeddable":true,"href":"https:\/\/revistaepocadigital.com.ar\/index.php?rest_route=%2Fwp%2Fv2%2Ftags&post=4679"}],"curies":[{"name":"wp","href":"https:\/\/api.w.org\/{rel}","templated":true}]}}