{"id":4712,"date":"2020-03-24T18:39:48","date_gmt":"2020-03-24T21:39:48","guid":{"rendered":"https:\/\/revistaepocadigital.com.ar\/?p=4712"},"modified":"2020-03-24T19:04:15","modified_gmt":"2020-03-24T22:04:15","slug":"ingreso-familiar-de-emergencia","status":"publish","type":"post","link":"https:\/\/revistaepocadigital.com.ar\/?p=4712","title":{"rendered":"INGRESO FAMILIAR DE EMERGENCIA"},"content":{"rendered":"<p><strong>SON 10.000 PESOS.<\/strong><!--more--><\/p>\n<p>Y de acuerdo a lo informado por la ANSES, se han de pagar s\u00f3lo por el mes de abril. El objetivo de los 10.000 pesos a percibir, es el de compensar a los sectores m\u00e1s vulnerables por las consecuencias econ\u00f3micas de la cuarentena vigente y dispuesta por la emergencia sanitaria adoptada debido al\u00a0 coronavirus (COVID19).<\/p>\n<p>Para poder acceder, <strong>no tenes que percibir ni vos ni tu grupo familiar otro ingreso proveniente de un trabajo en relaci\u00f3n de dependencia p\u00fablico o privado, de una prestaci\u00f3n de desempleo, de jubilaciones, pensiones o retiro<\/strong><span class=\"text_exposed_show\"><strong>s contributivos o no contributivos nacionales, provinciales, municipales o de la Ciudad Aut\u00f3noma de Buenos Aires (CABA), de planes sociales, salario social complementario, Hacemos Futuro, Potenciar Trabajo u otros programas sociales nacionales, provinciales o municipales<\/strong>, a excepci\u00f3n de los de la AUH o embarazo o ser monotributista de categor\u00eda \u201cC\u201d o superior o del r\u00e9gimen de aut\u00f3nomos.<\/span><\/p>\n<div class=\"text_exposed_show\">\n<p>Lo vas a poder tramitar ingresando en <strong>www<\/strong>.<strong>anses.gob.ar<\/strong> desde abril.<\/p>\n<\/div>\n","protected":false},"excerpt":{"rendered":"<p>SON 10.000 PESOS.<\/p>\n","protected":false},"author":3,"featured_media":4730,"comment_status":"open","ping_status":"open","sticky":false,"template":"","format":"standard","meta":{"footnotes":"","jetpack_publicize_message":"","jetpack_publicize_feature_enabled":true,"jetpack_social_post_already_shared":false,"jetpack_social_options":{"image_generator_settings":{"template":"highway","default_image_id":0,"font":"","enabled":false},"version":2}},"categories":[13],"tags":[21,657,569,37,639],"class_list":["post-4712","post","type-post","status-publish","format-standard","has-post-thumbnail","hentry","category-interes-general","tag-anses","tag-compensacion","tag-coronavirus","tag-destacada","tag-pandemia"],"jetpack_publicize_connections":[],"jetpack_featured_media_url":"https:\/\/revistaepocadigital.com.ar\/wp-content\/uploads\/2020\/03\/ansess.jpg","jetpack_likes_enabled":true,"_links":{"self":[{"href":"https:\/\/revistaepocadigital.com.ar\/index.php?rest_route=\/wp\/v2\/posts\/4712","targetHints":{"allow":["GET"]}}],"collection":[{"href":"https:\/\/revistaepocadigital.com.ar\/index.php?rest_route=\/wp\/v2\/posts"}],"about":[{"href":"https:\/\/revistaepocadigital.com.ar\/index.php?rest_route=\/wp\/v2\/types\/post"}],"author":[{"embeddable":true,"href":"https:\/\/revistaepocadigital.com.ar\/index.php?rest_route=\/wp\/v2\/users\/3"}],"replies":[{"embeddable":true,"href":"https:\/\/revistaepocadigital.com.ar\/index.php?rest_route=%2Fwp%2Fv2%2Fcomments&post=4712"}],"version-history":[{"count":0,"href":"https:\/\/revistaepocadigital.com.ar\/index.php?rest_route=\/wp\/v2\/posts\/4712\/revisions"}],"wp:featuredmedia":[{"embeddable":true,"href":"https:\/\/revistaepocadigital.com.ar\/index.php?rest_route=\/wp\/v2\/media\/4730"}],"wp:attachment":[{"href":"https:\/\/revistaepocadigital.com.ar\/index.php?rest_route=%2Fwp%2Fv2%2Fmedia&parent=4712"}],"wp:term":[{"taxonomy":"category","embeddable":true,"href":"https:\/\/revistaepocadigital.com.ar\/index.php?rest_route=%2Fwp%2Fv2%2Fcategories&post=4712"},{"taxonomy":"post_tag","embeddable":true,"href":"https:\/\/revistaepocadigital.com.ar\/index.php?rest_route=%2Fwp%2Fv2%2Ftags&post=4712"}],"curies":[{"name":"wp","href":"https:\/\/api.w.org\/{rel}","templated":true}]}}