{"id":4732,"date":"2020-03-27T19:19:00","date_gmt":"2020-03-27T22:19:00","guid":{"rendered":"https:\/\/revistaepocadigital.com.ar\/?p=4732"},"modified":"2020-03-27T19:28:13","modified_gmt":"2020-03-27T22:28:13","slug":"patricio-diez-titular-del-consejo-escolar-la-distribucion-de-materiales-pedagogicos-y-la-atencion-a-los-comedores-escolares","status":"publish","type":"post","link":"https:\/\/revistaepocadigital.com.ar\/?p=4732","title":{"rendered":"Patricio Diez, titular del consejo escolar. La distribuci\u00f3n de materiales pedag\u00f3gicos y la atenci\u00f3n a los comedores escolares"},"content":{"rendered":"<p><strong>ADEM\u00c1S DE LA PRIORIDAD ABSOLUTA QUE ES EL CUIDADO DE LA SALUD.<\/strong><!--more--><\/p>\n<p>No se pueden obviar otras cuestiones esenciales, frente a las cr\u00edticas circunstancias por las que atraviesa la <strong>Argentina debido al coronavirus<\/strong>. La <strong>educaci\u00f3n<\/strong> es uno de los aspecto de suma relevancia, y como mantener la actividad en momentos en que la cuarentena obligatoria, ha obligado a interrumpir el ciclo lectivo.<\/p>\n<p>EPOCA convers\u00f3 con <strong>Patricio Diez,<\/strong> <strong>presidente del consejo escolar de Exaltaci\u00f3n de la Cruz,<\/strong> quien dio detalles sobre el panorama actual. Diez junto a<strong> Vanesa Russo<\/strong>, secretar\u00eda de pol\u00edticas educativas de la comuna, y la nueva inspectora jefe distrital<strong> Marta Villanueva<\/strong> (reemplaz\u00f3 en el cargo hace poco a Carina Robles), (foto portada), han estado entregando en todas las escuelas de Exaltaci\u00f3n de la Cruz, <strong>cuadernillos educativos<\/strong> destinados a alumnos de distintos niveles y coordinan tareas en forma conjunta.\u00a0 La primera entrega de cuadernillos de actividades para la continuidad pedag\u00f3gica apuntados a las escuelas secundarias, ciclo superior, abarcaron literatura y matem\u00e1tica.<\/p>\n<p><em>&#8220;Los cuadernillos los env\u00eda el ministerio de educaci\u00f3n de la provincia de Buenos Aires, con contenidos pedag\u00f3gicos para los alumnos mientras atravesamos la cuarentena. Los chicos que cuentan con internet, los reciben por ese medio; en tanto los que no disponen de conectividad como ocurre en zonas rurales, son distribu\u00eddos los cuadernillos en formato de papel sin exponer a las familias a que deban salir de sus casas&#8221;,<\/em> dijo Diez<em>. &#8220;Hablando con padres notamos que hay casos en que si bien tienen internet, no disponen de impresoras, por lo que tambi\u00e9n nos estamos abocando a encontrar soluciones y desde la log\u00edstica, en el consejo escolar apuntamos a contar con un transporte contratado para seguir la distribuci\u00f3n de los materiales&#8221;,<\/em> apunt\u00f3.<\/p>\n<p><em>&#8220;S\u00ed<\/em> -aclar\u00f3 Diez<em>&#8211; el material pedagogico se encuentra dividido por niveles, es decir primario, secundario, cada alumno cuenta con el que corresponde a la etapa que cursa en la escuela. Significa que los alumnos disponen de sus materiales correspondientes al nivel que cursan. Los mismos abarcan temas para abordar durante la cuarentena como dije<\/em> <strong>(seg\u00fan trascendidos pod\u00eda extenderse hasta el 13 de abril),<\/strong> <em>si bien cada d\u00eda nos van llegando nuevas resoluciones&#8221;.<\/em> Los cuadernillos permiten continuar con la curr\u00edcula de estudios, mientras se atraviesa el fen\u00f3meno del coronavirus. Las escuelas a su vez, tambi\u00e9n ocupan su rol, para coordinar con alumnos y padres, en cuanto a los que puedan o no contar con conectividad.<\/p>\n<p><strong>LOS COMEDORES.<\/strong><\/p>\n<p><strong>Patricio Diez<\/strong> tambi\u00e9n al conversar con EPOCA, consider\u00f3 otra problem\u00e1tica muy sensible como resultan los <strong>comedores escolares<\/strong> donde, en tiempos normales, los chicos concurren a almorzar y luego a clases. &#8220;<em>El gobierno provincial pidi\u00f3 que se mantuvieran abiertos, con los chicos con respeto a las distancias prudente, ahora bien, como estimamos, al encontrarnos con factores de riesgo como son los chicos y tambi\u00e9n auxiliares, luego resolvimos armar bolsones con alimentos, los que dispon\u00edamos para el mes de marzo&#8221;.<\/em><\/p>\n<p><em>&#8220;Nos adelantamos as\u00ed a lo marcado por la direcci\u00f3n de desarrollo social de la provincia, que indic\u00f3 que deb\u00edan armarse bolsones con alimentos para distribuirlos en escuelas. Luego son las autoridades de los establecimientos, los encargados de entregarlos a los chicos&#8221;<\/em>, detall\u00f3 el titular del consejo escolar quien alert\u00f3<em> &#8220;ahora estamos notando la forma en continuar con la implementaci\u00f3n de los bolsones\u00a0 pero a mayores costos; armar un bols\u00f3n resulta m\u00e1s caro que comprar los alimentos&#8221;.<\/em><\/p>\n<p><em>&#8220;No, el consejo escolar no cuenta con una partida especial de dinero para comprar alimentos, el consejo efect\u00faa las compras seg\u00fan lo que le indica la direcci\u00f3n de desarrollo social en el sentido de los contenidos de los bolsones, y cu\u00e1nto se puede gastar por los mismos&#8221;<\/em>, acot\u00f3 Diez quien remarc\u00f3, <em>&#8220;el dinero recibido de la direcci\u00f3n de desarrollo social, en caso de no ser suficiente, la municipalidad de \u00a0Exaltaci\u00f3n de la Cruz se debe hacer cargo&#8221;<\/em>.<\/p>\n<p>En relaci\u00f3n al municipio, Diez destac\u00f3 el trabajo<em> &#8220;en conjunto que venimos desarrollando con Vanesa Russo y con la inspectora jefe Marta Villanueva. As\u00edmismo contamos con la colaboraci\u00f3n del municipio, por ejemplo en cuestiones que hacen que se disponga de guantes, barbijos, etc, para seguir distribuyendo alimentos para los alumnos y sus familias. Estamos en contacto todos los d\u00edas para coordinar la labor conjunta, y vale resaltarlo. No son tiempos de diferencias entre los argentinos, todos sin distinciones, debemos estar encolumnados para dar batalla a tan grave flagelo que se nos ha planteado como es el coronavirus&#8221;.<\/em><\/p>\n<p><img loading=\"lazy\" decoding=\"async\" class=\"aligncenter size-full wp-image-4734\" src=\"https:\/\/revistaepocadigital.com.ar\/wp-content\/uploads\/2020\/03\/russo.jpg\" alt=\"\" width=\"720\" height=\"960\" srcset=\"https:\/\/revistaepocadigital.com.ar\/wp-content\/uploads\/2020\/03\/russo.jpg 720w, https:\/\/revistaepocadigital.com.ar\/wp-content\/uploads\/2020\/03\/russo-225x300.jpg 225w, https:\/\/revistaepocadigital.com.ar\/wp-content\/uploads\/2020\/03\/russo-696x928.jpg 696w, https:\/\/revistaepocadigital.com.ar\/wp-content\/uploads\/2020\/03\/russo-315x420.jpg 315w, https:\/\/revistaepocadigital.com.ar\/wp-content\/uploads\/2020\/03\/russo-630x840.jpg 630w\" sizes=\"auto, (max-width: 720px) 100vw, 720px\" \/><\/p>\n<p>Diez junto a Russo y Villanueva en una de las distribuciones de cuadernillos pedag\u00f3gicos para alumnos de las escuelas.<\/p>\n<p>&nbsp;<\/p>\n<p>&nbsp;<\/p>\n","protected":false},"excerpt":{"rendered":"<p>ADEM\u00c1S DE LA PRIORIDAD ABSOLUTA QUE ES EL CUIDADO DE LA SALUD.<\/p>\n","protected":false},"author":4,"featured_media":4733,"comment_status":"open","ping_status":"open","sticky":false,"template":"","format":"standard","meta":{"footnotes":"","jetpack_publicize_message":"","jetpack_publicize_feature_enabled":true,"jetpack_social_post_already_shared":false,"jetpack_social_options":{"image_generator_settings":{"template":"highway","default_image_id":0,"font":"","enabled":false},"version":2}},"categories":[6,17],"tags":[573,569,572],"class_list":["post-4732","post","type-post","status-publish","format-standard","has-post-thumbnail","hentry","category-barrios","category-politica","tag-consejo-escolar","tag-coronavirus","tag-diez"],"jetpack_publicize_connections":[],"jetpack_featured_media_url":"https:\/\/revistaepocadigital.com.ar\/wp-content\/uploads\/2020\/03\/russo1.jpg","jetpack_likes_enabled":true,"_links":{"self":[{"href":"https:\/\/revistaepocadigital.com.ar\/index.php?rest_route=\/wp\/v2\/posts\/4732","targetHints":{"allow":["GET"]}}],"collection":[{"href":"https:\/\/revistaepocadigital.com.ar\/index.php?rest_route=\/wp\/v2\/posts"}],"about":[{"href":"https:\/\/revistaepocadigital.com.ar\/index.php?rest_route=\/wp\/v2\/types\/post"}],"author":[{"embeddable":true,"href":"https:\/\/revistaepocadigital.com.ar\/index.php?rest_route=\/wp\/v2\/users\/4"}],"replies":[{"embeddable":true,"href":"https:\/\/revistaepocadigital.com.ar\/index.php?rest_route=%2Fwp%2Fv2%2Fcomments&post=4732"}],"version-history":[{"count":0,"href":"https:\/\/revistaepocadigital.com.ar\/index.php?rest_route=\/wp\/v2\/posts\/4732\/revisions"}],"wp:featuredmedia":[{"embeddable":true,"href":"https:\/\/revistaepocadigital.com.ar\/index.php?rest_route=\/wp\/v2\/media\/4733"}],"wp:attachment":[{"href":"https:\/\/revistaepocadigital.com.ar\/index.php?rest_route=%2Fwp%2Fv2%2Fmedia&parent=4732"}],"wp:term":[{"taxonomy":"category","embeddable":true,"href":"https:\/\/revistaepocadigital.com.ar\/index.php?rest_route=%2Fwp%2Fv2%2Fcategories&post=4732"},{"taxonomy":"post_tag","embeddable":true,"href":"https:\/\/revistaepocadigital.com.ar\/index.php?rest_route=%2Fwp%2Fv2%2Ftags&post=4732"}],"curies":[{"name":"wp","href":"https:\/\/api.w.org\/{rel}","templated":true}]}}