{"id":4786,"date":"2020-03-27T14:55:37","date_gmt":"2020-03-27T17:55:37","guid":{"rendered":"https:\/\/revistaepocadigital.com.ar\/?p=4786"},"modified":"2020-03-27T14:57:39","modified_gmt":"2020-03-27T17:57:39","slug":"pre-inscripcion-para-obtener-el-ingreso-familiar-de-emergencia","status":"publish","type":"post","link":"https:\/\/revistaepocadigital.com.ar\/?p=4786","title":{"rendered":"PRE INSCRIPCI\u00d3N PARA OBTENER EL INGRESO FAMILIAR DE EMERGENCIA"},"content":{"rendered":"<div id=\"pf1\" class=\"dp-page-outer\">\n<div class=\"dp-page-inner\">\n<div id=\"pg-1pf1\" class=\"pf pg-1w0 pg-1h0\">\n<div class=\"pc pg-1pc1 pg-1w0 pg-1h0\">\n<div class=\"c pg-1x1 pg-1y1 pg-1w2 pg-1h2\">\n<div class=\"t pg-1m0 pg-1x2 pg-1h3 pg-1y3 pg-1ff1 pg-1fs0 pg-1fc0 pg-1sc0 pg-1ls0 pg-1ws0\"><strong>ANOT\u00c1 LO INFORMADO POR EL MUNICIPIO DE EXALTACI\u00d3N DE LA CRUZ<\/strong>.<!--more--><\/div>\n<div class=\"t pg-1m0 pg-1x2 pg-1h3 pg-1y4 pg-1ff1 pg-1fs0 pg-1fc0 pg-1sc0 pg-1ls0 pg-1ws0\">Desde el viernes 27 de marzo al martes 31 de marzo, inform\u00f3 el \u00e1rea de prensa y comunicaci\u00f3n del municipio exaltacruzence, el gobierno nacional abri\u00f3 la PREINSCRIPCI\u00d3N para el \u201cIngreso Familiar de Emergencia\u201d, una ayuda que pretende aliviar a las familias argentinas, en el marco de la crisis por el Covid-19.<\/div>\n<div><\/div>\n<div class=\"t pg-1m0 pg-1x2 pg-1h3 pg-1y7 pg-1ff1 pg-1fs0 pg-1fc0 pg-1sc0 pg-1ls0 pg-1ws0\">Como te informara EPOCA en nota anterior, el beneficio alcanza a trabajadores y trabajadoras informales, de casas particulares, monotributistas sociales y monotributistas de las categor\u00edas A y B.<\/div>\n<div><\/div>\n<div class=\"t pg-1m0 pg-1x2 pg-1h3 pg-1y9 pg-1ff1 pg-1fs0 pg-1fc0 pg-1sc0 pg-1ls0 pg-1ws0\">Para el caso de beneficiarios de Asignaci\u00f3n Universal por Hijo o por Embarazo, no es necesario completar ning\u00fan tr\u00e1mite, siempre que encuadre en la normativa dispuesta.<\/div>\n<div><\/div>\n<div class=\"t pg-1m0 pg-1x2 pg-1h3 pg-1yb pg-1ff1 pg-1fs0 pg-1fc0 pg-1sc0 pg-1ls0 pg-1ws0\">Los requisitos para acceder al Ingreso Familiar de Emergencia es ser argentino nativo, o naturalizado y residente, con una residencia legal en el pa\u00eds no inferior a 2 a\u00f1os, y tener entre 18 y 65 a\u00f1os.<\/div>\n<div><\/div>\n<div class=\"t pg-1m0 pg-1x2 pg-1h3 pg-1yd pg-1ff1 pg-1fs0 pg-1fc0 pg-1sc0 pg-1ls0 pg-1ws0\">El solicitante o su grupo familiar NO DEBE TENER ingresos provenientes de un trabajo en relaci\u00f3n de dependencia en el sector p\u00fablico o privado. No pueden ser monotributista de categor\u00eda C o superior, o del r\u00e9gimen de aut\u00f3nomos de una prestaci\u00f3n de desempleo. No pueden ser beneficiarios de jubilaciones, pensiones o retiros contributivos o no contributivos nacionales, provinciales, municipales o de la Ciudad Aut\u00f3noma de Buenos Aires. Tampoco pueden ser beneficiarios de planes sociales, salario social complementario, Hacemos Futuro, Potenciar Trabajo u otros programas sociales nacionales, provinciales o municipales.<\/div>\n<div><\/div>\n<div class=\"t pg-1m0 pg-1x2 pg-1h3 pg-1y14 pg-1ff1 pg-1fs0 pg-1fc0 pg-1sc0 pg-1ls0 pg-1ws0\">El monto a percibir es de diez mil pesos ($10.000), y se abonar\u00e1 por \u00fanica vez en el mes de abril. Lo cobrar\u00e1 s\u00f3lo un integrante del grupo familiar.<\/div>\n<div><\/div>\n<div class=\"t pg-1m0 pg-1x2 pg-1h3 pg-1y16 pg-1ff1 pg-1fs0 pg-1fc0 pg-1sc0 pg-1ls0 pg-1ws0\">El tr\u00e1mite se realiza \u00fanicamente por internet. Una vez finalizada la preinscripci\u00f3n, ANSES analizaba la informaci\u00f3n y pod\u00eda solicitar datos complementarios, por ejemplo, una cuenta bancaria para el pago.<\/div>\n<\/div>\n<\/div>\n<\/div>\n<\/div>\n<\/div>\n<p>&nbsp;<\/p>\n","protected":false},"excerpt":{"rendered":"<p>ANOT\u00c1 LO INFORMADO POR EL MUNICIPIO DE EXALTACI\u00d3N DE LA CRUZ.<\/p>\n","protected":false},"author":3,"featured_media":4790,"comment_status":"open","ping_status":"open","sticky":false,"template":"","format":"standard","meta":{"footnotes":"","jetpack_publicize_message":"","jetpack_publicize_feature_enabled":true,"jetpack_social_post_already_shared":false,"jetpack_social_options":{"image_generator_settings":{"template":"highway","default_image_id":0,"font":"","enabled":false},"version":2}},"categories":[13],"tags":[569,37,662],"class_list":["post-4786","post","type-post","status-publish","format-standard","has-post-thumbnail","hentry","category-interes-general","tag-coronavirus","tag-destacada","tag-ingreso"],"jetpack_publicize_connections":[],"jetpack_featured_media_url":"https:\/\/revistaepocadigital.com.ar\/wp-content\/uploads\/2020\/03\/90938832_3176199775766293_910054706179473408_n.jpg","jetpack_likes_enabled":true,"_links":{"self":[{"href":"https:\/\/revistaepocadigital.com.ar\/index.php?rest_route=\/wp\/v2\/posts\/4786","targetHints":{"allow":["GET"]}}],"collection":[{"href":"https:\/\/revistaepocadigital.com.ar\/index.php?rest_route=\/wp\/v2\/posts"}],"about":[{"href":"https:\/\/revistaepocadigital.com.ar\/index.php?rest_route=\/wp\/v2\/types\/post"}],"author":[{"embeddable":true,"href":"https:\/\/revistaepocadigital.com.ar\/index.php?rest_route=\/wp\/v2\/users\/3"}],"replies":[{"embeddable":true,"href":"https:\/\/revistaepocadigital.com.ar\/index.php?rest_route=%2Fwp%2Fv2%2Fcomments&post=4786"}],"version-history":[{"count":0,"href":"https:\/\/revistaepocadigital.com.ar\/index.php?rest_route=\/wp\/v2\/posts\/4786\/revisions"}],"wp:featuredmedia":[{"embeddable":true,"href":"https:\/\/revistaepocadigital.com.ar\/index.php?rest_route=\/wp\/v2\/media\/4790"}],"wp:attachment":[{"href":"https:\/\/revistaepocadigital.com.ar\/index.php?rest_route=%2Fwp%2Fv2%2Fmedia&parent=4786"}],"wp:term":[{"taxonomy":"category","embeddable":true,"href":"https:\/\/revistaepocadigital.com.ar\/index.php?rest_route=%2Fwp%2Fv2%2Fcategories&post=4786"},{"taxonomy":"post_tag","embeddable":true,"href":"https:\/\/revistaepocadigital.com.ar\/index.php?rest_route=%2Fwp%2Fv2%2Ftags&post=4786"}],"curies":[{"name":"wp","href":"https:\/\/api.w.org\/{rel}","templated":true}]}}