{"id":4792,"date":"2020-03-27T15:51:43","date_gmt":"2020-03-27T18:51:43","guid":{"rendered":"https:\/\/revistaepocadigital.com.ar\/?p=4792"},"modified":"2020-03-27T15:55:06","modified_gmt":"2020-03-27T18:55:06","slug":"controlan-precios-maximos-en-el-distrito-no-a-las-avivadas","status":"publish","type":"post","link":"https:\/\/revistaepocadigital.com.ar\/?p=4792","title":{"rendered":"CONTROLAN PRECIOS M\u00c1XIMOS EN EL DISTRITO. NO A LAS AVIVADAS"},"content":{"rendered":"<div id=\"pf1\" class=\"dp-page-outer\">\n<div class=\"dp-page-inner\">\n<div id=\"pg-1pf1\" class=\"pf pg-1w0 pg-1h0\">\n<div class=\"pc pg-1pc1 pg-1w0 pg-1h0\">\n<div class=\"c pg-1x1 pg-1y1 pg-1w2 pg-1h2\">\n<div class=\"t pg-1m0 pg-1x2 pg-1h3 pg-1y2 pg-1ff1 pg-1fs0 pg-1fc0 pg-1sc0 pg-1ls0 pg-1ws0\"><strong>COMENZ\u00d3 EL RELEVAMIENTO. <!--more--><!--more--><\/strong><\/div>\n<div><\/div>\n<div class=\"t pg-1m0 pg-1x2 pg-1h3 pg-1y3 pg-1ff1 pg-1fs0 pg-1fc0 pg-1sc0 pg-1ls0 pg-1ws0\">Desde la <strong>Direcci\u00f3n de Producci\u00f3n y Medio Ambiente<\/strong> del municipio de Exaltaci\u00f3n de la Cruz, en coordinaci\u00f3n con las delegaciones, inspectores y voluntarios de diferentes organizaciones pol\u00edticas y sociales, comenz\u00f3 (26-3-20) el relevamiento del nivel de abastecimiento y la fiscalizaci\u00f3n de precios m\u00e1ximos en los comercios de proximidad.<\/div>\n<div><\/div>\n<div class=\"t pg-1m0 pg-1x2 pg-1h3 pg-1y7 pg-1ff1 pg-1fs0 pg-1fc0 pg-1sc0 pg-1ls0 pg-1ws0\">Este relevamiento abarca no s\u00f3lo los centros urbanos, sino que llegara durante los pr\u00f3ximos d\u00edas a todas las localidades.<\/div>\n<\/div>\n<div><\/div>\n<div class=\"c pg-1x1 pg-1y1 pg-1w2 pg-1h2\">\n<div><strong><img loading=\"lazy\" decoding=\"async\" class=\"aligncenter size-full wp-image-4798\" src=\"https:\/\/revistaepocadigital.com.ar\/wp-content\/uploads\/2020\/03\/CONTROL.PRECI_.jpg\" alt=\"\" width=\"699\" height=\"850\" srcset=\"https:\/\/revistaepocadigital.com.ar\/wp-content\/uploads\/2020\/03\/CONTROL.PRECI_.jpg 699w, https:\/\/revistaepocadigital.com.ar\/wp-content\/uploads\/2020\/03\/CONTROL.PRECI_-247x300.jpg 247w, https:\/\/revistaepocadigital.com.ar\/wp-content\/uploads\/2020\/03\/CONTROL.PRECI_-696x846.jpg 696w, https:\/\/revistaepocadigital.com.ar\/wp-content\/uploads\/2020\/03\/CONTROL.PRECI_-345x420.jpg 345w, https:\/\/revistaepocadigital.com.ar\/wp-content\/uploads\/2020\/03\/CONTROL.PRECI_-691x840.jpg 691w\" sizes=\"auto, (max-width: 699px) 100vw, 699px\" \/><\/strong><\/div>\n<div class=\"t pg-1m0 pg-1x2 pg-1h3 pg-1y9 pg-1ff1 pg-1fs0 pg-1fc0 pg-1sc0 pg-1ls0 pg-1ws0\">Los controles se llevaron a cabo en<strong> Capilla del Se\u00f1or y Los Cardales (foto portada, el concejal Emmanuel Mart\u00ednez de Unidad Ciudadana, y el ex edil Mart\u00edn Real Salas, en el cometido),<\/strong> como as\u00ed tambi\u00e9n en\u00a0<strong>supermercados del corredor de la ruta 8<\/strong>. Seg\u00fan se constat\u00f3, all\u00ed hubo diferencias notables en algunos productos, problemas en la cadena de log\u00edstica y transporte, y se labraron las correspondientes actas seg\u00fan la reglamentaci\u00f3n vigente.<\/div>\n<div><\/div>\n<div class=\"t pg-1m0 pg-1x2 pg-1h3 pg-1yd pg-1ff1 pg-1fs0 pg-1fc0 pg-1sc0 pg-1ls0 pg-1ws0\">Tambi\u00e9n, en los sectores m\u00e1s alejados<strong> (Arturo Mateo y Puente Fierro y en la zona de Parada Roles)<\/strong>, se detect\u00f3 la imposibilidad de los comercios de abastecerse del programa Precios Cuidados y el abuso de mayoristas proveedores.<\/div>\n<div><\/div>\n<div class=\"t pg-1m0 pg-1x2 pg-1h3 pg-1y10 pg-1ff1 pg-1fs0 pg-1fc0 pg-1sc0 pg-1ls0 pg-1ws0\">As\u00ed, se decidi\u00f3 avanzar en la organizaci\u00f3n de una red de abastecimiento y log\u00edstica, coordinada por la direcci\u00f3n de Producci\u00f3n y Medioambiente, para que todos los peque\u00f1os comerciantes y los vecinos accedan finalmente en sus barrios a los Precios Cuidados.<\/div>\n<div><\/div>\n<\/div>\n<div>Fotos: Prensa municipalidad.<\/div>\n<\/div>\n<\/div>\n<\/div>\n<\/div>\n<p>&nbsp;<\/p>\n","protected":false},"excerpt":{"rendered":"<p>COMENZ\u00d3 EL RELEVAMIENTO.<\/p>\n","protected":false},"author":3,"featured_media":4795,"comment_status":"open","ping_status":"open","sticky":false,"template":"","format":"standard","meta":{"footnotes":"","jetpack_publicize_message":"","jetpack_publicize_feature_enabled":true,"jetpack_social_post_already_shared":false,"jetpack_social_options":{"image_generator_settings":{"template":"highway","default_image_id":0,"font":"","enabled":false},"version":2}},"categories":[4,17],"tags":[663,569],"class_list":["post-4792","post","type-post","status-publish","format-standard","has-post-thumbnail","hentry","category-aqui-los-cardales","category-politica","tag-control-precios","tag-coronavirus"],"jetpack_publicize_connections":[],"jetpack_featured_media_url":"https:\/\/revistaepocadigital.com.ar\/wp-content\/uploads\/2020\/03\/CONTROL-PRECIOS20.jpg","jetpack_likes_enabled":true,"_links":{"self":[{"href":"https:\/\/revistaepocadigital.com.ar\/index.php?rest_route=\/wp\/v2\/posts\/4792","targetHints":{"allow":["GET"]}}],"collection":[{"href":"https:\/\/revistaepocadigital.com.ar\/index.php?rest_route=\/wp\/v2\/posts"}],"about":[{"href":"https:\/\/revistaepocadigital.com.ar\/index.php?rest_route=\/wp\/v2\/types\/post"}],"author":[{"embeddable":true,"href":"https:\/\/revistaepocadigital.com.ar\/index.php?rest_route=\/wp\/v2\/users\/3"}],"replies":[{"embeddable":true,"href":"https:\/\/revistaepocadigital.com.ar\/index.php?rest_route=%2Fwp%2Fv2%2Fcomments&post=4792"}],"version-history":[{"count":0,"href":"https:\/\/revistaepocadigital.com.ar\/index.php?rest_route=\/wp\/v2\/posts\/4792\/revisions"}],"wp:featuredmedia":[{"embeddable":true,"href":"https:\/\/revistaepocadigital.com.ar\/index.php?rest_route=\/wp\/v2\/media\/4795"}],"wp:attachment":[{"href":"https:\/\/revistaepocadigital.com.ar\/index.php?rest_route=%2Fwp%2Fv2%2Fmedia&parent=4792"}],"wp:term":[{"taxonomy":"category","embeddable":true,"href":"https:\/\/revistaepocadigital.com.ar\/index.php?rest_route=%2Fwp%2Fv2%2Fcategories&post=4792"},{"taxonomy":"post_tag","embeddable":true,"href":"https:\/\/revistaepocadigital.com.ar\/index.php?rest_route=%2Fwp%2Fv2%2Ftags&post=4792"}],"curies":[{"name":"wp","href":"https:\/\/api.w.org\/{rel}","templated":true}]}}