{"id":4861,"date":"2020-03-31T21:43:38","date_gmt":"2020-04-01T00:43:38","guid":{"rendered":"https:\/\/revistaepocadigital.com.ar\/?p=4861"},"modified":"2020-04-01T15:29:54","modified_gmt":"2020-04-01T18:29:54","slug":"bancos-abiertos-para-pago-a-jubilados","status":"publish","type":"post","link":"https:\/\/revistaepocadigital.com.ar\/?p=4861","title":{"rendered":"Bancos abiertos para pago a jubilados"},"content":{"rendered":"<p><strong>EL VIERNES 3 DE ABRIL.<\/strong><!--more--><\/p>\n<p>Lo hizo saber el gremio que nuclea a los bancarios. El Banco Central definia la metolog\u00eda a aplicarse para atender y pagar a jubiliados, pensionados y beneficiarios de asignaciones de la seguridad social, respetando las normas de prevenci\u00f3n y distancias sociales fijadas debido al coronavirus. En Exaltaci\u00f3n de la Cruz, como es sabido, atender\u00e1n las sucursales locales del Banco Provincia de Buenos Aires y Banco Naci\u00f3n.<\/p>\n<p><img loading=\"lazy\" decoding=\"async\" class=\"aligncenter size-full wp-image-4867\" src=\"https:\/\/revistaepocadigital.com.ar\/wp-content\/uploads\/2020\/03\/bco-2.jpg\" alt=\"\" width=\"404\" height=\"303\" srcset=\"https:\/\/revistaepocadigital.com.ar\/wp-content\/uploads\/2020\/03\/bco-2.jpg 404w, https:\/\/revistaepocadigital.com.ar\/wp-content\/uploads\/2020\/03\/bco-2-300x225.jpg 300w, https:\/\/revistaepocadigital.com.ar\/wp-content\/uploads\/2020\/03\/bco-2-80x60.jpg 80w, https:\/\/revistaepocadigital.com.ar\/wp-content\/uploads\/2020\/03\/bco-2-160x120.jpg 160w, https:\/\/revistaepocadigital.com.ar\/wp-content\/uploads\/2020\/03\/bco-2-265x198.jpg 265w\" sizes=\"auto, (max-width: 404px) 100vw, 404px\" \/><\/p>\n<div class=\"itemFullText\">\n<p>La aglomeraci\u00f3n de p\u00fablico formando laras colas para ingresar a los cajeros autom\u00e1ticos, y en muchos casos, sin respetar las distancias recomendadas, result\u00f3 una raz\u00f3n valedera para abrir los bancos y abonar a jubilados y pensionados.<\/p>\n<p>Eduardo Berrozpe, secretario de prensa del gremio bancarios, hizo saber que en forma voluntaria, van a prestar servicios. El sindicato hab\u00eda adelantado en un comunicado que tras la reuni\u00f3n del lunes entre el jefe del gremio Sergio Palazzo, y los presidentes del Banco Central, Miguel Pesce, y del Banco Naci\u00f3n Eduardo Hecker, el Central iba a disponer &#8220;la apertura el pago de beneficios sociales exclusivamente a partir del d\u00eda viernes&#8221;.<\/p>\n<p>Berroszpe explic\u00f3, en declaraciones radiales, que deben atender a unas 14 millones de personas, y que ser\u00e1 fundamental que haya orden al momento de que vayan a cobrar a las sucursales. Desde el Banco Central informaron a la agencia de noticiasT\u00e9lam que resolv\u00edan en estas horas, como han de funcionar las entidades financieras y cambiarias, a partir de las restricciones dispuestas por el gobierno con la extensi\u00f3n del aislamiento social obligatorio hasta el 12 de abril para reducir los contagios de coronavirus.<\/p>\n<\/div>\n<p>&nbsp;<\/p>\n","protected":false},"excerpt":{"rendered":"<p>EL VIERNES 3 DE ABRIL.<\/p>\n","protected":false},"author":4,"featured_media":4866,"comment_status":"open","ping_status":"open","sticky":false,"template":"","format":"standard","meta":{"footnotes":"","jetpack_publicize_message":"","jetpack_publicize_feature_enabled":true,"jetpack_social_post_already_shared":false,"jetpack_social_options":{"image_generator_settings":{"template":"highway","default_image_id":0,"font":"","enabled":false},"version":2}},"categories":[17],"tags":[672,569,673],"class_list":["post-4861","post","type-post","status-publish","format-standard","has-post-thumbnail","hentry","category-politica","tag-bancos","tag-coronavirus","tag-pago-jubilados"],"jetpack_publicize_connections":[],"jetpack_featured_media_url":"https:\/\/revistaepocadigital.com.ar\/wp-content\/uploads\/2020\/03\/bco.jpg","jetpack_likes_enabled":true,"_links":{"self":[{"href":"https:\/\/revistaepocadigital.com.ar\/index.php?rest_route=\/wp\/v2\/posts\/4861","targetHints":{"allow":["GET"]}}],"collection":[{"href":"https:\/\/revistaepocadigital.com.ar\/index.php?rest_route=\/wp\/v2\/posts"}],"about":[{"href":"https:\/\/revistaepocadigital.com.ar\/index.php?rest_route=\/wp\/v2\/types\/post"}],"author":[{"embeddable":true,"href":"https:\/\/revistaepocadigital.com.ar\/index.php?rest_route=\/wp\/v2\/users\/4"}],"replies":[{"embeddable":true,"href":"https:\/\/revistaepocadigital.com.ar\/index.php?rest_route=%2Fwp%2Fv2%2Fcomments&post=4861"}],"version-history":[{"count":0,"href":"https:\/\/revistaepocadigital.com.ar\/index.php?rest_route=\/wp\/v2\/posts\/4861\/revisions"}],"wp:featuredmedia":[{"embeddable":true,"href":"https:\/\/revistaepocadigital.com.ar\/index.php?rest_route=\/wp\/v2\/media\/4866"}],"wp:attachment":[{"href":"https:\/\/revistaepocadigital.com.ar\/index.php?rest_route=%2Fwp%2Fv2%2Fmedia&parent=4861"}],"wp:term":[{"taxonomy":"category","embeddable":true,"href":"https:\/\/revistaepocadigital.com.ar\/index.php?rest_route=%2Fwp%2Fv2%2Fcategories&post=4861"},{"taxonomy":"post_tag","embeddable":true,"href":"https:\/\/revistaepocadigital.com.ar\/index.php?rest_route=%2Fwp%2Fv2%2Ftags&post=4861"}],"curies":[{"name":"wp","href":"https:\/\/api.w.org\/{rel}","templated":true}]}}