{"id":4874,"date":"2020-04-01T16:23:26","date_gmt":"2020-04-01T19:23:26","guid":{"rendered":"https:\/\/revistaepocadigital.com.ar\/?p=4874"},"modified":"2020-04-01T16:23:26","modified_gmt":"2020-04-01T19:23:26","slug":"hay-explicacion-desconocidos-danaron-mucho-los-vestuarios-del-club-social-y-deportivo-capilla","status":"publish","type":"post","link":"https:\/\/revistaepocadigital.com.ar\/?p=4874","title":{"rendered":"\u00bfHay explicaci\u00f3n?, desconocidos da\u00f1aron mucho los vestuarios del Club Social y Deportivo Capilla)"},"content":{"rendered":"<p><strong>INCALIFICABLE<\/strong>.<!--more--><\/p>\n<p>V\u00e1ndalos destruyeron el vestuario de<strong> Club Social y Deportivo Capilla.<\/strong> En el muro de Facebook, la entidad hizo saber tan repudiable acci\u00f3n.<\/p>\n<p>&#8220;Con much\u00edsima frustraci\u00f3n, esta ma\u00f1ana nos encontramos que el vestuario y el gimnasio del club fueron vandalizados durante la madrugada.<\/p>\n<p>M\u00e1s all\u00e1 del escenario social particular que nos toca vivir, resulta incre\u00edble que existan vecinos dispuestos a arruinar y robar materiales que son nada m\u00e1s y nada menos que para el disfrute de los chicos y chicas que frecuentan la instituci\u00f3n.<\/p>\n<p><img loading=\"lazy\" decoding=\"async\" class=\"aligncenter size-full wp-image-4884\" src=\"https:\/\/revistaepocadigital.com.ar\/wp-content\/uploads\/2020\/04\/club-a.jpg\" alt=\"\" width=\"480\" height=\"270\" srcset=\"https:\/\/revistaepocadigital.com.ar\/wp-content\/uploads\/2020\/04\/club-a.jpg 480w, https:\/\/revistaepocadigital.com.ar\/wp-content\/uploads\/2020\/04\/club-a-300x169.jpg 300w\" sizes=\"auto, (max-width: 480px) 100vw, 480px\" \/><\/p>\n<p>Como se ve en la foto, quienes ingresaron forzaron los<span class=\"text_exposed_show\"> lockers que se utilizan para guardar elementos de todo tipo, llev\u00e1ndose botines, zapatillas y ropa. Tambi\u00e9n sustrajeron gran cantidad de pelotas y el juego completo de indumentaria que utiliza la Primera Divisi\u00f3n.<\/span><\/p>\n<div class=\"text_exposed_show\">\n<p>Somos un pueblo chico y nos conocemos todos, as\u00ed que m\u00e1s all\u00e1 de la indignaci\u00f3n, les pedimos que si divisan a alguien empleando o comercializando alguno de estos elementos, no duden en comunicarse con nosotros.<\/p>\n<\/div>\n","protected":false},"excerpt":{"rendered":"<p>INCALIFICABLE.<\/p>\n","protected":false},"author":3,"featured_media":4883,"comment_status":"open","ping_status":"open","sticky":false,"template":"","format":"standard","meta":{"footnotes":"","jetpack_publicize_message":"","jetpack_publicize_feature_enabled":true,"jetpack_social_post_already_shared":false,"jetpack_social_options":{"image_generator_settings":{"template":"highway","default_image_id":0,"font":"","enabled":false},"version":2}},"categories":[9],"tags":[513],"class_list":["post-4874","post","type-post","status-publish","format-standard","has-post-thumbnail","hentry","category-deportes","tag-club-social-y-deportivo-capilla"],"jetpack_publicize_connections":[],"jetpack_featured_media_url":"https:\/\/revistaepocadigital.com.ar\/wp-content\/uploads\/2020\/04\/club-1.jpg","jetpack_likes_enabled":true,"_links":{"self":[{"href":"https:\/\/revistaepocadigital.com.ar\/index.php?rest_route=\/wp\/v2\/posts\/4874","targetHints":{"allow":["GET"]}}],"collection":[{"href":"https:\/\/revistaepocadigital.com.ar\/index.php?rest_route=\/wp\/v2\/posts"}],"about":[{"href":"https:\/\/revistaepocadigital.com.ar\/index.php?rest_route=\/wp\/v2\/types\/post"}],"author":[{"embeddable":true,"href":"https:\/\/revistaepocadigital.com.ar\/index.php?rest_route=\/wp\/v2\/users\/3"}],"replies":[{"embeddable":true,"href":"https:\/\/revistaepocadigital.com.ar\/index.php?rest_route=%2Fwp%2Fv2%2Fcomments&post=4874"}],"version-history":[{"count":0,"href":"https:\/\/revistaepocadigital.com.ar\/index.php?rest_route=\/wp\/v2\/posts\/4874\/revisions"}],"wp:featuredmedia":[{"embeddable":true,"href":"https:\/\/revistaepocadigital.com.ar\/index.php?rest_route=\/wp\/v2\/media\/4883"}],"wp:attachment":[{"href":"https:\/\/revistaepocadigital.com.ar\/index.php?rest_route=%2Fwp%2Fv2%2Fmedia&parent=4874"}],"wp:term":[{"taxonomy":"category","embeddable":true,"href":"https:\/\/revistaepocadigital.com.ar\/index.php?rest_route=%2Fwp%2Fv2%2Fcategories&post=4874"},{"taxonomy":"post_tag","embeddable":true,"href":"https:\/\/revistaepocadigital.com.ar\/index.php?rest_route=%2Fwp%2Fv2%2Ftags&post=4874"}],"curies":[{"name":"wp","href":"https:\/\/api.w.org\/{rel}","templated":true}]}}