{"id":4880,"date":"2020-04-01T16:52:41","date_gmt":"2020-04-01T19:52:41","guid":{"rendered":"https:\/\/revistaepocadigital.com.ar\/?p=4880"},"modified":"2020-04-01T17:03:22","modified_gmt":"2020-04-01T20:03:22","slug":"el-fallecimiento-de-alex-lagouarde-un-optimista-de-la-vida","status":"publish","type":"post","link":"https:\/\/revistaepocadigital.com.ar\/?p=4880","title":{"rendered":"El fallecimiento de Alex Lagouarde, un optimista de la vida"},"content":{"rendered":"<p><strong>MUY CONOCIDO Y APRECIADO.<\/strong><!--more--><\/p>\n<p><strong>Alejandro Lagouarde,<\/strong> miembro de la familia Lagouarde, reconocida familia de <strong>Capilla del Se\u00f1or y Los Cardales. Alex, ha fallecido.<\/strong> V\u00edctirma de una prolongada dolencia, se fue un hombre valioso y comprometido con la comunidad, un optimista y emprendedor de la vida.<\/p>\n<p>Alex Lagouarde, dedicado desde hac\u00eda muchos a\u00f1os al rubro inmobilario, siempre mir\u00f3 hacia adelante junto a su esposa Teresa y sus hijos Axel, Alejo y Nicol\u00e0s.<\/p>\n<figure id=\"attachment_4890\" aria-describedby=\"caption-attachment-4890\" style=\"width: 960px\" class=\"wp-caption aligncenter\"><img loading=\"lazy\" decoding=\"async\" class=\"size-full wp-image-4890\" src=\"https:\/\/revistaepocadigital.com.ar\/wp-content\/uploads\/2020\/04\/lago-hno.jpg\" alt=\"\" width=\"960\" height=\"720\" srcset=\"https:\/\/revistaepocadigital.com.ar\/wp-content\/uploads\/2020\/04\/lago-hno.jpg 960w, https:\/\/revistaepocadigital.com.ar\/wp-content\/uploads\/2020\/04\/lago-hno-300x225.jpg 300w, https:\/\/revistaepocadigital.com.ar\/wp-content\/uploads\/2020\/04\/lago-hno-768x576.jpg 768w, https:\/\/revistaepocadigital.com.ar\/wp-content\/uploads\/2020\/04\/lago-hno-80x60.jpg 80w, https:\/\/revistaepocadigital.com.ar\/wp-content\/uploads\/2020\/04\/lago-hno-160x120.jpg 160w, https:\/\/revistaepocadigital.com.ar\/wp-content\/uploads\/2020\/04\/lago-hno-265x198.jpg 265w, https:\/\/revistaepocadigital.com.ar\/wp-content\/uploads\/2020\/04\/lago-hno-696x522.jpg 696w, https:\/\/revistaepocadigital.com.ar\/wp-content\/uploads\/2020\/04\/lago-hno-560x420.jpg 560w\" sizes=\"auto, (max-width: 960px) 100vw, 960px\" \/><figcaption id=\"caption-attachment-4890\" class=\"wp-caption-text\">Los hermanos Lagouarde. El fallecido Alejandro (parado) junto a Laura, Silvia, Sergio (muri\u00f3 hace un par de a\u00f1os) y Cristina.<\/figcaption><\/figure>\n<p>Los Lagouarde en Capilla del Se\u00f1or y Cardales, fueron y siguen siendo una de las familias que supieron encabezar don Esteban y Nelly, al frente de la farmacia capillense, de las m\u00e1s arraigadas al terru\u00f1o. A pesar que hermanos de Alex como Cristina, Silvia y Sergio (tambi\u00e9n fallecido hace unos pocos a\u00f1os), se radicaran en Espa\u00f1a desde los a\u00f1os \u00b470, en tanto otra de las hermanas, Laura, vive en Capilla del Se\u00f1or, desde donde ha desarrollado su labor.<\/p>\n<p>Entre las entidades en las que volc\u00f3 su aporte Alejandro Lagouarde, estuvo la cooperativa Copesel con sede en Cardales, de la que fue uno de los socios fundadores y presidente. Desde la cooperativa, lo recordaron as\u00ed a su &#8220;querido socio fundador y visionario presidente, quien con dedicaci\u00f2n, laboriosidad, desinter\u00e8s, don de gente y culto a la amistad, benefici\u00f3 a la comunidad de Los Cardales, con servicios y prestaciones de calidad&#8221;, acompa\u00f1ando claro con mucha tristeza a su esposa e hijos.<\/p>\n","protected":false},"excerpt":{"rendered":"<p>MUY CONOCIDO Y APRECIADO.<\/p>\n","protected":false},"author":4,"featured_media":4888,"comment_status":"open","ping_status":"open","sticky":false,"template":"","format":"standard","meta":{"footnotes":"","jetpack_publicize_message":"","jetpack_publicize_feature_enabled":true,"jetpack_social_post_already_shared":false,"jetpack_social_options":{"image_generator_settings":{"template":"highway","default_image_id":0,"font":"","enabled":false},"version":2}},"categories":[4],"tags":[675,405],"class_list":["post-4880","post","type-post","status-publish","format-standard","has-post-thumbnail","hentry","category-aqui-los-cardales","tag-alejandro-lagouarde","tag-fallecimiento"],"jetpack_publicize_connections":[],"jetpack_featured_media_url":"https:\/\/revistaepocadigital.com.ar\/wp-content\/uploads\/2020\/04\/lagouar.jpg","jetpack_likes_enabled":true,"_links":{"self":[{"href":"https:\/\/revistaepocadigital.com.ar\/index.php?rest_route=\/wp\/v2\/posts\/4880","targetHints":{"allow":["GET"]}}],"collection":[{"href":"https:\/\/revistaepocadigital.com.ar\/index.php?rest_route=\/wp\/v2\/posts"}],"about":[{"href":"https:\/\/revistaepocadigital.com.ar\/index.php?rest_route=\/wp\/v2\/types\/post"}],"author":[{"embeddable":true,"href":"https:\/\/revistaepocadigital.com.ar\/index.php?rest_route=\/wp\/v2\/users\/4"}],"replies":[{"embeddable":true,"href":"https:\/\/revistaepocadigital.com.ar\/index.php?rest_route=%2Fwp%2Fv2%2Fcomments&post=4880"}],"version-history":[{"count":0,"href":"https:\/\/revistaepocadigital.com.ar\/index.php?rest_route=\/wp\/v2\/posts\/4880\/revisions"}],"wp:featuredmedia":[{"embeddable":true,"href":"https:\/\/revistaepocadigital.com.ar\/index.php?rest_route=\/wp\/v2\/media\/4888"}],"wp:attachment":[{"href":"https:\/\/revistaepocadigital.com.ar\/index.php?rest_route=%2Fwp%2Fv2%2Fmedia&parent=4880"}],"wp:term":[{"taxonomy":"category","embeddable":true,"href":"https:\/\/revistaepocadigital.com.ar\/index.php?rest_route=%2Fwp%2Fv2%2Fcategories&post=4880"},{"taxonomy":"post_tag","embeddable":true,"href":"https:\/\/revistaepocadigital.com.ar\/index.php?rest_route=%2Fwp%2Fv2%2Ftags&post=4880"}],"curies":[{"name":"wp","href":"https:\/\/api.w.org\/{rel}","templated":true}]}}