{"id":4893,"date":"2020-04-02T16:33:36","date_gmt":"2020-04-02T19:33:36","guid":{"rendered":"https:\/\/revistaepocadigital.com.ar\/?p=4893"},"modified":"2020-04-02T17:29:37","modified_gmt":"2020-04-02T20:29:37","slug":"el-seguro-de-desempleo-se-cobraba-en-bancos-a-partir-del-viernes-3-de-abril","status":"publish","type":"post","link":"https:\/\/revistaepocadigital.com.ar\/?p=4893","title":{"rendered":"SEGURO DE DESEMPLEO E  INGRESO FAMILIAR SE COBRABA EN BANCOS A PARTIR DEL 3 DE ABRIL\u00a0"},"content":{"rendered":"<table class=\"yiv9124643336outer\" align=\"center\">\n<tbody>\n<tr>\n<td class=\"yiv9124643336one-column\">\n<table class=\"yiv9124643336\" width=\"100%\">\n<tbody>\n<tr class=\"yiv9124643336\">\n<td class=\"yiv9124643336inner yiv9124643336contents \">\n<h5 class=\"yiv9124643336h1\"><span style=\"font-size: x-large;\">LA DISPOSICION DEL BANCO CENTRAL. <!--more--><\/span><\/h5>\n<p>Las entidades financieras abr\u00edan sus sucursales a partir del viernes 3 de abril para atender de forma exclusiva el pago de jubilaciones, pensiones y prestaciones, planes o programas de ayuda.<\/p>\n<p>La ANSES inform\u00f3 que el seguro por desempleo se cobrara en bancos a partir del viernes 3 de abril. El Banco Central de la Rep\u00fablica Argentina (BCRA) resolvi\u00f3, a trav\u00e9s de la <i>Comunicaci\u00f3n A6949<\/i>, que las entidades financieras abrir\u00e1n sus sucursales para la atenci\u00f3n de beneficiarios de haberes previsionales y pensiones integrantes del Sistema Integrado Previsional Argentino (SIPA) o de aqu\u00e9llos cuyo ente administrador corresponda a jurisdicciones provinciales o a la Ciudad Aut\u00f3noma de Buenos Aires, o beneficiarios de prestaciones, planes o programas de ayuda abonados por la Administraci\u00f3n Nacional de la Seguridad Social (ANSES) u otro ente administrador de pagos.<\/p>\n<p><strong>Seguro por Desempleo<\/strong><\/p>\n<p>El Seguro por Desempleo brinda a los trabajadores asalariados registrados, legalmente despedidos sin justa causa, un pago mensual, asignaciones familiares y cobertura m\u00e9dica mientras est\u00e9n temporalmente sin empleo.\u200b<\/p>\n<div>\n<div>\n<div>\n<div dir=\"ltr\">\n<div>\n<div>\n<div>\n<div>\n<div dir=\"ltr\">\n<div>\n<div>\n<div>\n<div>\n<div dir=\"ltr\">\n<div>\n<div>\n<div>\n<div>\n<div>\n<div>\n<div>\n<div>\n<div>\n<div>\n<div>\n<div>\n<div>\n<div>\n<div>\n<div>\n<div>\n<div>\n<div>\n<div>\n<div>\n<div>\n<div dir=\"ltr\">\n<div>\n<div dir=\"ltr\">\n<div>\n<div dir=\"ltr\">\n<div>\n<div dir=\"ltr\">\n<div>\n<div dir=\"ltr\">\n<div>\n<div>\n<div>\n<div>\n<div>\n<div>\n<div>\n<div>\n<div>\n<div>\n<table class=\"yiv7327121777outer\" align=\"center\">\n<tbody>\n<tr>\n<td class=\"yiv7327121777one-column\">\n<table class=\"yiv7327121777\" width=\"100%\">\n<tbody>\n<tr class=\"yiv7327121777\">\n<td class=\"yiv7327121777inner yiv7327121777contents \">\n<p class=\"yiv7327121777h1\"><span style=\"color: #065595; font-family: Arial, Helvetica, sans-serif;\"><b><strong>TAMBIEN PAGABAN EL INGRESO FAMILIAR DE EMERGENCIA A LOS BENEFICIARIOS DE ASIGNACI\u00d3N UNIVERSAL POR HIJO Y POR EMBARAZO<\/strong><\/b><\/span><\/p>\n<p><span style=\"color: #757b80; font-family: Arial, Helvetica, sans-serif;\">La ANSES inform\u00f3 que los beneficiarios de Asignaci\u00f3n Universal por Hijo (AUH) y por Embarazo (AUE) comenzar\u00e1n a cobrar el pr\u00f3ximo <strong>viernes 3 de abril<\/strong> el Ingreso Familiar de Emergencia (IFE) de 10.000 pesos.<\/span><\/p>\n<div>\n<p>A efectos de facilitar el cobro y evitar aglomeraciones que afecten negativamente la cuarentena vigente hasta el 13 de abril pr\u00f3ximo, <strong>los beneficiarios de AUH y AUE, cuyos documentos de identidad terminen en los n\u00fameros 0, 1, 2 y 3, tendr\u00e1n los 10.000 pesos acreditados en sus cuentas el pr\u00f3ximo viernes 3<\/strong> y podr\u00e1n retirarlos por cajeros autom\u00e1ticos o, en caso de dificultades para hacerlo por esa v\u00eda, por cajero en la sucursal bancaria correspondiente.<\/p>\n<p>A partir del s\u00e1bado 4 de abril y en el curso del fin de semana, la totalidad de los beneficiarios de AUH y AUE (con todas las terminaciones de documento) tendr\u00e1 acreditado el IFE de 10.000 pesos en sus cuentas, por lo que podr\u00e1n ir retir\u00e1ndolos a trav\u00e9s de cajeros autom\u00e1ticos en el momento en que lo deseen a partir de su acreditaci\u00f3n durante esos dos d\u00edas.<\/p>\n<p><strong>Aquellos beneficiarios que tuviesen alg\u00fan inconveniente en el uso de los cajeros autom\u00e1ticos para realizar el cobro, tendr\u00e1n la posibilidad de hacerlo en las sucursales bancarias que les correspondan.<\/strong> En el caso de las personas cuyos DNI terminen en 4, 5 y 6 que deban cobrar personalmente, podr\u00e1n hacerlo en las oficinas bancarias el lunes 6. Mientras que los que tengan el documento finalizado en 7, 8 y 9 lo podr\u00e1n hacer el martes 7 en esas sucursales.<\/p>\n<p>Cabe aclarar que, en el caso de los <strong>jubilados y pensionados, los calendarios de pago de abril se mantienen como ya estaban establecidos<\/strong> y solo deber\u00e1n acercarse a las sucursales quienes no tengan tarjeta de d\u00e9bito o no tengan otra manera de cobrar los haberes de marzo que no sea en forma presencial.<\/p>\n<p>&nbsp;<\/p>\n<\/div>\n<\/td>\n<\/tr>\n<\/tbody>\n<\/table>\n<\/td>\n<\/tr>\n<tr>\n<td class=\"yiv7327121777full-width-image\"><img decoding=\"async\" src=\"https:\/\/ecp.yusercontent.com\/mail?url=http%3A%2F%2Fnoticias.anses.gob.ar%2Fimg%2Ffooter.jpg&amp;t=1585859067&amp;ymreqid=a1e28384-e738-286e-1cf6-95000101fa00&amp;sig=8EJhA99iZtc8CpKuYKdTUw--~C\" alt=\"ANSES\" \/><\/td>\n<\/tr>\n<\/tbody>\n<\/table>\n<\/div>\n<\/div>\n<\/div>\n<\/div>\n<\/div>\n<\/div>\n<\/div>\n<\/div>\n<\/div>\n<\/div>\n<\/div>\n<\/div>\n<\/div>\n<\/div>\n<\/div>\n<\/div>\n<\/div>\n<\/div>\n<\/div>\n<\/div>\n<\/div>\n<\/div>\n<\/div>\n<\/div>\n<\/div>\n<\/div>\n<\/div>\n<\/div>\n<\/div>\n<\/div>\n<\/div>\n<\/div>\n<\/div>\n<\/div>\n<\/div>\n<\/div>\n<\/div>\n<\/div>\n<\/div>\n<\/div>\n<\/div>\n<\/div>\n<\/div>\n<\/div>\n<\/div>\n<\/div>\n<\/div>\n<\/div>\n<\/div>\n<\/div>\n<\/div>\n<\/div>\n<\/div>\n<\/div>\n<\/div>\n<p>Foto\u00a0 portada: gentileza El Diario Sur<\/p>\n<p>&nbsp;<\/td>\n<\/tr>\n<\/tbody>\n<\/table>\n<\/td>\n<\/tr>\n<tr>\n<td class=\"yiv9124643336full-width-image\"><\/td>\n<\/tr>\n<\/tbody>\n<\/table>\n<p>&nbsp;<\/p>\n","protected":false},"excerpt":{"rendered":"<p>LA DISPOSICION DEL BANCO CENTRAL.<\/p>\n","protected":false},"author":3,"featured_media":4900,"comment_status":"open","ping_status":"open","sticky":false,"template":"","format":"standard","meta":{"footnotes":"","jetpack_publicize_message":"","jetpack_publicize_feature_enabled":true,"jetpack_social_post_already_shared":false,"jetpack_social_options":{"image_generator_settings":{"template":"highway","default_image_id":0,"font":"","enabled":false},"version":2}},"categories":[81,13],"tags":[21,569,142],"class_list":["post-4893","post","type-post","status-publish","format-standard","has-post-thumbnail","hentry","category-anses","category-interes-general","tag-anses","tag-coronavirus","tag-pagos"],"jetpack_publicize_connections":[],"jetpack_featured_media_url":"https:\/\/revistaepocadigital.com.ar\/wp-content\/uploads\/2020\/04\/COLAS-DIARIO-SUR.jpg","jetpack_likes_enabled":true,"_links":{"self":[{"href":"https:\/\/revistaepocadigital.com.ar\/index.php?rest_route=\/wp\/v2\/posts\/4893","targetHints":{"allow":["GET"]}}],"collection":[{"href":"https:\/\/revistaepocadigital.com.ar\/index.php?rest_route=\/wp\/v2\/posts"}],"about":[{"href":"https:\/\/revistaepocadigital.com.ar\/index.php?rest_route=\/wp\/v2\/types\/post"}],"author":[{"embeddable":true,"href":"https:\/\/revistaepocadigital.com.ar\/index.php?rest_route=\/wp\/v2\/users\/3"}],"replies":[{"embeddable":true,"href":"https:\/\/revistaepocadigital.com.ar\/index.php?rest_route=%2Fwp%2Fv2%2Fcomments&post=4893"}],"version-history":[{"count":0,"href":"https:\/\/revistaepocadigital.com.ar\/index.php?rest_route=\/wp\/v2\/posts\/4893\/revisions"}],"wp:featuredmedia":[{"embeddable":true,"href":"https:\/\/revistaepocadigital.com.ar\/index.php?rest_route=\/wp\/v2\/media\/4900"}],"wp:attachment":[{"href":"https:\/\/revistaepocadigital.com.ar\/index.php?rest_route=%2Fwp%2Fv2%2Fmedia&parent=4893"}],"wp:term":[{"taxonomy":"category","embeddable":true,"href":"https:\/\/revistaepocadigital.com.ar\/index.php?rest_route=%2Fwp%2Fv2%2Fcategories&post=4893"},{"taxonomy":"post_tag","embeddable":true,"href":"https:\/\/revistaepocadigital.com.ar\/index.php?rest_route=%2Fwp%2Fv2%2Ftags&post=4893"}],"curies":[{"name":"wp","href":"https:\/\/api.w.org\/{rel}","templated":true}]}}