{"id":4897,"date":"2020-04-02T16:41:09","date_gmt":"2020-04-02T19:41:09","guid":{"rendered":"https:\/\/revistaepocadigital.com.ar\/?p=4897"},"modified":"2020-04-02T18:11:00","modified_gmt":"2020-04-02T21:11:00","slug":"los-gigantes-de-malvinas-la-historia-sabra-de-argentinos-que-dieron-la-vida-por-la-patria","status":"publish","type":"post","link":"https:\/\/revistaepocadigital.com.ar\/?p=4897","title":{"rendered":"Los Gigantes de Malvinas, la historia sabr\u00e1 de argentinos que dieron la vida por la patria"},"content":{"rendered":"<div id=\"hyperfeed_story_id_5e863ab77f6451962759003\" class=\"_5jmm _5pat _3lb4 p_15hhenz5x7\" role=\"article\" data-fte=\"1\" data-ftr=\"1\" data-testid=\"fbfeed_story\" data-cursor=\"MTU4NTg1NTE1MDoxNTg1ODU1MTUwOjQ6NTA4OTE0MTk2ODg1MzA0NTE2NjowOjY4MTExOTYwMDYzMTUwODM4MzU=\" data-dedupekey=\"5089141968853045166\" data-timestamp=\"1585826497\" aria-posinset=\"4\" aria-setsize=\"12\" data-referrer=\"hyperfeed_story_id_5e863ab77f6451962759003\" aria-labelledby=\"js_39\" aria-describedby=\"js_3a js_3b\" data-insertion-position=\"3\">\n<div id=\"u_jsonp_3_a\" class=\"_4-u2 mbm _4mrt _5v3q _7cqq _4-u8\">\n<div id=\"u_jsonp_3_b\" class=\"_3ccb _4pu6\" data-ft=\"{&quot;tn&quot;:&quot;-R&quot;}\" data-gt=\"{&quot;type&quot;:&quot;click2canvas&quot;,&quot;fbsource&quot;:703,&quot;ref&quot;:&quot;nf_generic&quot;}\">\n<div class=\"_5pcr userContentWrapper\" data-ft=\"{&quot;tn&quot;:&quot;-R&quot;}\">\n<div class=\"_1dwg _1w_m _q7o\" data-vc-ignore-dynamic=\"1\">\n<div>\n<div id=\"js_3b\" class=\"_5pbx userContent _3ds9 _3576\" data-testid=\"post_message\" data-ft=\"{&quot;tn&quot;:&quot;K&quot;}\">\n<div id=\"id_5e863ab7a36637583697039\" class=\"text_exposed_root text_exposed\">\n<p><strong>LA GESTA DE MALVINAS, EL RECLAMO ETERNO DE LA ARGENTINA.<!--more--><\/strong><\/p>\n<p>&nbsp;<\/p>\n<p>Cuantas vidas quedaron truncadas,<br \/>\nCu\u00e1ntos amaneceres que no se ver\u00e1n?<br \/>\nCu\u00e1ntas lunas quedaron ocultas?<br \/>\nCu\u00e1ntos sue\u00f1os que no nacer\u00e1n?<br \/>\nCu\u00e1ntas cruces se\u00f1alan ausencias?<span class=\"text_exposed_show\"><br \/>\nCu\u00e1ntas madres llorando dolor?<\/span><\/p>\n<div class=\"text_exposed_show\">\n<p>\u00a1CU\u00c1NTA TRISTEZA!<br \/>\n\u00a1Maldita la guerra!<br \/>\n\u00a1Maldita soberbia!<br \/>\n\u00a1Maldito poder!<\/p>\n<p>Cu\u00e1ntos h\u00e9roes ni\u00f1os han muerto en Malvinas?<br \/>\nSu sangre ha ba\u00f1ando las aguas del mar.<br \/>\nDe su rojo intenso se cubrieron los hielos<br \/>\nY con ella escribieron c\u00faal sello final&#8230;<\/p>\n<p>&#8220;LAS ISLAS MALVINAS&#8221;<br \/>\nSE\u00d1ORES DEL MUNDO<br \/>\nPOR SIEMPRE ARGENTINAS<br \/>\nPOR SIEMPRE SERAN&#8221;<\/p>\n<p>No habr\u00e1 poder\u00edos ni pactos&#8230; ni acuerdos,<br \/>\nni habr\u00e1 mercaderes que roben los suelos.<br \/>\nHoy la patria entera se encuentra de p\u00ede&#8230;<br \/>\nNuestras manos son lazos<br \/>\nCadenas del alma<br \/>\nesa que imposible es poderla romper.<br \/>\nNi misiles potentes<br \/>\nNi astucia perversa de mentes enfermas<br \/>\npodr\u00e1n dividir.<br \/>\nLas manos&#8230; son nuestras<br \/>\nRodeamos las Islas<br \/>\nabrazando a los h\u00e9roes que yacen all\u00ed.<br \/>\nNo olviden se\u00f1ores<br \/>\nsoberbios del mundo<br \/>\nQue todos los d\u00edas es un DOS DE ABRIL.<br \/>\nPara cada Argentino<br \/>\nJam\u00e1s habr\u00e1 olvido,<br \/>\nJam\u00e1s habr\u00e1 entrega<br \/>\nRenuncia &#8230; \u00f3&#8230; perd\u00f3n.<\/p>\n<\/div>\n<p><img loading=\"lazy\" decoding=\"async\" class=\"aligncenter size-full wp-image-4904\" src=\"https:\/\/revistaepocadigital.com.ar\/wp-content\/uploads\/2020\/04\/gue-malvo-nodal.jpg\" alt=\"\" width=\"294\" height=\"171\" \/><\/p>\n<div class=\"text_exposed_show\">\n<p>&#8220;LAS ISLAS MALVINAS<br \/>\nSE\u00d1ORES DEL MUNDO<br \/>\nARGENTINAS POR SIEMPRE&#8230;<br \/>\nPOR SIEMPRE SERAN&#8221;.<\/p>\n<\/div>\n<p>Fuente: publicado en su muro en Facebook por el intendente de Exaltaci\u00f3n de la Cruz, Diego Nanni.<\/p>\n<\/div>\n<p>&#8230;&#8230;&#8230;&#8230;&#8230;&#8230;&#8230;&#8230;&#8230;&#8230;&#8230;&#8230;&#8230;&#8230;&#8230;&#8230;&#8230;&#8230;&#8230;&#8230;<\/p>\n<div id=\"id_5e863ab7a36637583697039\" class=\"text_exposed_root text_exposed\">\n<p><strong>HOMENAJE<\/strong><\/p>\n<\/div>\n<\/div>\n<\/div>\n<\/div>\n<\/div>\n<\/div>\n<\/div>\n<\/div>\n<p>Autoridades municipales concretaron el 2-4-20l un homenaje a los H\u00e9roes de Malvinas, en tres actos simult\u00e1neos, en Capilla del Se\u00f1or, Los Cardales y Parada Robles.<\/p>\n<p>Atentos a la situaci\u00f3n del Covid-19, las actividades se realizaron sin p\u00fablico, y s\u00f3lo con la presencia de un representante municipal y Veteranos de Malvinas. En cada acto se iz\u00f3 la Bandera Nacional y se cant\u00f3 el Himno.<\/p>\n<p><img loading=\"lazy\" decoding=\"async\" class=\"aligncenter size-full wp-image-4913\" src=\"https:\/\/revistaepocadigital.com.ar\/wp-content\/uploads\/2020\/04\/nanni-malvi20.jpg\" alt=\"\" width=\"960\" height=\"648\" srcset=\"https:\/\/revistaepocadigital.com.ar\/wp-content\/uploads\/2020\/04\/nanni-malvi20.jpg 960w, https:\/\/revistaepocadigital.com.ar\/wp-content\/uploads\/2020\/04\/nanni-malvi20-300x203.jpg 300w, https:\/\/revistaepocadigital.com.ar\/wp-content\/uploads\/2020\/04\/nanni-malvi20-768x518.jpg 768w, https:\/\/revistaepocadigital.com.ar\/wp-content\/uploads\/2020\/04\/nanni-malvi20-696x470.jpg 696w, https:\/\/revistaepocadigital.com.ar\/wp-content\/uploads\/2020\/04\/nanni-malvi20-622x420.jpg 622w\" sizes=\"auto, (max-width: 960px) 100vw, 960px\" \/><\/p>\n<div class=\"text_exposed_show\">\n<p>Tanto en Los Cardales como en Parada Robles, los actos estuvieron encabezados por los delegados de esas localidades. En Cardales el sitio elegido fue la Plaza Malvinas Argentinas. En Robles, la Plaza del Encuentro.<\/p>\n<p>En Capilla del Se\u00f1or, y frente al monumento que recuerda a los a Veteranos y Ca\u00eddos en la guerra de Malvinas, el acto fue encabezado por el intendente Diego Nanni, tambi\u00e9n acompa\u00f1ado por Veteranos de la guerra del Atl\u00e1ntico Sur.<\/p>\n<\/div>\n","protected":false},"excerpt":{"rendered":"<p>LA GESTA DE MALVINAS, EL RECLAMO ETERNO DE LA ARGENTINA.<\/p>\n","protected":false},"author":3,"featured_media":4903,"comment_status":"open","ping_status":"open","sticky":false,"template":"","format":"standard","meta":{"footnotes":"","jetpack_publicize_message":"","jetpack_publicize_feature_enabled":true,"jetpack_social_post_already_shared":false,"jetpack_social_options":{"image_generator_settings":{"template":"highway","default_image_id":0,"font":"","enabled":false},"version":2}},"categories":[7,17],"tags":[37,676,677],"class_list":["post-4897","post","type-post","status-publish","format-standard","has-post-thumbnail","hentry","category-columna-de-opinion","category-politica","tag-destacada","tag-malvinas","tag-recuerdo"],"jetpack_publicize_connections":[],"jetpack_featured_media_url":"https:\/\/revistaepocadigital.com.ar\/wp-content\/uploads\/2020\/04\/guerra-de-malvinas.jpg","jetpack_likes_enabled":true,"_links":{"self":[{"href":"https:\/\/revistaepocadigital.com.ar\/index.php?rest_route=\/wp\/v2\/posts\/4897","targetHints":{"allow":["GET"]}}],"collection":[{"href":"https:\/\/revistaepocadigital.com.ar\/index.php?rest_route=\/wp\/v2\/posts"}],"about":[{"href":"https:\/\/revistaepocadigital.com.ar\/index.php?rest_route=\/wp\/v2\/types\/post"}],"author":[{"embeddable":true,"href":"https:\/\/revistaepocadigital.com.ar\/index.php?rest_route=\/wp\/v2\/users\/3"}],"replies":[{"embeddable":true,"href":"https:\/\/revistaepocadigital.com.ar\/index.php?rest_route=%2Fwp%2Fv2%2Fcomments&post=4897"}],"version-history":[{"count":0,"href":"https:\/\/revistaepocadigital.com.ar\/index.php?rest_route=\/wp\/v2\/posts\/4897\/revisions"}],"wp:featuredmedia":[{"embeddable":true,"href":"https:\/\/revistaepocadigital.com.ar\/index.php?rest_route=\/wp\/v2\/media\/4903"}],"wp:attachment":[{"href":"https:\/\/revistaepocadigital.com.ar\/index.php?rest_route=%2Fwp%2Fv2%2Fmedia&parent=4897"}],"wp:term":[{"taxonomy":"category","embeddable":true,"href":"https:\/\/revistaepocadigital.com.ar\/index.php?rest_route=%2Fwp%2Fv2%2Fcategories&post=4897"},{"taxonomy":"post_tag","embeddable":true,"href":"https:\/\/revistaepocadigital.com.ar\/index.php?rest_route=%2Fwp%2Fv2%2Ftags&post=4897"}],"curies":[{"name":"wp","href":"https:\/\/api.w.org\/{rel}","templated":true}]}}