{"id":4925,"date":"2020-04-03T13:39:26","date_gmt":"2020-04-03T16:39:26","guid":{"rendered":"https:\/\/revistaepocadigital.com.ar\/?p=4925"},"modified":"2020-04-03T13:39:26","modified_gmt":"2020-04-03T16:39:26","slug":"el-testimonio-de-una-docente","status":"publish","type":"post","link":"https:\/\/revistaepocadigital.com.ar\/?p=4925","title":{"rendered":"El testimonio de una docente"},"content":{"rendered":"<div class=\"bj\" data-ft=\"{&quot;tn&quot;:&quot;*s&quot;}\">\n<p><em><strong>&#8220;NO SALEN EN LOS DIARIOS&#8221;<\/strong><\/em><em>.<\/em><!--more--><\/p>\n<\/div>\n<p>A prop\u00f3sito de lo que se vive en el pa\u00eds, debido al coronavirus, ac\u00e1 el testimonio volcado en la red social Facebook de Fernanda Agnes. docente y dirigente Sindical FEB Exaltaci\u00f3n de la Cruz. Mir\u00e1:<\/p>\n<div class=\"bj\" data-ft=\"{&quot;tn&quot;:&quot;*s&quot;}\">\n<p><em>&#8220;No salen en los diarios!<\/em><\/p>\n<p><em>Pero son famosos, est\u00e1n all\u00ed, haciendo futuro!<\/em><\/p>\n<p><em>Alta en el cielo&#8230;.<\/em><br \/>\n<em>Esta es la bandera que unifica a los docentes y auxiliares en cada rinc\u00f3n de esta patria&#8230;!<\/em><br \/>\n<em>La bandera que hoy nos cobija, ojal\u00e1 nos proteja. Tenemos miedo, no es cobarde decirlo, tememos tambi\u00e9n por nuestras familias, pero tenemos algo que en algunos momentos se nos cuestiona, <\/em><em>DIGNIDAD!!. Esa que no se negocia cu\u00e1ndo discutimos condiciones laborales, de salud y recortes, esa que hoy te infla el pecho y te hace salir, c\u00f3mo salen muchos que no pueden elegir&#8230;<\/em><\/p>\n<p><em>No somos noticia, no hay PARO, sin embargo las escuelas y jardines estan callados, les falta la esencia que los sustenta, ni\u00f1as, ni\u00f1os, adolescentes y adultos, que proyectan un futuro mejor a trav\u00e9s del estudio.<\/em><\/p>\n<p><em>No somos noticia y somos cientos, miles y ser\u00eda injusto poner algunas fotos, cu\u00e1ndo la mayor\u00eda en silencio afrontamos este gran desaf\u00edo, que nos cruza en un abismo del deber, del poder, del querer&#8230;y nos UNE y MOVILIZA con una \u00fanica fuerza, esa que s\u00f3lo podr\u00e1n entender aquellos que compartieron un aula, un patio, un comedor, un dormi, una cocina..<\/em><br \/>\n<em>No somos noticia, pero sentimos orgullo de <\/em><em>nuestra profesi\u00f3n, porqu\u00e9 cu\u00e1ndo entra la duda si armar el Bols\u00f3n; si comprarnos el alcohol, los guantes y el barbijo y algunos dicen -no corresponde, aparecen las historias, esas que conocemos bien, que contenemos en la diaria y la normativa hace un agujero, entonces se lo rellena con presencia y solidaridad.<\/em><\/p>\n<p><em>Y aparecen los directores los secretarios, los preceptores, los equipos, los profesores, hasta quiz\u00e1 alg\u00fan inspector, y aparecen los maestros rurales, esos que salen a comprar remedios, alimentos, pa\u00f1ales, esos que van a los hogares porqu\u00e9 saben que a las familias se les dificulta llegar a la escuela y aparecen los auxiliares, siempre dispuestos sin importar la hora ni el d\u00eda que sea&#8230;en fin&#8230;. aparecen LOS DOCENTES. <\/em><em>La Comunidad Educativa dice Presente en esta PANDEMIA. <\/em><em>Entendiendo y confirmando que la ESCUELA es irremplazable. <\/em><br \/>\n<em>Nuestro homenaje a todas las mujeres y los hombres que la sostienen cada d\u00eda!!<\/em><\/p>\n<p><em>Somos muchos, garantizando derechos, como el servicio alimentario escolar y la gran tarea pedag\u00f3gica, que con todo el apoyo de las familias y la mejor predisposici\u00f3n que se hace eco, sin d\u00edas ni horarios, para consolidar escenarios, que arrojan la m\u00e1s c\u00ednica de las realidades, una gran desigualdad, que m\u00e1s inspira para llevarla ADELANTE<span class=\"bp\"><span class=\"bq\">\ud83d\udcaa<\/span><\/span>.<\/em><br \/>\n<em>No existe salvarse s\u00f3lo, juntos codo a codo!<\/em><\/p>\n<p><em>Una sociedad que valora la Educaci\u00f3n, la salud y la seguridad&#8230;est<wbr \/>\u00e1 sembrando un FUTURO!<\/em><br \/>\n<em>Cu\u00e1ndo este tiempo sea historia, quiero recordar que estuve al lado de mis compa\u00f1eros!!&#8221;<\/em><\/p>\n<p>&nbsp;<\/p>\n<\/div>\n","protected":false},"excerpt":{"rendered":"<p>&#8220;NO SALEN EN LOS DIARIOS&#8221;.<\/p>\n","protected":false},"author":3,"featured_media":4928,"comment_status":"open","ping_status":"open","sticky":false,"template":"","format":"standard","meta":{"footnotes":"","jetpack_publicize_message":"","jetpack_publicize_feature_enabled":true,"jetpack_social_post_already_shared":false,"jetpack_social_options":{"image_generator_settings":{"template":"highway","default_image_id":0,"font":"","enabled":false},"version":2}},"categories":[6],"tags":[569,546],"class_list":["post-4925","post","type-post","status-publish","format-standard","has-post-thumbnail","hentry","category-barrios","tag-coronavirus","tag-docentes"],"jetpack_publicize_connections":[],"jetpack_featured_media_url":"https:\/\/revistaepocadigital.com.ar\/wp-content\/uploads\/2020\/04\/89395424_932246033858653_7186535241845047296_n.jpg","jetpack_likes_enabled":true,"_links":{"self":[{"href":"https:\/\/revistaepocadigital.com.ar\/index.php?rest_route=\/wp\/v2\/posts\/4925","targetHints":{"allow":["GET"]}}],"collection":[{"href":"https:\/\/revistaepocadigital.com.ar\/index.php?rest_route=\/wp\/v2\/posts"}],"about":[{"href":"https:\/\/revistaepocadigital.com.ar\/index.php?rest_route=\/wp\/v2\/types\/post"}],"author":[{"embeddable":true,"href":"https:\/\/revistaepocadigital.com.ar\/index.php?rest_route=\/wp\/v2\/users\/3"}],"replies":[{"embeddable":true,"href":"https:\/\/revistaepocadigital.com.ar\/index.php?rest_route=%2Fwp%2Fv2%2Fcomments&post=4925"}],"version-history":[{"count":0,"href":"https:\/\/revistaepocadigital.com.ar\/index.php?rest_route=\/wp\/v2\/posts\/4925\/revisions"}],"wp:featuredmedia":[{"embeddable":true,"href":"https:\/\/revistaepocadigital.com.ar\/index.php?rest_route=\/wp\/v2\/media\/4928"}],"wp:attachment":[{"href":"https:\/\/revistaepocadigital.com.ar\/index.php?rest_route=%2Fwp%2Fv2%2Fmedia&parent=4925"}],"wp:term":[{"taxonomy":"category","embeddable":true,"href":"https:\/\/revistaepocadigital.com.ar\/index.php?rest_route=%2Fwp%2Fv2%2Fcategories&post=4925"},{"taxonomy":"post_tag","embeddable":true,"href":"https:\/\/revistaepocadigital.com.ar\/index.php?rest_route=%2Fwp%2Fv2%2Ftags&post=4925"}],"curies":[{"name":"wp","href":"https:\/\/api.w.org\/{rel}","templated":true}]}}