{"id":4931,"date":"2020-04-03T20:16:18","date_gmt":"2020-04-03T23:16:18","guid":{"rendered":"https:\/\/revistaepocadigital.com.ar\/?p=4931"},"modified":"2020-04-03T20:16:18","modified_gmt":"2020-04-03T23:16:18","slug":"al-diablo-con-la-cuarentena-y-el-respeto-a-la-gente","status":"publish","type":"post","link":"https:\/\/revistaepocadigital.com.ar\/?p=4931","title":{"rendered":"AL DIABLO CON LA CUARENTENA Y EL RESPETO A LA GENTE"},"content":{"rendered":"<p><strong>El DRAMA DE LOS JUBILADOS PARA COBRAR EN LOS BANCOS.\u00a0 EXALTACION DE LA CRUZ DIO EL EJEMPLO EN COMO CUIDARLOS.<\/strong><!--more--><\/p>\n<blockquote class=\"twitter-tweet\" data-width=\"550\" data-dnt=\"true\">\n<p lang=\"es\" dir=\"ltr\">El testimonio de una se\u00f1ora de 73 a\u00f1os \u201cel gobierno nos manda tanta propaganda al celular, por qu\u00e9 no lo organizaron por ah\u00ed?\u201d <a href=\"https:\/\/t.co\/AHYZC6o1YT\">pic.twitter.com\/AHYZC6o1YT<\/a><\/p>\n<p>&mdash; IvO\u2122 \ud83c\udf3d\ud83c\udf3e\ud83c\udf3f\ud83d\udce1\ud83d\udef0 (@ivordonez) <a href=\"https:\/\/twitter.com\/ivordonez\/status\/1246174311725105153?ref_src=twsrc%5Etfw\">April 3, 2020<\/a><\/p><\/blockquote>\n<p><script async src=\"https:\/\/platform.twitter.com\/widgets.js\" charset=\"utf-8\"><\/script><\/p>\n<p>Las imagenes del viernes 3 de abril, que reflejaron largas y apretujadas colas de jubilados y pensionados frente a los bancos, en plena vigencia de la cuarentena general y obligatoria establecida por el gobierno, y con<strong> el verdadero peligro que pudieran producirse contagio de coronavirus, result\u00f3 un dur\u00edsimo golpe al respecto y consideraci\u00f3n<\/strong> que se debe tener a la poblaci\u00f3n y frente a la pandemia por coronavirus, en especial hacia los mayores.<\/p>\n<figure id=\"attachment_4939\" aria-describedby=\"caption-attachment-4939\" style=\"width: 929px\" class=\"wp-caption aligncenter\"><img loading=\"lazy\" decoding=\"async\" class=\"size-full wp-image-4939\" src=\"https:\/\/revistaepocadigital.com.ar\/wp-content\/uploads\/2020\/04\/colas.jpg\" alt=\"\" width=\"929\" height=\"523\" srcset=\"https:\/\/revistaepocadigital.com.ar\/wp-content\/uploads\/2020\/04\/colas.jpg 929w, https:\/\/revistaepocadigital.com.ar\/wp-content\/uploads\/2020\/04\/colas-300x169.jpg 300w, https:\/\/revistaepocadigital.com.ar\/wp-content\/uploads\/2020\/04\/colas-768x432.jpg 768w, https:\/\/revistaepocadigital.com.ar\/wp-content\/uploads\/2020\/04\/colas-696x392.jpg 696w, https:\/\/revistaepocadigital.com.ar\/wp-content\/uploads\/2020\/04\/colas-746x420.jpg 746w\" sizes=\"auto, (max-width: 929px) 100vw, 929px\" \/><figcaption id=\"caption-attachment-4939\" class=\"wp-caption-text\">El desastre. Lo que se vio frente a bancos en distintas ciudades.<\/figcaption><\/figure>\n<p>En Capilla del Se\u00f1or y Los Cardales, tambi\u00e9n hubo prolongadas filas para cobrar haberes en las sucursales del<strong> Banco Provincia de Buenos Aires y del Banco Naci\u00f3n Argentina.<\/strong> Sin embargo, se brind\u00f3 una imagen que dist\u00f3 de la observada en otros lugares. Personal de la municipalidad junto a los Bomberos Voluntarios, personal policial, personal y directivos de las sucursales bancarias en el distritos, colaboradores solidarios, llevaron a cabo un dispositivo tendiente a que fuera respetado el distanciamiento social, y adem\u00e1s ofrec\u00edan bebidas para atenuar la espera a la gente.<\/p>\n<figure id=\"attachment_4941\" aria-describedby=\"caption-attachment-4941\" style=\"width: 672px\" class=\"wp-caption aligncenter\"><img loading=\"lazy\" decoding=\"async\" class=\"size-full wp-image-4941\" src=\"https:\/\/revistaepocadigital.com.ar\/wp-content\/uploads\/2020\/04\/collll-33.jpg\" alt=\"\" width=\"672\" height=\"378\" srcset=\"https:\/\/revistaepocadigital.com.ar\/wp-content\/uploads\/2020\/04\/collll-33.jpg 672w, https:\/\/revistaepocadigital.com.ar\/wp-content\/uploads\/2020\/04\/collll-33-300x169.jpg 300w\" sizes=\"auto, (max-width: 672px) 100vw, 672px\" \/><figcaption id=\"caption-attachment-4941\" class=\"wp-caption-text\">En Cardales, frente a la sucursal del Banco Provincia, rein\u00f3 el orden y cuidados.<\/figcaption><\/figure>\n<p>&nbsp;<\/p>\n<figure id=\"attachment_4942\" aria-describedby=\"caption-attachment-4942\" style=\"width: 540px\" class=\"wp-caption aligncenter\"><img loading=\"lazy\" decoding=\"async\" class=\"size-full wp-image-4942\" src=\"https:\/\/revistaepocadigital.com.ar\/wp-content\/uploads\/2020\/04\/coll.jpg\" alt=\"\" width=\"540\" height=\"709\" srcset=\"https:\/\/revistaepocadigital.com.ar\/wp-content\/uploads\/2020\/04\/coll.jpg 540w, https:\/\/revistaepocadigital.com.ar\/wp-content\/uploads\/2020\/04\/coll-228x300.jpg 228w, https:\/\/revistaepocadigital.com.ar\/wp-content\/uploads\/2020\/04\/coll-320x420.jpg 320w\" sizes=\"auto, (max-width: 540px) 100vw, 540px\" \/><figcaption id=\"caption-attachment-4942\" class=\"wp-caption-text\">Personal de los Bomberos Voluntarios de Capilla del Se\u00f1or, trabaj\u00f3 en la distribuci\u00f3n de refrigerios a los jubilados mientras aguardaban.<\/figcaption><\/figure>\n<p>&nbsp;<\/p>\n<figure id=\"attachment_4943\" aria-describedby=\"caption-attachment-4943\" style=\"width: 443px\" class=\"wp-caption aligncenter\"><img loading=\"lazy\" decoding=\"async\" class=\"size-full wp-image-4943\" src=\"https:\/\/revistaepocadigital.com.ar\/wp-content\/uploads\/2020\/04\/ban.jpg\" alt=\"\" width=\"443\" height=\"341\" srcset=\"https:\/\/revistaepocadigital.com.ar\/wp-content\/uploads\/2020\/04\/ban.jpg 443w, https:\/\/revistaepocadigital.com.ar\/wp-content\/uploads\/2020\/04\/ban-300x231.jpg 300w\" sizes=\"auto, (max-width: 443px) 100vw, 443px\" \/><figcaption id=\"caption-attachment-4943\" class=\"wp-caption-text\">El dispositivo para preservar a los jubilados, frente al Provincia de Capilla del Se\u00f1or.<\/figcaption><\/figure>\n<p>A su vez, informaron y recomendaron a la gente, que tambi\u00e9n pod\u00edan concurrir a los bancos para cobrar durante el fin de semana en el que los bancos continuaban atendiendo.<\/p>\n<p>Ante el desmadre vivido, el Banco Central de la Rep\u00fablica Argentina, resolvi\u00f3 que <em>\u201clas entidades financieras deber\u00e1n abrir sus casas operativas los d\u00edas 4 y 5 de abril de 2020, para la atenci\u00f3n de clientes que sean beneficiarios de haberes previsionales y pensiones integrantes del Sistema Integrado Previsional Argentino (SIPA) o de aquellos cuyo ente administrador corresponda a jurisdicciones provinciales o a la Ciudad Aut\u00f3noma de Buenos Aires, o beneficiarios de prestaciones, planes o programas de ayuda abonados por la Administraci\u00f3n Nacional de la Seguridad Social (ANSES) u otro ente administrador de pagos, durante la jornada habitual de atenci\u00f3n al p\u00fablico, seg\u00fan la jurisdicci\u00f3n de que se trate\u201d.<\/em><\/p>\n","protected":false},"excerpt":{"rendered":"<p>El DRAMA DE LOS JUBILADOS PARA COBRAR EN LOS BANCOS.\u00a0 EXALTACION DE LA CRUZ DIO EL EJEMPLO EN COMO CUIDARLOS.<\/p>\n","protected":false},"author":4,"featured_media":4936,"comment_status":"open","ping_status":"open","sticky":false,"template":"","format":"standard","meta":{"footnotes":"","jetpack_publicize_message":"","jetpack_publicize_feature_enabled":true,"jetpack_social_post_already_shared":false,"jetpack_social_options":{"image_generator_settings":{"template":"highway","default_image_id":0,"font":"","enabled":false},"version":2}},"categories":[17],"tags":[672,678,569],"class_list":["post-4931","post","type-post","status-publish","format-standard","has-post-thumbnail","hentry","category-politica","tag-bancos","tag-cobro-jubilados","tag-coronavirus"],"jetpack_publicize_connections":[],"jetpack_featured_media_url":"https:\/\/revistaepocadigital.com.ar\/wp-content\/uploads\/2020\/04\/COLA-11.jpg","jetpack_likes_enabled":true,"_links":{"self":[{"href":"https:\/\/revistaepocadigital.com.ar\/index.php?rest_route=\/wp\/v2\/posts\/4931","targetHints":{"allow":["GET"]}}],"collection":[{"href":"https:\/\/revistaepocadigital.com.ar\/index.php?rest_route=\/wp\/v2\/posts"}],"about":[{"href":"https:\/\/revistaepocadigital.com.ar\/index.php?rest_route=\/wp\/v2\/types\/post"}],"author":[{"embeddable":true,"href":"https:\/\/revistaepocadigital.com.ar\/index.php?rest_route=\/wp\/v2\/users\/4"}],"replies":[{"embeddable":true,"href":"https:\/\/revistaepocadigital.com.ar\/index.php?rest_route=%2Fwp%2Fv2%2Fcomments&post=4931"}],"version-history":[{"count":0,"href":"https:\/\/revistaepocadigital.com.ar\/index.php?rest_route=\/wp\/v2\/posts\/4931\/revisions"}],"wp:featuredmedia":[{"embeddable":true,"href":"https:\/\/revistaepocadigital.com.ar\/index.php?rest_route=\/wp\/v2\/media\/4936"}],"wp:attachment":[{"href":"https:\/\/revistaepocadigital.com.ar\/index.php?rest_route=%2Fwp%2Fv2%2Fmedia&parent=4931"}],"wp:term":[{"taxonomy":"category","embeddable":true,"href":"https:\/\/revistaepocadigital.com.ar\/index.php?rest_route=%2Fwp%2Fv2%2Fcategories&post=4931"},{"taxonomy":"post_tag","embeddable":true,"href":"https:\/\/revistaepocadigital.com.ar\/index.php?rest_route=%2Fwp%2Fv2%2Ftags&post=4931"}],"curies":[{"name":"wp","href":"https:\/\/api.w.org\/{rel}","templated":true}]}}