{"id":4983,"date":"2020-04-08T18:52:19","date_gmt":"2020-04-08T21:52:19","guid":{"rendered":"https:\/\/revistaepocadigital.com.ar\/?p=4983"},"modified":"2020-04-08T18:54:50","modified_gmt":"2020-04-08T21:54:50","slug":"la-pena-de-boca-de-capilla-tambien-hizo-su-aporte","status":"publish","type":"post","link":"https:\/\/revistaepocadigital.com.ar\/?p=4983","title":{"rendered":"La pe\u00f1a de Boca de Capilla tambi\u00e9n hizo su aporte"},"content":{"rendered":"<p><strong><span id=\"fbPhotoSnowliftCaption\" class=\"fbPhotosPhotoCaption\" tabindex=\"0\" aria-live=\"polite\" data-ft=\"{&quot;tn&quot;:&quot;K&quot;}\"><span class=\"hasCaption\"><span id=\"u_jsonp_21_1\" class=\"_ezo\">SALTA A LA VISTA.<\/span><\/span><\/span><\/strong><!--more--><\/p>\n<p>La crisis sanitaria y social, originada por el coronavirus, ha despertado como nunca quiz\u00e1, el esp\u00edritu solario de muchos argentinos y desde ya, de los pobladores de Exaltaci\u00f3n de la Cruz.<\/p>\n<p>No ha faltado en este sentido, el aporte, la colaboraci\u00f3n desinteresada de la Pe\u00f1a del Club Boca Juniors, filial Capilla del Se\u00f1or. Sabr\u00e1s que uno de los principales impulsores de la pe\u00f1a desde sus inicios, fue Carlos Colombo quien integr\u00f3 la lista que en las elecciones del a\u00f1o pasado en el club de la ribera, se impuso y llev\u00f3 a Amor Ameal a la presidencia. Colombo forma parte de la actual comisi\u00f3n directiva.<\/p>\n<p>Integrantes de la pe\u00f1a, entregaron mercader\u00edas que fueron recolectando y luego la entregaron al municipio que, a trav\u00e9s de respectivas \u00e1reas, las iba a distribuir.<\/p>\n<p>&nbsp;<\/p>\n<p>Foto gentileza E. Marchese.<\/p>\n","protected":false},"excerpt":{"rendered":"<p>SALTA A LA VISTA.<\/p>\n","protected":false},"author":4,"featured_media":4984,"comment_status":"open","ping_status":"open","sticky":false,"template":"","format":"standard","meta":{"footnotes":"","jetpack_publicize_message":"","jetpack_publicize_feature_enabled":true,"jetpack_social_post_already_shared":false,"jetpack_social_options":{"image_generator_settings":{"template":"highway","default_image_id":0,"font":"","enabled":false},"version":2}},"categories":[9],"tags":[682,681],"class_list":["post-4983","post","type-post","status-publish","format-standard","has-post-thumbnail","hentry","category-deportes","tag-donaciones","tag-pena-boca-capilla-del-senor"],"jetpack_publicize_connections":[],"jetpack_featured_media_url":"https:\/\/revistaepocadigital.com.ar\/wp-content\/uploads\/2020\/04\/boca-pe\u00f1a.jpg","jetpack_likes_enabled":true,"_links":{"self":[{"href":"https:\/\/revistaepocadigital.com.ar\/index.php?rest_route=\/wp\/v2\/posts\/4983","targetHints":{"allow":["GET"]}}],"collection":[{"href":"https:\/\/revistaepocadigital.com.ar\/index.php?rest_route=\/wp\/v2\/posts"}],"about":[{"href":"https:\/\/revistaepocadigital.com.ar\/index.php?rest_route=\/wp\/v2\/types\/post"}],"author":[{"embeddable":true,"href":"https:\/\/revistaepocadigital.com.ar\/index.php?rest_route=\/wp\/v2\/users\/4"}],"replies":[{"embeddable":true,"href":"https:\/\/revistaepocadigital.com.ar\/index.php?rest_route=%2Fwp%2Fv2%2Fcomments&post=4983"}],"version-history":[{"count":0,"href":"https:\/\/revistaepocadigital.com.ar\/index.php?rest_route=\/wp\/v2\/posts\/4983\/revisions"}],"wp:featuredmedia":[{"embeddable":true,"href":"https:\/\/revistaepocadigital.com.ar\/index.php?rest_route=\/wp\/v2\/media\/4984"}],"wp:attachment":[{"href":"https:\/\/revistaepocadigital.com.ar\/index.php?rest_route=%2Fwp%2Fv2%2Fmedia&parent=4983"}],"wp:term":[{"taxonomy":"category","embeddable":true,"href":"https:\/\/revistaepocadigital.com.ar\/index.php?rest_route=%2Fwp%2Fv2%2Fcategories&post=4983"},{"taxonomy":"post_tag","embeddable":true,"href":"https:\/\/revistaepocadigital.com.ar\/index.php?rest_route=%2Fwp%2Fv2%2Ftags&post=4983"}],"curies":[{"name":"wp","href":"https:\/\/api.w.org\/{rel}","templated":true}]}}