{"id":4988,"date":"2020-04-09T23:46:20","date_gmt":"2020-04-10T02:46:20","guid":{"rendered":"https:\/\/revistaepocadigital.com.ar\/?p=4988"},"modified":"2020-04-14T21:05:46","modified_gmt":"2020-04-15T00:05:46","slug":"a-vacunarse-contra-la-gripe","status":"publish","type":"post","link":"https:\/\/revistaepocadigital.com.ar\/?p=4988","title":{"rendered":"A  VACUNARSE CONTRA LA GRIPE"},"content":{"rendered":"<div>\n<div>\n<div>\n<div id=\"js_dn\" class=\" _3u13 _3e9r\" role=\"region\" aria-label=\"Crear una publicaci\u00f3n\" data-ft=\"{&quot;tn&quot;:&quot;-r&quot;}\">\n<div class=\"_3u16\">\n<div>\n<div id=\"feedx_sprouts_container\" class=\"_nh6 _3qd3\">\n<div id=\"rc.u_jsonp_6_7q\" class=\"_4-u2 _1qby _1cx1 focus_target _4aay _4ab3 _4-u8 _4qr4\">\n<form id=\"u_jsonp_6_7r\" class=\"_559p\" action=\"\/ajax\/updatestatus.php?av=1058327826&amp;eav=AfYmcvpmiF6oa1JrpKOWRWJr6smJcR5TMmmnhGXhfwY5XATV1XmogkpCF3JzklO0JQY\" method=\"post\">\n<div class=\"_2fyq\"><\/div>\n<div><strong>TAMBI\u00c9N HAY QUE PREVENIRSE.<!--more--><\/strong><\/div>\n<div><\/div>\n<div class=\"_ei_ _2dck\">\n<div class=\"clearfix\">\n<div class=\"rfloat _ohf\">\n<div class=\"_3-8i\">\n<div>\n<div class=\"_4-u3\">\n<div id=\"u_jsonp_6_16\" class=\"_2a2q\">\n<div class=\"uiScaledImageContainer\"><img loading=\"lazy\" decoding=\"async\" class=\"scaledImageFitWidth img\" src=\"https:\/\/scontent.faep6-1.fna.fbcdn.net\/v\/t1.0-0\/p261x260\/92629119_3206719386047665_3934416216113807360_o.jpg?_nc_cat=105&amp;_nc_sid=110474&amp;_nc_eui2=AeHw2LTPgaKX0jUcRbj8a1cClHGna4qHPF2Ucadrioc8XQBvlAmb-2LoYQtVlayourk&amp;_nc_oc=AQnVBvoLj7NTz7KYFLsNJZ6YhZuqOC1DHFpKtolaBUK9BQ9Z3_8J8XZDDKP1PhXFr5s&amp;_nc_ht=scontent.faep6-1.fna&amp;_nc_tp=6&amp;oh=4dbc6cf2e193ab109e1e28548fea2459&amp;oe=5EB6B278\" alt=\"La imagen puede contener: 1 persona, de pie, calzado, barba e interior\" width=\"249\" height=\"332\" data-src=\"https:\/\/scontent.faep6-1.fna.fbcdn.net\/v\/t1.0-0\/p261x260\/92629119_3206719386047665_3934416216113807360_o.jpg?_nc_cat=105&amp;_nc_sid=110474&amp;_nc_eui2=AeHw2LTPgaKX0jUcRbj8a1cClHGna4qHPF2Ucadrioc8XQBvlAmb-2LoYQtVlayourk&amp;_nc_oc=AQnVBvoLj7NTz7KYFLsNJZ6YhZuqOC1DHFpKtolaBUK9BQ9Z3_8J8XZDDKP1PhXFr5s&amp;_nc_ht=scontent.faep6-1.fna&amp;_nc_tp=6&amp;oh=4dbc6cf2e193ab109e1e28548fea2459&amp;oe=5EB6B278\" \/><\/div>\n<\/div>\n<\/div>\n<\/div>\n<\/div>\n<\/div>\n<\/div>\n<\/div>\n<div><\/div>\n<div class=\"_ei_ _2dck\">\n<div class=\"clearfix\">\n<div class=\"rfloat _ohf\">\n<div class=\"_3-8i\">\n<div class=\"_4-u2 _4-u8\">\n<div class=\"_427x\">\n<div id=\"u_jsonp_6_j\" class=\"_4-u2 mbm _4mrt _5jmm _5pat _5v3q _7cqq _4-u8\" role=\"article\" data-fte=\"1\" data-ftr=\"1\" aria-labelledby=\"js_bq\" aria-describedby=\"js_br js_bs\" data-insertion-position=\"2\">\n<div id=\"u_jsonp_6_28\" class=\"_3ccb\" data-ft=\"{&quot;tn&quot;:&quot;-R&quot;}\" data-gt=\"{&quot;type&quot;:&quot;click2canvas&quot;,&quot;fbsource&quot;:703,&quot;ref&quot;:&quot;nf_generic&quot;}\">\n<div class=\"_5pcr userContentWrapper\" data-ft=\"{&quot;tn&quot;:&quot;-R&quot;}\">\n<div class=\"_1dwg _1w_m _q7o\" data-vc-ignore-dynamic=\"1\">\n<div>\n<div id=\"js_bs\" class=\"_5pbx userContent _3576\" data-testid=\"post_message\" data-ft=\"{&quot;tn&quot;:&quot;K&quot;}\">\n<div id=\"id_5e8fb5bd91fef7606991571\" class=\"text_exposed_root text_exposed\">\n<p>Se desarrolla en Exaltaci\u00f3n de la Cruz, la campa\u00f1a de vacunaci\u00f3n antigripal\u00a0 2020, y los primeros tres d\u00edas, se super\u00f3 la cantidad de dosis aplicadas en a\u00f1os anteriores a mayores de 65 a\u00f1os.<\/p>\n<p><span class=\"text_exposed_show\">En el marco de esta emergencia sanitaria se realizaron nuevas estrategias para vacunar a la poblaci\u00f3n de riesgo, manteni\u00e9ndola segura y alejada de posibles aglomeraciones. Para ello, se adaptaron clubes y lugares sociales como vacunatorios para los mayores y se estableci\u00f3 un orden de vacunaci\u00f3n por finalizaci\u00f3n del n\u00famero de DNI.<\/span><\/p>\n<div class=\"text_exposed_show\">\n<p>Debido a la demanda de vacunas, hemos solicitado a la Regi\u00f3n Sanitaria V, quienes proveen al municipio de vacunas, reforzar el n\u00famero de dosis para abastecer a nuestro sistema de salud, priorizando a los que m\u00e1s las necesitan.<\/p>\n<p>Desde la Secretar\u00eda de Salud y Calidad de Vida del municipio, agradecieron a llos vecinos por la buena predisposici\u00f3n y respeto a las nuevas normativas, cuid\u00e1ndose y cuidando al pr\u00f3jimo, haciendo m\u00e1s sencilla la labor de los trabajadores p\u00fablicos, y del mismo modo tambi\u00e9n al trabajo que realizan los equipos de salud.<\/p>\n<p>&nbsp;<\/p>\n<\/div>\n<\/div>\n<\/div>\n<\/div>\n<\/div>\n<\/div>\n<\/div>\n<\/div>\n<\/div>\n<\/div>\n<\/div>\n<\/div>\n<\/div>\n<\/div>\n<\/form>\n<\/div>\n<\/div>\n<\/div>\n<\/div>\n<\/div>\n<\/div>\n<\/div>\n<\/div>\n<p>&nbsp;<\/p>\n","protected":false},"excerpt":{"rendered":"<p>TAMBI\u00c9N HAY QUE PREVENIRSE.<\/p>\n","protected":false},"author":3,"featured_media":4990,"comment_status":"open","ping_status":"open","sticky":false,"template":"","format":"standard","meta":{"footnotes":"","jetpack_publicize_message":"","jetpack_publicize_feature_enabled":true,"jetpack_social_post_already_shared":false,"jetpack_social_options":{"image_generator_settings":{"template":"highway","default_image_id":0,"font":"","enabled":false},"version":2}},"categories":[4],"tags":[683],"class_list":["post-4988","post","type-post","status-publish","format-standard","has-post-thumbnail","hentry","category-aqui-los-cardales","tag-vacunacion-antigripal"],"jetpack_publicize_connections":[],"jetpack_featured_media_url":"https:\/\/revistaepocadigital.com.ar\/wp-content\/uploads\/2020\/04\/92519467_3206719129381024_3130682836936294400_n.jpg","jetpack_likes_enabled":true,"_links":{"self":[{"href":"https:\/\/revistaepocadigital.com.ar\/index.php?rest_route=\/wp\/v2\/posts\/4988","targetHints":{"allow":["GET"]}}],"collection":[{"href":"https:\/\/revistaepocadigital.com.ar\/index.php?rest_route=\/wp\/v2\/posts"}],"about":[{"href":"https:\/\/revistaepocadigital.com.ar\/index.php?rest_route=\/wp\/v2\/types\/post"}],"author":[{"embeddable":true,"href":"https:\/\/revistaepocadigital.com.ar\/index.php?rest_route=\/wp\/v2\/users\/3"}],"replies":[{"embeddable":true,"href":"https:\/\/revistaepocadigital.com.ar\/index.php?rest_route=%2Fwp%2Fv2%2Fcomments&post=4988"}],"version-history":[{"count":0,"href":"https:\/\/revistaepocadigital.com.ar\/index.php?rest_route=\/wp\/v2\/posts\/4988\/revisions"}],"wp:featuredmedia":[{"embeddable":true,"href":"https:\/\/revistaepocadigital.com.ar\/index.php?rest_route=\/wp\/v2\/media\/4990"}],"wp:attachment":[{"href":"https:\/\/revistaepocadigital.com.ar\/index.php?rest_route=%2Fwp%2Fv2%2Fmedia&parent=4988"}],"wp:term":[{"taxonomy":"category","embeddable":true,"href":"https:\/\/revistaepocadigital.com.ar\/index.php?rest_route=%2Fwp%2Fv2%2Fcategories&post=4988"},{"taxonomy":"post_tag","embeddable":true,"href":"https:\/\/revistaepocadigital.com.ar\/index.php?rest_route=%2Fwp%2Fv2%2Ftags&post=4988"}],"curies":[{"name":"wp","href":"https:\/\/api.w.org\/{rel}","templated":true}]}}