{"id":4993,"date":"2020-04-10T00:08:24","date_gmt":"2020-04-10T03:08:24","guid":{"rendered":"https:\/\/revistaepocadigital.com.ar\/?p=4993"},"modified":"2020-04-10T00:08:24","modified_gmt":"2020-04-10T03:08:24","slug":"otro-de-los-flagelos-los-incrementos-en-los-precios","status":"publish","type":"post","link":"https:\/\/revistaepocadigital.com.ar\/?p=4993","title":{"rendered":"Otro de los flagelos, los incrementos en los precios"},"content":{"rendered":"<p><strong>FRECUENTES EN LA ARGENTINA, SE HACEN SENTIR MUCHO M\u00c1S A\u00daN EN LOS TIEMPOS CR\u00cdTICOS QUE SE ATRAVIESN, CUARENTENA INCLU\u00cdDA.<\/strong><!--more--><\/p>\n<p>Opinaron sobre tan agudo problema, recurrente por cierto y de tanta preocupaci\u00f3n entre los vecinos exaltacruce\u00f1os, varios pol\u00edticos del distrito, como qued\u00f3 reflejado en la nota publicada por el sitio web Capilla Online que ac\u00e1 reproducimos.<\/p>\n<p><em>Los excesos en los precios son uno de los temas m\u00e1s importantes de todos los d\u00edas, hace ya tiempo que los consumidores vienen sufriendo los comportamientos caranchescos de los proveedores y comerciantes que miserablemente sacan tajada de la necesidad y desesperaci\u00f3n de los vecinos del distrito.<\/em><\/p>\n<div class=\"itemFullText\">\n<p><em>Enoja ver c\u00f3mo son esquilmados los clientes en los comercios, son esos mismo comerciantes que aumentan los que otro pens\u00e1bamos estaban de nuestro lado, sin ir m\u00e1s lejos el a\u00f1o pasado cuando el pueblo argentino sufr\u00eda el neoliberalismo atroz todos est\u00e1bamos hombro con hombro, pero ahora no tuvieron ning\u00fan problema en ponerse nuevamente del otro lado del mostrador desnudando sus almas sin piedad.<\/em><\/p>\n<p><em>Est\u00e1 complicada realidad levanto la voz de algunos de los protagonistas de la pol\u00edtica local que viendo esto deciden dar su opini\u00f3n, en d\u00f3nde se incluye el torpe tropiezo del ministro de desarrollo social Daniel Arroyo que llevo adelante una compra a valores inconcebibles e inaceptables que casi le cuesta el reciente cargo en el gobierno nacional.<\/em><\/p>\n<\/div>\n<p><img loading=\"lazy\" decoding=\"async\" class=\"aligncenter size-full wp-image-4996\" src=\"https:\/\/revistaepocadigital.com.ar\/wp-content\/uploads\/2020\/04\/\u00edndice.jpg\" alt=\"\" width=\"376\" height=\"228\" srcset=\"https:\/\/revistaepocadigital.com.ar\/wp-content\/uploads\/2020\/04\/\u00edndice.jpg 376w, https:\/\/revistaepocadigital.com.ar\/wp-content\/uploads\/2020\/04\/\u00edndice-300x182.jpg 300w\" sizes=\"auto, (max-width: 376px) 100vw, 376px\" \/><\/p>\n<div class=\"itemFullText\">\n<p><em><strong>Fabi\u00e1n Mussi<\/strong> referente de la Agrupaci\u00f3n 17 de Octubre dijo, \u201cEl tema de los precios es complicado, me pasa a mi que veo el mismo producto con diferencias considerables. Seguramente que hay abusos, como ejemplo tomemos lo que sucedi\u00f3 con el alcohol en gel, las carnes y verduras, con respecto a los sobre precios es algo que nuestro presidente y la justicia los que deben intervenir para aclarar el hecho y castigar a los responsables si se comprueba el il\u00edcito\u201d.<\/em><\/p>\n<p><em><strong>Luciano Ferreyra<\/strong> quien fuera candidato a intendente por el Frente de Todos, tambi\u00e9n dio su punto de vista, y tambi\u00e9n habl\u00f3 de una cuesti\u00f3n que se produce en barrios alejados en d\u00f3nde el aislamiento sirve como elemento de presi\u00f3n y abuso, \u201cTenemos muchas quejas de nuestra gente en los merenderos y los vecinos que hubo un aumento desmedido, pero en Arroyo de la Cruz o de Diego Gaynor no pueden salir, la polic\u00eda los para sin dejarlos salir para llegar a Capilla o a Robles para bajar los costos, desde Gaynor solo hay unan sola camioneta por semana que lleva a 7 personas y hay pobladores de la zona que est\u00e1n entrando en desesperaci\u00f3n por poder salir de los barrios y por el tema de la sobrefacturaci\u00f3n hay que desarmar la cartelizaci\u00f3n y combatir a los formadores de precios, se necesita m\u00e1s control del estado y que los productos asen por la menor cantidad de manos posibles para abaratar costos, los bancos son otro de los factores de riesgo, han acumulado mucho y fugado dinero, se debe poner m\u00e1s el ojo en las contrataciones\u201d.<\/em><\/p>\n<p><em><strong>Ra\u00fal Sancho<\/strong> referente por Juntos por el Cambio y ex candidato a intendente, reflej\u00f3: \u201cEl tema de los precios desnuda lo peor de nuestra sociedad, siempre est\u00e1 el vivo que trata de sacar provecho, tambi\u00e9n hay que ver c\u00f3mo se construyen los aumentos porque tampoco es cuesti\u00f3n de caerle a los peque\u00f1os comerciantes si los mayoristas, los almaceneros y peque\u00f1os negocios de barrio tambi\u00e9n est\u00e1n haciendo su esfuerzo, hay que controlar a toda la cadena. Lo de los sobre precios fue escandaloso, si es verdad que se aceptaron esos precios es como borrar con el codo lo que se escribi\u00f3 con la mano, no s\u00e9 c\u00f3mo se puede castigar a los peque\u00f1os comerciantes si no se puede controlar a los grandes, es dif\u00edcil pensar que esto fue un acto de torpeza\u201d.<\/em><\/p>\n<p><em><strong>Hugo Gigena<\/strong> referente de la UCR loca, mencion\u00f3: \u201cEn principio estoy de acuerdo con la medida de la cuarentena por otra parte a generado un parate en la econom\u00eda argentina, el estado tiene que intervenir en los precios que han tenido una disparada importante, a nivel local el municipio deber\u00eda atacar juntando a todas las partes, y no solo mirar los precios sino tambi\u00e9n ver a cu\u00e1nto los pagaron los peque\u00f1os comerciantes, me parece que ah\u00ed est\u00e1 la clave, esto va a tener gran impacto en nuestras vidas porque en poco tiempo estaremos en los picos de contagio y ah\u00ed deberemos ser solidarios. Por el tema del Ministro Arroyo aparentemente el presidente fren\u00f3 la compra, y eso me reconfort\u00f3 mucho que ante la denuncia se haya frenado todo. Esto le da mucho m\u00e1s cr\u00e9dito al Estado para ponerse del lado de la gente. En este momento tenemos que dejar la pol\u00edtica totalmente de lado, hay que apoyar no salir de casa, ahora tenemos un enemigo com\u00fan a todos llamado Coronavirus\u201d.<\/em><\/p>\n<\/div>\n","protected":false},"excerpt":{"rendered":"<p>FRECUENTES EN LA ARGENTINA, SE HACEN SENTIR MUCHO M\u00c1S A\u00daN EN LOS TIEMPOS CR\u00cdTICOS QUE SE ATRAVIESN, CUARENTENA INCLU\u00cdDA.<\/p>\n","protected":false},"author":3,"featured_media":4995,"comment_status":"open","ping_status":"open","sticky":false,"template":"","format":"standard","meta":{"footnotes":"","jetpack_publicize_message":"","jetpack_publicize_feature_enabled":true,"jetpack_social_post_already_shared":false,"jetpack_social_options":{"image_generator_settings":{"template":"highway","default_image_id":0,"font":"","enabled":false},"version":2}},"categories":[17],"tags":[684,37,685],"class_list":["post-4993","post","type-post","status-publish","format-standard","has-post-thumbnail","hentry","category-politica","tag-aumento-precios","tag-destacada","tag-opiniones"],"jetpack_publicize_connections":[],"jetpack_featured_media_url":"https:\/\/revistaepocadigital.com.ar\/wp-content\/uploads\/2020\/04\/unnamed-1.jpg","jetpack_likes_enabled":true,"_links":{"self":[{"href":"https:\/\/revistaepocadigital.com.ar\/index.php?rest_route=\/wp\/v2\/posts\/4993","targetHints":{"allow":["GET"]}}],"collection":[{"href":"https:\/\/revistaepocadigital.com.ar\/index.php?rest_route=\/wp\/v2\/posts"}],"about":[{"href":"https:\/\/revistaepocadigital.com.ar\/index.php?rest_route=\/wp\/v2\/types\/post"}],"author":[{"embeddable":true,"href":"https:\/\/revistaepocadigital.com.ar\/index.php?rest_route=\/wp\/v2\/users\/3"}],"replies":[{"embeddable":true,"href":"https:\/\/revistaepocadigital.com.ar\/index.php?rest_route=%2Fwp%2Fv2%2Fcomments&post=4993"}],"version-history":[{"count":0,"href":"https:\/\/revistaepocadigital.com.ar\/index.php?rest_route=\/wp\/v2\/posts\/4993\/revisions"}],"wp:featuredmedia":[{"embeddable":true,"href":"https:\/\/revistaepocadigital.com.ar\/index.php?rest_route=\/wp\/v2\/media\/4995"}],"wp:attachment":[{"href":"https:\/\/revistaepocadigital.com.ar\/index.php?rest_route=%2Fwp%2Fv2%2Fmedia&parent=4993"}],"wp:term":[{"taxonomy":"category","embeddable":true,"href":"https:\/\/revistaepocadigital.com.ar\/index.php?rest_route=%2Fwp%2Fv2%2Fcategories&post=4993"},{"taxonomy":"post_tag","embeddable":true,"href":"https:\/\/revistaepocadigital.com.ar\/index.php?rest_route=%2Fwp%2Fv2%2Ftags&post=4993"}],"curies":[{"name":"wp","href":"https:\/\/api.w.org\/{rel}","templated":true}]}}