{"id":5002,"date":"2020-04-10T17:35:02","date_gmt":"2020-04-10T20:35:02","guid":{"rendered":"https:\/\/revistaepocadigital.com.ar\/?p=5002"},"modified":"2020-04-10T17:35:02","modified_gmt":"2020-04-10T20:35:02","slug":"otra-muestra-de-solidaridad","status":"publish","type":"post","link":"https:\/\/revistaepocadigital.com.ar\/?p=5002","title":{"rendered":"Otra muestra de solidaridad"},"content":{"rendered":"<p><strong>LA PERMANENTE ACTITUD DE VECINOS.<\/strong><!--more--><\/p>\n<p>Se ha estado reiterando ante la crisis que se vive debido al coronavirus.<\/p>\n<p><img loading=\"lazy\" decoding=\"async\" class=\"aligncenter size-full wp-image-5005\" src=\"https:\/\/revistaepocadigital.com.ar\/wp-content\/uploads\/2020\/04\/aa.jpg\" alt=\"\" width=\"960\" height=\"719\" srcset=\"https:\/\/revistaepocadigital.com.ar\/wp-content\/uploads\/2020\/04\/aa.jpg 960w, https:\/\/revistaepocadigital.com.ar\/wp-content\/uploads\/2020\/04\/aa-300x225.jpg 300w, https:\/\/revistaepocadigital.com.ar\/wp-content\/uploads\/2020\/04\/aa-768x575.jpg 768w, https:\/\/revistaepocadigital.com.ar\/wp-content\/uploads\/2020\/04\/aa-80x60.jpg 80w, https:\/\/revistaepocadigital.com.ar\/wp-content\/uploads\/2020\/04\/aa-160x120.jpg 160w, https:\/\/revistaepocadigital.com.ar\/wp-content\/uploads\/2020\/04\/aa-265x198.jpg 265w, https:\/\/revistaepocadigital.com.ar\/wp-content\/uploads\/2020\/04\/aa-530x396.jpg 530w, https:\/\/revistaepocadigital.com.ar\/wp-content\/uploads\/2020\/04\/aa-696x521.jpg 696w, https:\/\/revistaepocadigital.com.ar\/wp-content\/uploads\/2020\/04\/aa-561x420.jpg 561w\" sizes=\"auto, (max-width: 960px) 100vw, 960px\" \/><\/p>\n<p>La subsecretaria de salud, Guadalupe Bravo conversa con el director adunto, Dr.Baz\u00e1n.<\/p>\n<p>&nbsp;<\/p>\n<p>El intendente Diego Nanni, recibi\u00f3 a vecinas y trabajadoras sociales del Movimiento Evita del distrito, los que en base a la propuesta del Dr. H\u00e9ctor Nanni,\u00a0 asesor de pol\u00edticas sanitarias de Exaltaci\u00f3n de la Cruz, desde hace unas semanas han estadso confeccionando s\u00e1banas, fundas y camisolines destartables.<\/p>\n<p>Estos materiales han de utilizarse en los centros de internaci\u00f3n dispuestos debido al COVID-19. En la reuni\u00f3n, tambi\u00e9n estuvieron la subsecretaria de salud, licenciada <span class=\"text_exposed_show\">Guadalupe Bravo, el director adjunto Dr. Alejandro Bazan y la secretaria de gobierno Mar\u00eda Luz Bozzani.<\/span><\/p>\n","protected":false},"excerpt":{"rendered":"<p>LA PERMANENTE ACTITUD DE VECINOS.<\/p>\n","protected":false},"author":3,"featured_media":5004,"comment_status":"open","ping_status":"open","sticky":false,"template":"","format":"standard","meta":{"footnotes":"","jetpack_publicize_message":"","jetpack_publicize_feature_enabled":true,"jetpack_social_post_already_shared":false,"jetpack_social_options":{"image_generator_settings":{"template":"highway","default_image_id":0,"font":"","enabled":false},"version":2}},"categories":[17],"tags":[569,682,687],"class_list":["post-5002","post","type-post","status-publish","format-standard","has-post-thumbnail","hentry","category-politica","tag-coronavirus","tag-donaciones","tag-movimiento-evita"],"jetpack_publicize_connections":[],"jetpack_featured_media_url":"https:\/\/revistaepocadigital.com.ar\/wp-content\/uploads\/2020\/04\/aaa.jpg","jetpack_likes_enabled":true,"_links":{"self":[{"href":"https:\/\/revistaepocadigital.com.ar\/index.php?rest_route=\/wp\/v2\/posts\/5002","targetHints":{"allow":["GET"]}}],"collection":[{"href":"https:\/\/revistaepocadigital.com.ar\/index.php?rest_route=\/wp\/v2\/posts"}],"about":[{"href":"https:\/\/revistaepocadigital.com.ar\/index.php?rest_route=\/wp\/v2\/types\/post"}],"author":[{"embeddable":true,"href":"https:\/\/revistaepocadigital.com.ar\/index.php?rest_route=\/wp\/v2\/users\/3"}],"replies":[{"embeddable":true,"href":"https:\/\/revistaepocadigital.com.ar\/index.php?rest_route=%2Fwp%2Fv2%2Fcomments&post=5002"}],"version-history":[{"count":0,"href":"https:\/\/revistaepocadigital.com.ar\/index.php?rest_route=\/wp\/v2\/posts\/5002\/revisions"}],"wp:featuredmedia":[{"embeddable":true,"href":"https:\/\/revistaepocadigital.com.ar\/index.php?rest_route=\/wp\/v2\/media\/5004"}],"wp:attachment":[{"href":"https:\/\/revistaepocadigital.com.ar\/index.php?rest_route=%2Fwp%2Fv2%2Fmedia&parent=5002"}],"wp:term":[{"taxonomy":"category","embeddable":true,"href":"https:\/\/revistaepocadigital.com.ar\/index.php?rest_route=%2Fwp%2Fv2%2Fcategories&post=5002"},{"taxonomy":"post_tag","embeddable":true,"href":"https:\/\/revistaepocadigital.com.ar\/index.php?rest_route=%2Fwp%2Fv2%2Ftags&post=5002"}],"curies":[{"name":"wp","href":"https:\/\/api.w.org\/{rel}","templated":true}]}}