{"id":5070,"date":"2020-04-08T20:44:07","date_gmt":"2020-04-08T23:44:07","guid":{"rendered":"https:\/\/revistaepocadigital.com.ar\/?p=5070"},"modified":"2020-04-14T20:50:47","modified_gmt":"2020-04-14T23:50:47","slug":"campana-de-vacunacion-del-sindicato-empleados-de-comercio-zarate","status":"publish","type":"post","link":"https:\/\/revistaepocadigital.com.ar\/?p=5070","title":{"rendered":"Campa\u00f1a de vacunaci\u00f3n del Sindicato  Empleados de Comercio Z\u00e1rate"},"content":{"rendered":"<p><strong>IMPORTA M\u00c1S A\u00daN, DADO LA CANTIDAD DE AFILIADOS EXISTENTES EN EL PARTIDO DE EXALTACI\u00d3N DE LA CRUZ.<\/strong><!--more--><\/p>\n<div class=\"fb-video\" data-allowfullscreen=\"true\" data-href=\"https:\/\/www.facebook.com\/SindicatoECZarate\/videos\/1062112787497773\/?t=10\" style=\"background-color: #fff; display: inline-block;\"><\/div>\n","protected":false},"excerpt":{"rendered":"<p>IMPORTA M\u00c1S A\u00daN, DADO LA CANTIDAD DE AFILIADOS EXISTENTES EN EL PARTIDO DE EXALTACI\u00d3N DE LA CRUZ.<\/p>\n","protected":false},"author":3,"featured_media":5073,"comment_status":"open","ping_status":"open","sticky":false,"template":"","format":"standard","meta":{"footnotes":"","jetpack_publicize_message":"","jetpack_publicize_feature_enabled":true,"jetpack_social_post_already_shared":false,"jetpack_social_options":{"image_generator_settings":{"template":"highway","default_image_id":0,"font":"","enabled":false},"version":2}},"categories":[151,13],"tags":[695,696],"class_list":["post-5070","post","type-post","status-publish","format-standard","has-post-thumbnail","hentry","category-empleados-de-comercio","category-interes-general","tag-sindicato-comercio","tag-vacunacion-2020"],"jetpack_publicize_connections":[],"jetpack_featured_media_url":"https:\/\/revistaepocadigital.com.ar\/wp-content\/uploads\/2020\/04\/thumbnail11.jpg","jetpack_likes_enabled":true,"_links":{"self":[{"href":"https:\/\/revistaepocadigital.com.ar\/index.php?rest_route=\/wp\/v2\/posts\/5070","targetHints":{"allow":["GET"]}}],"collection":[{"href":"https:\/\/revistaepocadigital.com.ar\/index.php?rest_route=\/wp\/v2\/posts"}],"about":[{"href":"https:\/\/revistaepocadigital.com.ar\/index.php?rest_route=\/wp\/v2\/types\/post"}],"author":[{"embeddable":true,"href":"https:\/\/revistaepocadigital.com.ar\/index.php?rest_route=\/wp\/v2\/users\/3"}],"replies":[{"embeddable":true,"href":"https:\/\/revistaepocadigital.com.ar\/index.php?rest_route=%2Fwp%2Fv2%2Fcomments&post=5070"}],"version-history":[{"count":0,"href":"https:\/\/revistaepocadigital.com.ar\/index.php?rest_route=\/wp\/v2\/posts\/5070\/revisions"}],"wp:featuredmedia":[{"embeddable":true,"href":"https:\/\/revistaepocadigital.com.ar\/index.php?rest_route=\/wp\/v2\/media\/5073"}],"wp:attachment":[{"href":"https:\/\/revistaepocadigital.com.ar\/index.php?rest_route=%2Fwp%2Fv2%2Fmedia&parent=5070"}],"wp:term":[{"taxonomy":"category","embeddable":true,"href":"https:\/\/revistaepocadigital.com.ar\/index.php?rest_route=%2Fwp%2Fv2%2Fcategories&post=5070"},{"taxonomy":"post_tag","embeddable":true,"href":"https:\/\/revistaepocadigital.com.ar\/index.php?rest_route=%2Fwp%2Fv2%2Ftags&post=5070"}],"curies":[{"name":"wp","href":"https:\/\/api.w.org\/{rel}","templated":true}]}}