{"id":5074,"date":"2020-04-12T20:52:09","date_gmt":"2020-04-12T23:52:09","guid":{"rendered":"https:\/\/revistaepocadigital.com.ar\/?p=5074"},"modified":"2020-04-14T21:04:15","modified_gmt":"2020-04-15T00:04:15","slug":"los-90-anos-del-sindicato-de-empleados-de-comercio","status":"publish","type":"post","link":"https:\/\/revistaepocadigital.com.ar\/?p=5074","title":{"rendered":"LOS 90 A\u00d1OS DEL SINDICATO DE EMPLEADOS DE COMERCIO"},"content":{"rendered":"<p><strong>LAS CIRCUNSTANCIAS QUE RODEAN AL PA\u00cdS NO SON LAS MEJORES.<\/strong><!--more--><\/p>\n<p>La crisis sanitaria originada por el coronavirus, ha colapsado al mundo y golpea con mucha dureza a la Argentina.<\/p>\n<p>Sin embargo, <strong>vale en estos momentos, resaltar hechos<\/strong> que hacen a la vida de tantos y a su atenci\u00f3n y calidad de vida. En este sentido, la menci\u00f3n para el <strong>Sindicato de Empleados de Comercio Z\u00e1rate<\/strong> que ha cumplido nada menos que <strong>90 a\u00f1os de existencia.<\/strong><\/p>\n<p>La entidad encabezada por <strong>Sergio Mart\u00edn<\/strong>, ha concretado hace unos meses la puesta en marcha de uno de los grandes objetivos planteados a\u00f1os atr\u00e1s. Se trata como informaramos en EPOCA, del nuevo y amplio edificio ubicado en la vecina ciudad de <strong>Z\u00e1rate,<\/strong> donde se ha concentrado el funcionamiento general del sindicato, incluyendo prestaciones m\u00e9dicas y sociales.<\/p>\n<p>El sindicato a su vez, cuenta con su oficina en<strong> Capilla del Se\u00f1or<\/strong>, donde se canalizan tr\u00e1mites diversos que hacen a los afiliados a la entidad que residen en<strong> Exaltaci\u00f3n de la Cruz.<\/strong><\/p>\n<p>&nbsp;<\/p>\n<p>&nbsp;<\/p>\n<p><img loading=\"lazy\" decoding=\"async\" class=\"alignleft size-full wp-image-5077\" src=\"https:\/\/revistaepocadigital.com.ar\/wp-content\/uploads\/2020\/04\/sin.jpg\" alt=\"\" width=\"760\" height=\"960\" srcset=\"https:\/\/revistaepocadigital.com.ar\/wp-content\/uploads\/2020\/04\/sin.jpg 760w, https:\/\/revistaepocadigital.com.ar\/wp-content\/uploads\/2020\/04\/sin-238x300.jpg 238w, https:\/\/revistaepocadigital.com.ar\/wp-content\/uploads\/2020\/04\/sin-696x879.jpg 696w, https:\/\/revistaepocadigital.com.ar\/wp-content\/uploads\/2020\/04\/sin-333x420.jpg 333w, https:\/\/revistaepocadigital.com.ar\/wp-content\/uploads\/2020\/04\/sin-665x840.jpg 665w\" sizes=\"auto, (max-width: 760px) 100vw, 760px\" \/><\/p>\n","protected":false},"excerpt":{"rendered":"<p>LAS CIRCUNSTANCIAS QUE RODEAN AL PA\u00cdS NO SON LAS MEJORES.<\/p>\n","protected":false},"author":3,"featured_media":5075,"comment_status":"open","ping_status":"open","sticky":false,"template":"","format":"standard","meta":{"footnotes":"","jetpack_publicize_message":"","jetpack_publicize_feature_enabled":true,"jetpack_social_post_already_shared":false,"jetpack_social_options":{"image_generator_settings":{"template":"highway","default_image_id":0,"font":"","enabled":false},"version":2}},"categories":[151,13],"tags":[20,695],"class_list":["post-5074","post","type-post","status-publish","format-standard","has-post-thumbnail","hentry","category-empleados-de-comercio","category-interes-general","tag-aniversario","tag-sindicato-comercio"],"jetpack_publicize_connections":[],"jetpack_featured_media_url":"https:\/\/revistaepocadigital.com.ar\/wp-content\/uploads\/2020\/04\/sin22.jpg","jetpack_likes_enabled":true,"_links":{"self":[{"href":"https:\/\/revistaepocadigital.com.ar\/index.php?rest_route=\/wp\/v2\/posts\/5074","targetHints":{"allow":["GET"]}}],"collection":[{"href":"https:\/\/revistaepocadigital.com.ar\/index.php?rest_route=\/wp\/v2\/posts"}],"about":[{"href":"https:\/\/revistaepocadigital.com.ar\/index.php?rest_route=\/wp\/v2\/types\/post"}],"author":[{"embeddable":true,"href":"https:\/\/revistaepocadigital.com.ar\/index.php?rest_route=\/wp\/v2\/users\/3"}],"replies":[{"embeddable":true,"href":"https:\/\/revistaepocadigital.com.ar\/index.php?rest_route=%2Fwp%2Fv2%2Fcomments&post=5074"}],"version-history":[{"count":0,"href":"https:\/\/revistaepocadigital.com.ar\/index.php?rest_route=\/wp\/v2\/posts\/5074\/revisions"}],"wp:featuredmedia":[{"embeddable":true,"href":"https:\/\/revistaepocadigital.com.ar\/index.php?rest_route=\/wp\/v2\/media\/5075"}],"wp:attachment":[{"href":"https:\/\/revistaepocadigital.com.ar\/index.php?rest_route=%2Fwp%2Fv2%2Fmedia&parent=5074"}],"wp:term":[{"taxonomy":"category","embeddable":true,"href":"https:\/\/revistaepocadigital.com.ar\/index.php?rest_route=%2Fwp%2Fv2%2Fcategories&post=5074"},{"taxonomy":"post_tag","embeddable":true,"href":"https:\/\/revistaepocadigital.com.ar\/index.php?rest_route=%2Fwp%2Fv2%2Ftags&post=5074"}],"curies":[{"name":"wp","href":"https:\/\/api.w.org\/{rel}","templated":true}]}}