{"id":5093,"date":"2020-04-16T22:27:28","date_gmt":"2020-04-17T01:27:28","guid":{"rendered":"https:\/\/revistaepocadigital.com.ar\/?p=5093"},"modified":"2020-04-16T22:27:28","modified_gmt":"2020-04-17T01:27:28","slug":"kicillof-no-tiene-coronavirus","status":"publish","type":"post","link":"https:\/\/revistaepocadigital.com.ar\/?p=5093","title":{"rendered":"Kicillof no tiene coronavirus"},"content":{"rendered":"<p><strong>EL TEMA HABIA DADO QUE HABLAR.<\/strong><!--more--><\/p>\n<p>Relacionado con la posibilidad que el gobernador de la provincia de Buenos Aires, <strong>Axel Kicillof<\/strong>, padecierea de coronavirus.<\/p>\n<p>Efecutados el testeo y estudios correspondiente, el resultado fue negativo. El cuerpo m\u00e9dico que asesora al mandatario, le comunic\u00f3 la novedad. De esta manera, el gobernador continuar\u00e1 normalmente con la agenda de actividades previstas para los pr\u00f3ximos d\u00edas.<\/p>\n<p>Por recomendaci\u00f3n del cuerpo m\u00e9dico, y dada la responsabilidad social que implica el ejercicio de su cargo, el gobernador Kicillof se realiz\u00f3 el test para diagnosticar COVID 19. Si bien no mantuvo contacto estrecho con casos confirmados, ni presenta ning\u00fan s\u00edntoma, se decidi\u00f3 la realizaci\u00f3n de dicho test para llevar tranquilidad a los bonarerenses, y para dar por finalizada la proliferaci\u00f3n de especulaciones que, irresponsablemente, se desat\u00f3 alrededor de este tema.<\/p>\n<p>&nbsp;<\/p>\n","protected":false},"excerpt":{"rendered":"<p>EL TEMA HABIA DADO QUE HABLAR.<\/p>\n","protected":false},"author":4,"featured_media":5096,"comment_status":"open","ping_status":"open","sticky":false,"template":"","format":"standard","meta":{"footnotes":"","jetpack_publicize_message":"","jetpack_publicize_feature_enabled":true,"jetpack_social_post_already_shared":false,"jetpack_social_options":{"image_generator_settings":{"template":"highway","default_image_id":0,"font":"","enabled":false},"version":2}},"categories":[17],"tags":[569,478],"class_list":["post-5093","post","type-post","status-publish","format-standard","has-post-thumbnail","hentry","category-politica","tag-coronavirus","tag-kicillof"],"jetpack_publicize_connections":[],"jetpack_featured_media_url":"https:\/\/revistaepocadigital.com.ar\/wp-content\/uploads\/2020\/04\/llll.jpg","jetpack_likes_enabled":true,"_links":{"self":[{"href":"https:\/\/revistaepocadigital.com.ar\/index.php?rest_route=\/wp\/v2\/posts\/5093","targetHints":{"allow":["GET"]}}],"collection":[{"href":"https:\/\/revistaepocadigital.com.ar\/index.php?rest_route=\/wp\/v2\/posts"}],"about":[{"href":"https:\/\/revistaepocadigital.com.ar\/index.php?rest_route=\/wp\/v2\/types\/post"}],"author":[{"embeddable":true,"href":"https:\/\/revistaepocadigital.com.ar\/index.php?rest_route=\/wp\/v2\/users\/4"}],"replies":[{"embeddable":true,"href":"https:\/\/revistaepocadigital.com.ar\/index.php?rest_route=%2Fwp%2Fv2%2Fcomments&post=5093"}],"version-history":[{"count":0,"href":"https:\/\/revistaepocadigital.com.ar\/index.php?rest_route=\/wp\/v2\/posts\/5093\/revisions"}],"wp:featuredmedia":[{"embeddable":true,"href":"https:\/\/revistaepocadigital.com.ar\/index.php?rest_route=\/wp\/v2\/media\/5096"}],"wp:attachment":[{"href":"https:\/\/revistaepocadigital.com.ar\/index.php?rest_route=%2Fwp%2Fv2%2Fmedia&parent=5093"}],"wp:term":[{"taxonomy":"category","embeddable":true,"href":"https:\/\/revistaepocadigital.com.ar\/index.php?rest_route=%2Fwp%2Fv2%2Fcategories&post=5093"},{"taxonomy":"post_tag","embeddable":true,"href":"https:\/\/revistaepocadigital.com.ar\/index.php?rest_route=%2Fwp%2Fv2%2Ftags&post=5093"}],"curies":[{"name":"wp","href":"https:\/\/api.w.org\/{rel}","templated":true}]}}