{"id":5097,"date":"2020-04-17T14:40:05","date_gmt":"2020-04-17T17:40:05","guid":{"rendered":"https:\/\/revistaepocadigital.com.ar\/?p=5097"},"modified":"2020-04-17T14:40:05","modified_gmt":"2020-04-17T17:40:05","slug":"dolor-por-la-muerte-de-meri-sanchez","status":"publish","type":"post","link":"https:\/\/revistaepocadigital.com.ar\/?p=5097","title":{"rendered":"Dolor por la muerte de Meri S\u00e1nchez"},"content":{"rendered":"<div class=\"itemIntroText\">\n<p><strong>CRUZ\u00d3 A CAPILLENSES Y A MUCHOS MAS.<!--more--><\/strong><\/p>\n<p><strong>Mar\u00eda del Carmen S\u00e1nchez, conocida como Meri S\u00e1nchez,<\/strong> joven vecina de Capilla del Se\u00f1or, se quit\u00f3 la vida en su casa de nuestro pueblo, donde justamente cumpl\u00eda con la cuarentena dispuesta por el coronavirus. Meri era cantante, hab\u00eda hecho sucesivas presentaciones locales y en otros lugares, y se le hab\u00eda abierto un panorama muy auspicioso incluso a nivel internacional.<\/p>\n<\/div>\n<div class=\"itemFullText\">\n<p>Su muerte produjo fuerte impacto tanto en Capilla del Se\u00f1or, como en el ambiente art\u00edstico de Pilar y Entre R\u00edos donde era muy conocida. De acuerdo a testimonios recogidos por el sitio web Capilla Online, habr\u00eda estado atravesando una agudaprofunda depresi\u00f3n, generada al parecer los fallecimientos de su hermano en un accidente con su moto tiempo atr\u00e1s, y el de su padre m\u00e1s reciente.<\/p>\n<\/div>\n<p><img loading=\"lazy\" decoding=\"async\" class=\"alignleft size-full wp-image-5102\" src=\"https:\/\/revistaepocadigital.com.ar\/wp-content\/uploads\/2020\/04\/saaaa.jpg\" alt=\"\" width=\"540\" height=\"450\" srcset=\"https:\/\/revistaepocadigital.com.ar\/wp-content\/uploads\/2020\/04\/saaaa.jpg 540w, https:\/\/revistaepocadigital.com.ar\/wp-content\/uploads\/2020\/04\/saaaa-300x250.jpg 300w, https:\/\/revistaepocadigital.com.ar\/wp-content\/uploads\/2020\/04\/saaaa-504x420.jpg 504w\" sizes=\"auto, (max-width: 540px) 100vw, 540px\" \/><\/p>\n<div class=\"itemFullText\">\n<p>Meri era oriunda de F\u00e1tima, partido de Pilar, y se notaba el continuo afianzamiento en su carrera de cantante; su pasi\u00f3n por el canto la hab\u00eda llevado adem\u00e1s a participar en ediciones de los tan populares Carnavales de Gualeguaych\u00fa, en las comparsas Papelitos y O\u00b4Bah\u00eda. Tambi\u00e9n se hab\u00eda desempe\u00f1ado como conductora radial en radios de Pilar\u00b4, donde a su vez particip\u00f3en sucesivas fiestas patronales.<\/p>\n<\/div>\n<p>&#8220;La Negra&#8221;, como le dec\u00edan sus amigos, fue parte de la banda Manivela que en 2014 represent\u00f3 a la comparsa Papelitos del Club Juventud Unida. Mientras que en 2016 y 2018 le puso voz a O&#8217; Bahia, del Club de Pescadores, public\u00f3 el portal eldiaonline.com<\/p>\n<p>\u201c<em>Tomamos conocimiento del fallecimiento de esta persona cerca del mediod\u00eda de este jueves. Todo indica que se habr\u00eda quitado la vida, aunque, como en cada caso, debemos esperar los resultados de la autopsia que se realizar\u00e1 en las pr\u00f3ximas horas\u201d<\/em>, al mismo sitio web inform\u00f3 Juan Manuel Boubeta, secretario de seguridad del unicipio.<\/p>\n<p>Es fiscal Juan Manuel Esperante, quien interviene en el hecho, dijo que en principio hab\u00eda sido caratulado como \u201cAveriguaci\u00f3n de causante de muerte\u201d, hasta tanto las pericias confirmen oficialmente la causa del fallecimiento.<\/p>\n<div class=\"itemFullText\">\n<p>Profundo pesar tambi\u00e9n caus\u00f3 su muerte entre vecinos y vecinas, con las que supo compartir distintas actividades recreativas. \u201cQuedan los recuerdos de la Negra como la mujer de gran energ\u00eda, de mucho talento, y de cosechar muchas amistades\u201d, expres\u00f3 el portal maximaonline.com, reproduciendo el dolor \u201cen el mundo carnavalero\u201d por su p\u00e9rdida.<\/p>\n<p>Foto portada: gentileza eldiaonline.com<\/p>\n<\/div>\n","protected":false},"excerpt":{"rendered":"<p>CRUZ\u00d3 A CAPILLENSES Y A MUCHOS MAS.<\/p>\n","protected":false},"author":4,"featured_media":5101,"comment_status":"open","ping_status":"open","sticky":false,"template":"","format":"standard","meta":{"footnotes":"","jetpack_publicize_message":"","jetpack_publicize_feature_enabled":true,"jetpack_social_post_already_shared":false,"jetpack_social_options":{"image_generator_settings":{"template":"highway","default_image_id":0,"font":"","enabled":false},"version":2}},"categories":[12,13,14],"tags":[405],"class_list":["post-5097","post","type-post","status-publish","format-standard","has-post-thumbnail","hentry","category-espectaculos","category-interes-general","category-la-gente","tag-fallecimiento"],"jetpack_publicize_connections":[],"jetpack_featured_media_url":"https:\/\/revistaepocadigital.com.ar\/wp-content\/uploads\/2020\/04\/dia.jpg","jetpack_likes_enabled":true,"_links":{"self":[{"href":"https:\/\/revistaepocadigital.com.ar\/index.php?rest_route=\/wp\/v2\/posts\/5097","targetHints":{"allow":["GET"]}}],"collection":[{"href":"https:\/\/revistaepocadigital.com.ar\/index.php?rest_route=\/wp\/v2\/posts"}],"about":[{"href":"https:\/\/revistaepocadigital.com.ar\/index.php?rest_route=\/wp\/v2\/types\/post"}],"author":[{"embeddable":true,"href":"https:\/\/revistaepocadigital.com.ar\/index.php?rest_route=\/wp\/v2\/users\/4"}],"replies":[{"embeddable":true,"href":"https:\/\/revistaepocadigital.com.ar\/index.php?rest_route=%2Fwp%2Fv2%2Fcomments&post=5097"}],"version-history":[{"count":0,"href":"https:\/\/revistaepocadigital.com.ar\/index.php?rest_route=\/wp\/v2\/posts\/5097\/revisions"}],"wp:featuredmedia":[{"embeddable":true,"href":"https:\/\/revistaepocadigital.com.ar\/index.php?rest_route=\/wp\/v2\/media\/5101"}],"wp:attachment":[{"href":"https:\/\/revistaepocadigital.com.ar\/index.php?rest_route=%2Fwp%2Fv2%2Fmedia&parent=5097"}],"wp:term":[{"taxonomy":"category","embeddable":true,"href":"https:\/\/revistaepocadigital.com.ar\/index.php?rest_route=%2Fwp%2Fv2%2Fcategories&post=5097"},{"taxonomy":"post_tag","embeddable":true,"href":"https:\/\/revistaepocadigital.com.ar\/index.php?rest_route=%2Fwp%2Fv2%2Ftags&post=5097"}],"curies":[{"name":"wp","href":"https:\/\/api.w.org\/{rel}","templated":true}]}}