{"id":5127,"date":"2020-04-17T12:28:43","date_gmt":"2020-04-17T15:28:43","guid":{"rendered":"https:\/\/revistaepocadigital.com.ar\/?p=5127"},"modified":"2020-04-20T18:07:20","modified_gmt":"2020-04-20T21:07:20","slug":"entrega-de-la-tarjeta-alimentar-desde-el-lunes","status":"publish","type":"post","link":"https:\/\/revistaepocadigital.com.ar\/?p=5127","title":{"rendered":"Entrega de la Tarjeta Alimentar"},"content":{"rendered":"<div class=\"clearfix fbPhotoSnowliftAuthorInfo _xlu\">\n<div class=\"clearfix _8u _42ef\">\n<div class=\"_6a\">\n<div class=\"_6a _6b\">\n<p><strong>SE EFECT\u00daA.<!--more--><\/strong><\/p>\n<div id=\"fbPhotoSnowliftAudienceSelector\">\n<div class=\"mbs fbPhotosAudienceContainerNotEditable\">\n<div class=\"_6a _29ee _3iio _43_1\" role=\"img\" data-hover=\"tooltip\" data-tooltip-content=\"Compartido con: P\u00fablico\" aria-label=\"Compartido con: P\u00fablico\"><img loading=\"lazy\" decoding=\"async\" class=\"aligncenter size-full wp-image-5129\" src=\"https:\/\/revistaepocadigital.com.ar\/wp-content\/uploads\/2020\/04\/tare.jpg\" alt=\"\" width=\"955\" height=\"960\" srcset=\"https:\/\/revistaepocadigital.com.ar\/wp-content\/uploads\/2020\/04\/tare.jpg 955w, https:\/\/revistaepocadigital.com.ar\/wp-content\/uploads\/2020\/04\/tare-150x150.jpg 150w, https:\/\/revistaepocadigital.com.ar\/wp-content\/uploads\/2020\/04\/tare-298x300.jpg 298w, https:\/\/revistaepocadigital.com.ar\/wp-content\/uploads\/2020\/04\/tare-768x772.jpg 768w, https:\/\/revistaepocadigital.com.ar\/wp-content\/uploads\/2020\/04\/tare-696x700.jpg 696w, https:\/\/revistaepocadigital.com.ar\/wp-content\/uploads\/2020\/04\/tare-418x420.jpg 418w, https:\/\/revistaepocadigital.com.ar\/wp-content\/uploads\/2020\/04\/tare-836x840.jpg 836w\" sizes=\"auto, (max-width: 955px) 100vw, 955px\" \/><\/div>\n<\/div>\n<\/div>\n<div class=\"fsm fwn fcg\">\n<div id=\"fbPhotoSnowliftOnProfile\" class=\"fbPhotosOnProfile\"><\/div>\n<\/div>\n<\/div>\n<\/div>\n<\/div>\n<\/div>\n<div class=\"_xlr\">\n<div id=\"id_5e9b6d7837dc76c80051461\" class=\"text_exposed_root text_exposed\">\n<p>Han informado desde el municipio, que personal del \u00e1rea de Desarrollo Social del municipio, concreta la entrega de la Tarjeta Alimentar, luego que la comuna se hiciera cargo de la distribuci\u00f3n, en virtud de algunas demoras que se hab\u00edan producido a principios de marzo \u00faltimo.<\/p>\n<p>Para el caso de beneficiarios de <strong>Los Cardales<\/strong>, el operativo es en dos jornadas, de 9 a 13, en el Club Progresista, ingre<span class=\"text_exposed_show\">sando por el acceso de la calle Alsina. Lunes, para los apellidos de A a la letra K. Martes, en el mismo horario, de letra L a la Z.<\/span><\/p>\n<p>En <strong>Parada Robles<\/strong> quienes hayan tramitado su tarjeta, la reciben el lunes, de 9 a 13, en las instalaciones del Club Social y Deportivo Robles.<\/p>\n<p>En <strong>Capilla del Se\u00f1or<\/strong>, la entrega tambi\u00e9n desdoblada, en el horario de 9 a 13, en la sede de Desarrollo Social, en calle Ameghino 772. El martes, para los apellidos de A a la letra K. El mi\u00e9rcoles, en el mismo horario, de letra L a la Z.<\/p>\n<p><strong>Luego hicieron saber desde la municipalidad respecto al uso de tapa bocas:<\/strong><\/p>\n<p><em>&#8220;Recordamos que el uso de tapabocas ser\u00e1 obligatorio desde el lunes. Rogamos no asistir con menores o personas adultas. Respete las distancias en la fila. Para retirar la Tarjeta, DEBE PRESENTARSE EL TITULAR, CON DNI, SIN ACOMPA\u00d1ANTES&#8221;.<\/em><\/p>\n<\/div>\n<\/div>\n","protected":false},"excerpt":{"rendered":"<p>SE EFECT\u00daA.<\/p>\n","protected":false},"author":3,"featured_media":5129,"comment_status":"open","ping_status":"open","sticky":false,"template":"","format":"standard","meta":{"footnotes":"","jetpack_publicize_message":"","jetpack_publicize_feature_enabled":true,"jetpack_social_post_already_shared":false,"jetpack_social_options":{"image_generator_settings":{"template":"highway","default_image_id":0,"font":"","enabled":false},"version":2}},"categories":[5,13],"tags":[704,703],"class_list":["post-5127","post","type-post","status-publish","format-standard","has-post-thumbnail","hentry","category-aqui-parada-robles","category-interes-general","tag-entregas","tag-tarjeta-alimentar"],"jetpack_publicize_connections":[],"jetpack_featured_media_url":"https:\/\/revistaepocadigital.com.ar\/wp-content\/uploads\/2020\/04\/tare.jpg","jetpack_likes_enabled":true,"_links":{"self":[{"href":"https:\/\/revistaepocadigital.com.ar\/index.php?rest_route=\/wp\/v2\/posts\/5127","targetHints":{"allow":["GET"]}}],"collection":[{"href":"https:\/\/revistaepocadigital.com.ar\/index.php?rest_route=\/wp\/v2\/posts"}],"about":[{"href":"https:\/\/revistaepocadigital.com.ar\/index.php?rest_route=\/wp\/v2\/types\/post"}],"author":[{"embeddable":true,"href":"https:\/\/revistaepocadigital.com.ar\/index.php?rest_route=\/wp\/v2\/users\/3"}],"replies":[{"embeddable":true,"href":"https:\/\/revistaepocadigital.com.ar\/index.php?rest_route=%2Fwp%2Fv2%2Fcomments&post=5127"}],"version-history":[{"count":0,"href":"https:\/\/revistaepocadigital.com.ar\/index.php?rest_route=\/wp\/v2\/posts\/5127\/revisions"}],"wp:featuredmedia":[{"embeddable":true,"href":"https:\/\/revistaepocadigital.com.ar\/index.php?rest_route=\/wp\/v2\/media\/5129"}],"wp:attachment":[{"href":"https:\/\/revistaepocadigital.com.ar\/index.php?rest_route=%2Fwp%2Fv2%2Fmedia&parent=5127"}],"wp:term":[{"taxonomy":"category","embeddable":true,"href":"https:\/\/revistaepocadigital.com.ar\/index.php?rest_route=%2Fwp%2Fv2%2Fcategories&post=5127"},{"taxonomy":"post_tag","embeddable":true,"href":"https:\/\/revistaepocadigital.com.ar\/index.php?rest_route=%2Fwp%2Fv2%2Ftags&post=5127"}],"curies":[{"name":"wp","href":"https:\/\/api.w.org\/{rel}","templated":true}]}}