{"id":5138,"date":"2020-04-19T17:39:23","date_gmt":"2020-04-19T20:39:23","guid":{"rendered":"https:\/\/revistaepocadigital.com.ar\/?p=5138"},"modified":"2020-04-19T17:39:23","modified_gmt":"2020-04-19T20:39:23","slug":"habilitaron-el-servicio-de-remises-y-autos-al-instante","status":"publish","type":"post","link":"https:\/\/revistaepocadigital.com.ar\/?p=5138","title":{"rendered":"HABILITARON EL SERVICIO DE REMISES Y AUTOS AL INSTANTE"},"content":{"rendered":"<div class=\"_1dwg _1w_m _q7o\" data-vc-ignore-dynamic=\"1\">\n<div>\n<div id=\"js_4dq\" class=\"_5pbx userContent _3576\" data-testid=\"post_message\" data-ft=\"{&quot;tn&quot;:&quot;K&quot;}\">\n<div id=\"id_5e9cafd6097884399877123\" class=\"text_exposed_root text_exposed\">\n<p><strong>UNA MEDIDA EN EL \u00c1MBITO MUNICIPAL. EL INTENDENTE NANNI FIRM\u00d3 EL DECRETO.<!--more--><\/strong><\/p>\n<p>De esta manera desde el lunes 20 de abril, qued\u00f3 habilitado el servicio de remises y autos al instante. En tal sentido, fue informado que la empresa que ten\u00eda intenciones de retormar la actividad, deb\u00eda cumplir con requisitos fijados por la comuna.<\/p>\n<\/div>\n<p>Los requisitos:<\/p>\n<div id=\"id_5e9cafd6097884399877123\" class=\"text_exposed_root text_exposed\">\n<div class=\"text_exposed_show\">\n<p>. Solicitar el CERTIFICADO DE CIRCULACI\u00d3N Covid-19 ante la Oficina de Habilitaci\u00f3n.<\/p>\n<p>. Adoptar las MEDIDAS DE HIGIENE necesarias y preventivas, por la pandemia de coronavirus.<\/p>\n<p>. Cumplir la CAPACIDAD DE TRANSPORTE de los veh\u00edculos, que es de TRES PERSONAS, INCLU\u00cdDO EL CHOFER.<\/p>\n<p>. Los interesados debian en primera instancia, presenetarse en la Oficina de Habilitaciones del municipio, Belgrano 289, Capilla del Se\u00f1or, para de esa forma comenzar el tr\u00e1mite.<\/p>\n<p>&nbsp;<\/p>\n<\/div>\n<\/div>\n<\/div>\n<div class=\"_3x-2\" data-ft=\"{&quot;tn&quot;:&quot;H&quot;}\">\n<div data-ft=\"{&quot;tn&quot;:&quot;H&quot;}\">\n<div class=\"mtm\">\n<div>\n<div class=\"_5cq3 _1ktf\" data-ft=\"{&quot;tn&quot;:&quot;E&quot;}\">\n<div id=\"u_jsonp_20_1j\" class=\"uiScaledImageContainer _4-ep\"><img loading=\"lazy\" decoding=\"async\" class=\"scaledImageFitWidth img\" src=\"https:\/\/scontent.faep6-1.fna.fbcdn.net\/v\/t1.0-0\/p526x296\/93788333_3228991523820451_2305044256965787648_n.jpg?_nc_cat=105&amp;_nc_sid=8024bb&amp;_nc_eui2=AeHTQDB-cgbmFxIMX2DKg-Q98pjGnc_FKS_ymMadz8UpL9G6SsdgXZVxJuKgITZDoXI&amp;_nc_oc=AQmp1g6mJW-3pmyCHGsFRdmTGKhrFBTLILpmizlxfueKSlfNPkcA8DStQh6BTxQJUU0&amp;_nc_ht=scontent.faep6-1.fna&amp;_nc_tp=6&amp;oh=72942b36c08ac9acea9edbf08a903be3&amp;oe=5EC172C9\" alt=\"La imagen puede contener: 1 persona, sentado\" width=\"500\" height=\"282\" data-src=\"https:\/\/scontent.faep6-1.fna.fbcdn.net\/v\/t1.0-0\/p526x296\/93788333_3228991523820451_2305044256965787648_n.jpg?_nc_cat=105&amp;_nc_sid=8024bb&amp;_nc_eui2=AeHTQDB-cgbmFxIMX2DKg-Q98pjGnc_FKS_ymMadz8UpL9G6SsdgXZVxJuKgITZDoXI&amp;_nc_oc=AQmp1g6mJW-3pmyCHGsFRdmTGKhrFBTLILpmizlxfueKSlfNPkcA8DStQh6BTxQJUU0&amp;_nc_ht=scontent.faep6-1.fna&amp;_nc_tp=6&amp;oh=72942b36c08ac9acea9edbf08a903be3&amp;oe=5EC172C9\" \/>El intendente Nanni, firm\u00f3 el decreto municipal. (Foto prensa Municipalidad)<\/div>\n<\/div>\n<\/div>\n<\/div>\n<\/div>\n<\/div>\n<\/div>\n<\/div>\n<div>\n<form id=\"u_jsonp_20_1i\" class=\"commentable_item collapsed_comments\" action=\"\/ajax\/ufi\/modify.php\" method=\"post\" data-ft=\"{&quot;tn&quot;:&quot;]&quot;}\">\n<div class=\"_6800 uiPopover _6a\"><\/div>\n<div><\/div>\n<div>En otro orden de cosas, la municipalidad reiter\u00f3 que desde el mismo lunes, era obligatorio el USO DE TAPABOCAS, y a su vez, se deb\u00eda gestionar el Permiso de Circulaci\u00f3n que indica el gobierno nacional.<\/div>\n<\/form>\n<\/div>\n","protected":false},"excerpt":{"rendered":"<p>UNA MEDIDA EN EL \u00c1MBITO MUNICIPAL. EL INTENDENTE NANNI FIRM\u00d3 EL DECRETO.<\/p>\n","protected":false},"author":3,"featured_media":5141,"comment_status":"open","ping_status":"open","sticky":false,"template":"","format":"standard","meta":{"footnotes":"","jetpack_publicize_message":"","jetpack_publicize_feature_enabled":true,"jetpack_social_post_already_shared":false,"jetpack_social_options":{"image_generator_settings":{"template":"highway","default_image_id":0,"font":"","enabled":false},"version":2}},"categories":[17],"tags":[569,622,705],"class_list":["post-5138","post","type-post","status-publish","format-standard","has-post-thumbnail","hentry","category-politica","tag-coronavirus","tag-decreto","tag-remises"],"jetpack_publicize_connections":[],"jetpack_featured_media_url":"https:\/\/revistaepocadigital.com.ar\/wp-content\/uploads\/2020\/04\/thumbnail.jpg","jetpack_likes_enabled":true,"_links":{"self":[{"href":"https:\/\/revistaepocadigital.com.ar\/index.php?rest_route=\/wp\/v2\/posts\/5138","targetHints":{"allow":["GET"]}}],"collection":[{"href":"https:\/\/revistaepocadigital.com.ar\/index.php?rest_route=\/wp\/v2\/posts"}],"about":[{"href":"https:\/\/revistaepocadigital.com.ar\/index.php?rest_route=\/wp\/v2\/types\/post"}],"author":[{"embeddable":true,"href":"https:\/\/revistaepocadigital.com.ar\/index.php?rest_route=\/wp\/v2\/users\/3"}],"replies":[{"embeddable":true,"href":"https:\/\/revistaepocadigital.com.ar\/index.php?rest_route=%2Fwp%2Fv2%2Fcomments&post=5138"}],"version-history":[{"count":0,"href":"https:\/\/revistaepocadigital.com.ar\/index.php?rest_route=\/wp\/v2\/posts\/5138\/revisions"}],"wp:featuredmedia":[{"embeddable":true,"href":"https:\/\/revistaepocadigital.com.ar\/index.php?rest_route=\/wp\/v2\/media\/5141"}],"wp:attachment":[{"href":"https:\/\/revistaepocadigital.com.ar\/index.php?rest_route=%2Fwp%2Fv2%2Fmedia&parent=5138"}],"wp:term":[{"taxonomy":"category","embeddable":true,"href":"https:\/\/revistaepocadigital.com.ar\/index.php?rest_route=%2Fwp%2Fv2%2Fcategories&post=5138"},{"taxonomy":"post_tag","embeddable":true,"href":"https:\/\/revistaepocadigital.com.ar\/index.php?rest_route=%2Fwp%2Fv2%2Ftags&post=5138"}],"curies":[{"name":"wp","href":"https:\/\/api.w.org\/{rel}","templated":true}]}}