{"id":5142,"date":"2020-04-19T19:26:14","date_gmt":"2020-04-19T22:26:14","guid":{"rendered":"https:\/\/revistaepocadigital.com.ar\/?p=5142"},"modified":"2020-04-19T19:26:14","modified_gmt":"2020-04-19T22:26:14","slug":"importante-cambios-en-la-cuarentena-nuevas-excepciones","status":"publish","type":"post","link":"https:\/\/revistaepocadigital.com.ar\/?p=5142","title":{"rendered":"Importante. Cambios en la cuarentena, nuevas excepciones"},"content":{"rendered":"<p><strong>TANTO EN LA PROVINCIA COMO EN EL PA\u00cdS.<\/strong><!--more--><\/p>\n<p dir=\"ltr\">El gobernador Axel Kicillof firm\u00f3 (19-4-20) el decreto para la instrumentaci\u00f3n de las nuevas actividades exceptuadas en el marco del aislamiento social, preventivo y obligatorio. Seg\u00fan establece el art\u00edculo 3 de la Decisi\u00f3n Administrativa 524 de la Jefatura de Gabinete de Ministros de la Naci\u00f3n, la Provincia tiene a su cargo la implementaci\u00f3n y el cumplimiento de los protocolos sanitarios que cada jurisdicci\u00f3n.<\/p>\n<p dir=\"ltr\">El decreto establece que la Provincia debe determinar c\u00f3mo se implementan las excepciones autorizadas a partir de estrictos protocolos sanitarios. Para ello, los municipios deben presentar su petici\u00f3n ante el Ministerio de Jefatura de Gabinete de Ministros de la provincia de Buenos Aires, y solicitar la tramitaci\u00f3n establecida. El objetivo de este procedimiento es determinar que en cada distrito, se atienda la situaci\u00f3n epidemiol\u00f3gica local y las caracter\u00edsticas propias del partido, con el fin de minimizar el riesgo de propagaci\u00f3n del virus.<\/p>\n<p dir=\"ltr\">Cada municipio comunicar\u00e1 los protocolos a seguir para poner en marcha la actividad exceptuada, y la Provincia evaluar\u00e1 la razonabilidad dentro de lo establecido por el Gobierno Nacional.<\/p>\n<p dir=\"ltr\">En lo que refiere a las actividades que han sido solicitadas pero a\u00fan no han sido aprobadas por el Gobierno Nacional, la Provincia est\u00e1 a cargo de las consultas para la inclusi\u00f3n y la aprobaci\u00f3n de los protocolos sanitarios correspondientes que deber\u00e1n ser aplicados en los municipios que las hayan solicitado.<\/p>\n<h4 class=\"art-opening\"><strong>El gobierno nacional decidi\u00f3 las 11 nuevas actividades <\/strong><strong>exceptuadas a la cuarentena preventiva.<\/strong><\/h4>\n<figure class=\"art-mmedia\"><img decoding=\"async\" src=\"https:\/\/as01.epimg.net\/argentina\/imagenes\/2020\/04\/19\/tikitakas\/1587291256_437376_1587291358_noticia_normal_recorte1.jpg\" srcset=\"\/\/as01.epimg.net\/argentina\/imagenes\/2020\/04\/19\/tikitakas\/1587291256_437376_1587291358_noticia_normal.jpg 1200w\" alt=\"Coronavirus Argentina: las once actividades exceptuadas a la cuarentena\" \/><\/figure>\n<div id=\"cuerpo_noticia\" class=\"int-articulo\">\n<p>\u00a0\u00a0\u00a0\u00a0\u00a0\u00a0\u00a0 Presidente Alberto Fernadez.<\/p>\n<p>El Gobierno Nacional decidi\u00f3 que desde el lunes 20 de abril habr\u00e1 once nuevas actividades que estar\u00e1n exceptuadas a la cuarentena preventiva para evitar la propagaci\u00f3n del Coronavirus seg\u00fan el sitio argentina.as.com<\/p>\n<p><strong><em>Ac\u00e1 el detalle de las actividades:<\/em><\/strong><\/p>\n<div class=\"teads-adCall\"><\/div>\n<p>1- Establecimientos que desarrollen actividades de cobranza de servicios e impuestos.<\/p>\n<p>2- Oficinas de rentas de las provincias, de la Ciudad de Buenos Aires y de los municipios, con sistemas de turnos y guardias m\u00ednimas.<\/p>\n<p>3- Actividad registral nacional y provincial, con sistema de turnos y guardias m\u00ednimas.<\/p>\n<p>4- Venta de mercader\u00eda ya elaborada de comercios minoristas, a trav\u00e9s de plataformas de comercio electr\u00f3nico, venta tel\u00e9fonica y otros mecanismos que no requieran contacto personal con clientes y \u00fanicamente mediante la modalidad de entrega a domicilio con los debidos resguardos sanitarios, protocolos y planificaci\u00f3n de la log\u00edstica. En ning\u00fan caso, los comercios mencionados podr\u00e1n abrir sus puertas al p\u00fablico.<\/p>\n<\/div>\n<p><img loading=\"lazy\" decoding=\"async\" class=\"aligncenter size-full wp-image-5148\" src=\"https:\/\/revistaepocadigital.com.ar\/wp-content\/uploads\/2020\/04\/pago.jpg\" alt=\"\" width=\"431\" height=\"306\" srcset=\"https:\/\/revistaepocadigital.com.ar\/wp-content\/uploads\/2020\/04\/pago.jpg 431w, https:\/\/revistaepocadigital.com.ar\/wp-content\/uploads\/2020\/04\/pago-300x213.jpg 300w, https:\/\/revistaepocadigital.com.ar\/wp-content\/uploads\/2020\/04\/pago-100x70.jpg 100w\" sizes=\"auto, (max-width: 431px) 100vw, 431px\" \/><\/p>\n<div id=\"cuerpo_noticia\" class=\"int-articulo\">\n<p>5- Atenci\u00f3n m\u00e9dica y odontol\u00f3gica programada, de car\u00e1cter preventivo y seguimiento de enfermedades cr\u00f3nicas, con sistema de turno previo.<\/p>\n<p>6- Laboratorios de an\u00e1lisis cl\u00ednicos y centros de diagn\u00f3stico por imagen, con sistema de turno previo.<\/p>\n<p>7- \u00d3pticas, con sistema de turno previo.<\/p>\n<p>8- Peritos y liquidadores de siniestros de compa\u00f1\u00edas aseguradoras que permitan realizar la liquidaci\u00f3n y pago de los siniestros denunciados a los beneficios y a las beneficiarias. En ning\u00fan caso, se podr\u00e1 realizar atenci\u00f3n al p\u00fablico y todos los tr\u00e1mites deber\u00e1n hacerse en forma virtual, incluyendo los pagos correspondientes.<\/p>\n<p>9- Establecimientos para la atenci\u00f3n de personas v\u00edctimas de violencia de g\u00e9nero.<\/p>\n<p>10- Producci\u00f3n para la exportaci\u00f3n, con autorizaci\u00f3n previa del Ministerio de Desarrollo Productivo.<\/p>\n<p>11- Procesos industriales espec\u00edficos, con autorizaci\u00f3n previa del Ministerio de Desarrollo<\/p>\n<\/div>\n","protected":false},"excerpt":{"rendered":"<p>TANTO EN LA PROVINCIA COMO EN EL PA\u00cdS.<\/p>\n","protected":false},"author":3,"featured_media":5147,"comment_status":"open","ping_status":"open","sticky":false,"template":"","format":"standard","meta":{"footnotes":"","jetpack_publicize_message":"","jetpack_publicize_feature_enabled":true,"jetpack_social_post_already_shared":false,"jetpack_social_options":{"image_generator_settings":{"template":"highway","default_image_id":0,"font":"","enabled":false},"version":2}},"categories":[13],"tags":[633,470],"class_list":["post-5142","post","type-post","status-publish","format-standard","has-post-thumbnail","hentry","category-interes-general","tag-cuarentena","tag-medidas"],"jetpack_publicize_connections":[],"jetpack_featured_media_url":"https:\/\/revistaepocadigital.com.ar\/wp-content\/uploads\/2020\/04\/arba_gen\u00e9rica.jpg","jetpack_likes_enabled":true,"_links":{"self":[{"href":"https:\/\/revistaepocadigital.com.ar\/index.php?rest_route=\/wp\/v2\/posts\/5142","targetHints":{"allow":["GET"]}}],"collection":[{"href":"https:\/\/revistaepocadigital.com.ar\/index.php?rest_route=\/wp\/v2\/posts"}],"about":[{"href":"https:\/\/revistaepocadigital.com.ar\/index.php?rest_route=\/wp\/v2\/types\/post"}],"author":[{"embeddable":true,"href":"https:\/\/revistaepocadigital.com.ar\/index.php?rest_route=\/wp\/v2\/users\/3"}],"replies":[{"embeddable":true,"href":"https:\/\/revistaepocadigital.com.ar\/index.php?rest_route=%2Fwp%2Fv2%2Fcomments&post=5142"}],"version-history":[{"count":0,"href":"https:\/\/revistaepocadigital.com.ar\/index.php?rest_route=\/wp\/v2\/posts\/5142\/revisions"}],"wp:featuredmedia":[{"embeddable":true,"href":"https:\/\/revistaepocadigital.com.ar\/index.php?rest_route=\/wp\/v2\/media\/5147"}],"wp:attachment":[{"href":"https:\/\/revistaepocadigital.com.ar\/index.php?rest_route=%2Fwp%2Fv2%2Fmedia&parent=5142"}],"wp:term":[{"taxonomy":"category","embeddable":true,"href":"https:\/\/revistaepocadigital.com.ar\/index.php?rest_route=%2Fwp%2Fv2%2Fcategories&post=5142"},{"taxonomy":"post_tag","embeddable":true,"href":"https:\/\/revistaepocadigital.com.ar\/index.php?rest_route=%2Fwp%2Fv2%2Ftags&post=5142"}],"curies":[{"name":"wp","href":"https:\/\/api.w.org\/{rel}","templated":true}]}}