{"id":517,"date":"2018-11-06T09:08:49","date_gmt":"2018-11-06T12:08:49","guid":{"rendered":"https:\/\/revistaepocadigital.com.ar\/?p=517"},"modified":"2018-11-06T09:08:49","modified_gmt":"2018-11-06T12:08:49","slug":"el-capillense-pedro-sarri-canto-victoria","status":"publish","type":"post","link":"https:\/\/revistaepocadigital.com.ar\/?p=517","title":{"rendered":"El capillense Pedro Sarri cant\u00f3 victoria"},"content":{"rendered":"<p><strong>DESDE HACE 16 A\u00d1OS<\/strong><!--more--><\/p>\n<p>El Autom\u00f3vil Club Argentino (ACA), organiza el <strong>Gran Premio Argentino Hist\u00f3rico<\/strong>, una de las carreras m\u00e1s importantess de Sudam\u00e9rica que bajo el sistema de regularidad, nuclea a autos que supieran correr en los recordados grandes premios de la categor\u00eda Turismo Anexo J de los a\u00f1os 50 y 60 y a cupecitas de Turismo Carretera.<\/p>\n<p>Esta a\u00f1o, el GP Hist\u00f3rico ha deparado la victoria del capillense <strong>Pedro Sarri en la categor\u00eda TC &#8220;B&#8221; con la cup\u00e9 Ford 1938<\/strong>, luego de cinco duras etapas. Los ganadores de la clasificaci\u00f3n general, por tercera vez en diez ediciones en las que participaron, volvieron a resultar Mois\u00e9s Osman junto a su hijo Maximiliano como navegante, a bordo de un Peugeot 404 modelo 1979.<\/p>\n<p>En tanto en una de las categor\u00edas, TC &#8220;B&#8221;, la victoria fue para el capillense Pedro Sarri junto a Alberto Cotella, con la verde cup\u00e9 Ford 1938. Sarri muy feliz, en el Aut\u00f3dromo Oscar y Juan Galvez de Buenos Aires, donde finaliz\u00f3 el GP Hist\u00f3rico despu\u00e9s de las cinco exigentes etapas, le dijo a <span style=\"color: #ff0000;\">EPOCA<\/span> <em>&#8220;Lo que m\u00e1s feliz me pone es poder llevar el nombre de Capilla del Se\u00f1or pintado en mi auto por donde vaya con las carreras&#8221;<\/em>. A la vez que admiti\u00f3 que <em>&#8220;ganar el Hist\u00f3rico en mi categor\u00eda ha sido como cumplir un gran anhelo, un sue\u00f1o, algo inolvidable, estoy muy contento; han sido varios a\u00f1os corriendo esta competencia tan dif\u00edcil y por fin se nos dio&#8221;.<\/em><\/p>\n<p><img loading=\"lazy\" decoding=\"async\" class=\"size-full wp-image-519 aligncenter\" src=\"https:\/\/revistaepocadigital.com.ar\/wp-content\/uploads\/2018\/11\/sarri1-1-1.jpg\" alt=\"\" width=\"480\" height=\"640\" \/>El<strong> GP Hist\u00f3rico<\/strong> recorri\u00f3 2100 kms, desde la largada en Buenos Aires, frente a la sede central del ACA, luego desde Arrecifes se hizo la partida efectiva al d\u00eda siguiente, para avanzar hacia R\u00edo Cuarto, C\u00f3rdoba; Potrero de los Funes (San Luis) para retornar hasta Jun\u00edn, y desde all\u00ed completar la quinta y \u00faltima etapa que finaliz\u00f3 en el aut\u00f3dromo porte\u00f1o.<\/p>\n<p>Fotos: EPOCA<\/p>\n","protected":false},"excerpt":{"rendered":"<p>DESDE HACE 16 A\u00d1OS<\/p>\n","protected":false},"author":3,"featured_media":518,"comment_status":"open","ping_status":"open","sticky":false,"template":"","format":"standard","meta":{"footnotes":"","jetpack_publicize_message":"","jetpack_publicize_feature_enabled":true,"jetpack_social_post_already_shared":false,"jetpack_social_options":{"image_generator_settings":{"template":"highway","default_image_id":0,"font":"","enabled":false},"version":2}},"categories":[9],"tags":[37,52,73],"class_list":["post-517","post","type-post","status-publish","format-standard","has-post-thumbnail","hentry","category-deportes","tag-destacada","tag-gp-historico","tag-sarri"],"jetpack_publicize_connections":[],"jetpack_featured_media_url":"https:\/\/revistaepocadigital.com.ar\/wp-content\/uploads\/2018\/11\/sarri2-1.jpg","jetpack_likes_enabled":true,"_links":{"self":[{"href":"https:\/\/revistaepocadigital.com.ar\/index.php?rest_route=\/wp\/v2\/posts\/517","targetHints":{"allow":["GET"]}}],"collection":[{"href":"https:\/\/revistaepocadigital.com.ar\/index.php?rest_route=\/wp\/v2\/posts"}],"about":[{"href":"https:\/\/revistaepocadigital.com.ar\/index.php?rest_route=\/wp\/v2\/types\/post"}],"author":[{"embeddable":true,"href":"https:\/\/revistaepocadigital.com.ar\/index.php?rest_route=\/wp\/v2\/users\/3"}],"replies":[{"embeddable":true,"href":"https:\/\/revistaepocadigital.com.ar\/index.php?rest_route=%2Fwp%2Fv2%2Fcomments&post=517"}],"version-history":[{"count":0,"href":"https:\/\/revistaepocadigital.com.ar\/index.php?rest_route=\/wp\/v2\/posts\/517\/revisions"}],"wp:featuredmedia":[{"embeddable":true,"href":"https:\/\/revistaepocadigital.com.ar\/index.php?rest_route=\/wp\/v2\/media\/518"}],"wp:attachment":[{"href":"https:\/\/revistaepocadigital.com.ar\/index.php?rest_route=%2Fwp%2Fv2%2Fmedia&parent=517"}],"wp:term":[{"taxonomy":"category","embeddable":true,"href":"https:\/\/revistaepocadigital.com.ar\/index.php?rest_route=%2Fwp%2Fv2%2Fcategories&post=517"},{"taxonomy":"post_tag","embeddable":true,"href":"https:\/\/revistaepocadigital.com.ar\/index.php?rest_route=%2Fwp%2Fv2%2Ftags&post=517"}],"curies":[{"name":"wp","href":"https:\/\/api.w.org\/{rel}","templated":true}]}}