{"id":5176,"date":"2020-04-19T14:29:23","date_gmt":"2020-04-19T17:29:23","guid":{"rendered":"https:\/\/revistaepocadigital.com.ar\/?p=5176"},"modified":"2020-04-24T18:56:13","modified_gmt":"2020-04-24T21:56:13","slug":"dia-nacional-de-la-higiene-y-seguridad-en-el-trabajo","status":"publish","type":"post","link":"https:\/\/revistaepocadigital.com.ar\/?p=5176","title":{"rendered":"D\u00eda Nacional de la Higiene y Seguridad en el Trabajo"},"content":{"rendered":"<p dir=\"ltr\"><strong>EN LOS MOMENTOS QUE SE ATRAVIESAN, M\u00c1S QUE NUNCA HAY QUE CUIDAR TAN VITALES ASPECTOS.<\/strong><!--more--><\/p>\n<p dir=\"ltr\">A prop\u00f3sito del D\u00eda Nacional de la Higiene y Seguridad en el Trabajo, en lo que respecta a la empresa EDEN, ha destacado que en el marco de la pandemia COVID-19, todo su compromiso est\u00e1 puesto en la prevenci\u00f3n para la protecci\u00f3n de la salud de sus trabajadores.<\/p>\n<p dir=\"ltr\"><em>\u201cDesde la decisi\u00f3n del Gobierno Nacional de establecer el aislamiento social, preventivo y obligatorio hace un mes, inmediatamente organizamos a nuestros equipos para asegurar la prestaci\u00f3n del servicio y desarrollamos diferentes medidas preventivas de bioseguridad para proteger a nuestros empleados\u201d<\/em>, se\u00f1al\u00f3 Favio Ram\u00edrez, Gerente de Seguridad, Medio Ambiente y Gesti\u00f3n Operativa.<\/p>\n<p dir=\"ltr\"><em>\u201cEn el marco de este d\u00eda tan importante para nosotros, queremos resaltar la importancia de tomar todas las medidas necesarias para cuidar a nuestros empleados y, sobre todo, la responsabilidad individual en el cuidado y prevenci\u00f3n\u201d,<\/em> dijo Ram\u00edrez y agreg\u00f3 \u201c<em>contamos con un Protocolo que incluye m\u00e9todos de trabajo seguro y todas las recomendaciones del Gobierno Nacional para preservar la salud tanto de nuestros empleados como de las comunidades donde estamos presentes\u201d.<\/em><\/p>\n<p dir=\"ltr\">Por otro lado, EDEN record\u00f3 a sus usuarios los canales de atenci\u00f3n disponibles, telef\u00f3nicamente al 0810-999-3336 o v\u00eda e-mail a <a href=\"mailto:atencionalusuario@edensa.com.ar\" target=\"_blank\" rel=\"nofollow noopener noreferrer\">atencionalusuario@edensa.com.ar<\/a> y la <a href=\"https:\/\/sucursalvirtual.edensa.com.ar\/signin\" target=\"_blank\" rel=\"nofollow noopener noreferrer\">Sucursal Virtual <\/a>y la <a href=\"https:\/\/www.edensa.com.ar\/usuarios\/mobile\/\" target=\"_blank\" rel=\"nofollow noopener noreferrer\">App Eden Movil <\/a>para operar en cualquier momento y desde cualquier lugar.<\/p>\n<p>&nbsp;<\/p>\n","protected":false},"excerpt":{"rendered":"<p>EN LOS MOMENTOS QUE SE ATRAVIESAN, M\u00c1S QUE NUNCA HAY QUE CUIDAR TAN VITALES ASPECTOS.<\/p>\n","protected":false},"author":3,"featured_media":5178,"comment_status":"open","ping_status":"open","sticky":false,"template":"","format":"standard","meta":{"footnotes":"","jetpack_publicize_message":"","jetpack_publicize_feature_enabled":true,"jetpack_social_post_already_shared":false,"jetpack_social_options":{"image_generator_settings":{"template":"highway","default_image_id":0,"font":"","enabled":false},"version":2}},"categories":[14],"tags":[710],"class_list":["post-5176","post","type-post","status-publish","format-standard","has-post-thumbnail","hentry","category-la-gente","tag-dia-de-la-higiene-y-seguridad"],"jetpack_publicize_connections":[],"jetpack_featured_media_url":"https:\/\/revistaepocadigital.com.ar\/wp-content\/uploads\/2020\/04\/eden-dia-nacional-de-la-salud-y-la-seguridad-en-el-trabajo.jpg","jetpack_likes_enabled":true,"_links":{"self":[{"href":"https:\/\/revistaepocadigital.com.ar\/index.php?rest_route=\/wp\/v2\/posts\/5176","targetHints":{"allow":["GET"]}}],"collection":[{"href":"https:\/\/revistaepocadigital.com.ar\/index.php?rest_route=\/wp\/v2\/posts"}],"about":[{"href":"https:\/\/revistaepocadigital.com.ar\/index.php?rest_route=\/wp\/v2\/types\/post"}],"author":[{"embeddable":true,"href":"https:\/\/revistaepocadigital.com.ar\/index.php?rest_route=\/wp\/v2\/users\/3"}],"replies":[{"embeddable":true,"href":"https:\/\/revistaepocadigital.com.ar\/index.php?rest_route=%2Fwp%2Fv2%2Fcomments&post=5176"}],"version-history":[{"count":0,"href":"https:\/\/revistaepocadigital.com.ar\/index.php?rest_route=\/wp\/v2\/posts\/5176\/revisions"}],"wp:featuredmedia":[{"embeddable":true,"href":"https:\/\/revistaepocadigital.com.ar\/index.php?rest_route=\/wp\/v2\/media\/5178"}],"wp:attachment":[{"href":"https:\/\/revistaepocadigital.com.ar\/index.php?rest_route=%2Fwp%2Fv2%2Fmedia&parent=5176"}],"wp:term":[{"taxonomy":"category","embeddable":true,"href":"https:\/\/revistaepocadigital.com.ar\/index.php?rest_route=%2Fwp%2Fv2%2Fcategories&post=5176"},{"taxonomy":"post_tag","embeddable":true,"href":"https:\/\/revistaepocadigital.com.ar\/index.php?rest_route=%2Fwp%2Fv2%2Ftags&post=5176"}],"curies":[{"name":"wp","href":"https:\/\/api.w.org\/{rel}","templated":true}]}}