{"id":5210,"date":"2020-04-24T17:23:58","date_gmt":"2020-04-24T20:23:58","guid":{"rendered":"https:\/\/revistaepocadigital.com.ar\/?p=5210"},"modified":"2020-04-24T17:31:33","modified_gmt":"2020-04-24T20:31:33","slug":"mercedes-berisso-mientras-vive-la-pandemia-en-londres-sabe-de-lo-que-habla","status":"publish","type":"post","link":"https:\/\/revistaepocadigital.com.ar\/?p=5210","title":{"rendered":"Mercedes Berisso mientras vive la pandemia en Londres, sabe de lo que habla"},"content":{"rendered":"<p><strong>ES DE LOS CARDALES. UN VIAJE JUNTO A SU MADRE, SE TRANSFORM\u00d3 EN UN CAMBIO DE VIDA.<\/strong><!--more--><\/p>\n<p><em>&#8220;En agosto del 2017 comenz\u00f3 mi aventura; bast\u00f3 con un llamado de mi hermano Santiago para que emprendi\u00e9ramos viaje&#8221;<\/em>, comienza recordando <strong>Mercedes Berisso,<\/strong> la chica de <strong>Los Cardales<\/strong> que, inquieta y con planes y sue\u00f1os, resolvi\u00f3 quedarse a vivir en <strong>Londres, Inglaterra.<\/strong><\/p>\n<p>Mercedes, licenciada en Recursos Humanos, 29 a\u00f1os, atraviesa en la capital de Inglaterra el colapso mundial que ha originado la<strong> pandemia de coronavirus,<\/strong> que tiene en vilo al mundo y claro, a los argentinos. En Londres precisamente, el virus ha jaqueado muy duro y con muertes y graves consecuencias para la gente.<\/p>\n<p>Trae a su memoria Mercedes, hija de la Dra. Mirta Lohrengel y del empresario del rubro inmobiliario, Santiago Berisso, aquellos d\u00edas en que se plante\u00f3 la posibilidad de viajar a Londres, y como se deriv\u00f3 aquella intenci\u00f3n.<em> \u201cMami, Merchu, por que no vienen a visitarme este a\u00f1o?\u201d, nos dijo mi hermano una tarde de domingo. En ese entonces \u00e9l hac\u00eda siete a\u00f1os que viv\u00eda en Londres&#8221;. &#8220;Y bueno<\/em> -cuenta a EPOCA desde su departamento londilense-, <em>resolvimos viajar. Yo decid\u00ed que luego de las vacaciones con mi mam\u00e1 y su amiga Silvia, me quedar\u00eda a tomar clases de ingl\u00e9s y recorrer la ciudad por poco m\u00e1s de un mes. Pero bueno, la ciudad ya me hab\u00eda enamorado!. Su diversidad de culturas, comidas, infinitos planes nuevos para m\u00ed, se me abri\u00f3 una posibilidad para mi vida que afront\u00e9 con muchas ganas e ilusiones&#8221;.<\/em><\/p>\n<figure id=\"attachment_5232\" aria-describedby=\"caption-attachment-5232\" style=\"width: 640px\" class=\"wp-caption aligncenter\"><img loading=\"lazy\" decoding=\"async\" class=\"size-full wp-image-5232\" src=\"https:\/\/revistaepocadigital.com.ar\/wp-content\/uploads\/2020\/04\/lon4-1.jpg\" alt=\"\" width=\"640\" height=\"480\" srcset=\"https:\/\/revistaepocadigital.com.ar\/wp-content\/uploads\/2020\/04\/lon4-1.jpg 640w, https:\/\/revistaepocadigital.com.ar\/wp-content\/uploads\/2020\/04\/lon4-1-300x225.jpg 300w, https:\/\/revistaepocadigital.com.ar\/wp-content\/uploads\/2020\/04\/lon4-1-80x60.jpg 80w, https:\/\/revistaepocadigital.com.ar\/wp-content\/uploads\/2020\/04\/lon4-1-160x120.jpg 160w, https:\/\/revistaepocadigital.com.ar\/wp-content\/uploads\/2020\/04\/lon4-1-265x198.jpg 265w, https:\/\/revistaepocadigital.com.ar\/wp-content\/uploads\/2020\/04\/lon4-1-560x420.jpg 560w\" sizes=\"auto, (max-width: 640px) 100vw, 640px\" \/><figcaption id=\"caption-attachment-5232\" class=\"wp-caption-text\">La tan conocida Abad\u00eda de Westminster, escenario de acontecimientos hist\u00f3ricos en la capital londinense. Una imagen in\u00e9dita, en soledad, sin la presencia se turistas debido a la pandemia.<\/figcaption><\/figure>\n<p>La pandemia por coronavirus desde ya la preocupa, el mundo afronta un momento hist\u00f3rico que para muchos, marcar\u00e1 un antes y un despu\u00e9s como tambi\u00e9n deber\u00eda darse en la Argentina, el tiempo lo dir\u00e1.<\/p>\n<p><em>&#8220;As\u00ed es, como todos sabemos, hoy en d\u00eda se vive una situaci\u00f3n mundial como nunca antes se hab\u00eda vivido, y es interesante ver las distintas medidas que toma cada pa\u00eds. Eso s\u00ed, lo que compartimos todos los habitantes del mundo, es la misma incertidumbre, las mismas angustias y miedos&#8221;.<\/em><\/p>\n<p>Acerca de la realidad que marca el coronavirus, <strong>Mercedes (&#8220;Merchu&#8221;<\/strong> para su familia y sus amigos), comenta a EPOCA &#8220;<em>mientras que en la Argentina se han tomado medidas estrictas desde el 20 de marzo pasado, tres d\u00edas m\u00e1s tarde Boris Johnson <\/em>(primer ministro ingl\u00e9s que incluso padeci\u00f3 coronavirus, estuvo hospitalizado en delicado estado hasta su recuperaci\u00f3n paulatina), <em>decret\u00f3 la cuarentena oficial en el Reino Unido, cuando para ese entonces cont\u00e1bamos con m\u00e1s de 6000 infectados activos. El primer ministro ha sido muy criticado, por haber tomado las medidas tard\u00edamente, y \u00a1qu\u00e9 iron\u00eda! que hasta el mismo haya contra\u00eddo el virus&#8221;.<\/em><\/p>\n<p>Sigue contando la chica de Los Cardales,<em> &#8220;desde aqu\u00ed, destacamos que el presidente Alberto Fernandez haya actuado anticipadamente, y decretado la cuarentena en el momento indicado; permanecer en nuestras casas es muy, muy, importante para hacerle frente al coronavirus; cuidandonos nosotros, tambi\u00e9n cuidamos a nuestros semejantes&#8221;.<\/em><\/p>\n<figure id=\"attachment_5203\" aria-describedby=\"caption-attachment-5203\" style=\"width: 480px\" class=\"wp-caption aligncenter\"><img loading=\"lazy\" decoding=\"async\" class=\"size-full wp-image-5203\" src=\"https:\/\/revistaepocadigital.com.ar\/wp-content\/uploads\/2020\/04\/lon3.jpg\" alt=\"\" width=\"480\" height=\"640\" srcset=\"https:\/\/revistaepocadigital.com.ar\/wp-content\/uploads\/2020\/04\/lon3.jpg 480w, https:\/\/revistaepocadigital.com.ar\/wp-content\/uploads\/2020\/04\/lon3-225x300.jpg 225w, https:\/\/revistaepocadigital.com.ar\/wp-content\/uploads\/2020\/04\/lon3-315x420.jpg 315w\" sizes=\"auto, (max-width: 480px) 100vw, 480px\" \/><figcaption id=\"caption-attachment-5203\" class=\"wp-caption-text\">Inimaginable hace apenas unos pocos meses atr\u00e1s, la polifac\u00e9tica y pluricultural Londres desierta.<\/figcaption><\/figure>\n<p>En el Reino Unido,<strong> Mercedes<\/strong> se ha ido afianzando en su vida profesional y personal, convencida del camino emprendido como, porqu\u00e9 no, ya lo estuvo desde el momento en que como ha contado al principio, viaj\u00f3 con su madre y una amiga a visitar a su hermano, y resolvi\u00f3 quedarse all\u00e1. <em>&#8220;Ja!, me acuerdo que se acercaba el d\u00eda de mi regreso a Buenos Aires, pero yo ya ten\u00eda decidido que me quedar\u00eda por un tiempo, indefinido, ja!. Eso s\u00ed, con la tranquilidad que no ten\u00eda nada por perder, con muchas ganas de vivir nuevas experiencias, aprender, y sabiendo que pod\u00eda volver a casa cuando lo deseara&#8221;<\/em><\/p>\n<p><em>&#8220;Poco tiempo despu\u00e9s de haber resuelto quedarme en Londres y de instalarme con mi hermano, comenc\u00e9 la b\u00fasqueda laboral. Y la verdad, \u00a1no fue nada f\u00e1cil!. Pero bueno, nunca baj\u00e9 los brazos, y luego de muchos intentos y cinco meses de intensa b\u00fasqueda, consegu\u00ed mi primer trabajo permanente. Y bueno, comenc\u00e9 a avanzar si bien, me tom\u00f3 otros ocho meses pude encontrar el puesto al que yo aspiraba&#8221;<\/em>, apunta la chica mientras, cuenta, ha vuelto de correr por un parque cercano a su casa en la casi siempre nublada Londres.<\/p>\n<p><em>&#8220;Hoy en d\u00eda<\/em> -admite- <em>me siento muy c\u00f3moda trabajando para el banco espa\u00f1ol Santander, en el sector de pagos digitales que, la verdad, no para de crecer. Y s\u00ed, me siento muy afortunada y privilegiada deformar parte del equipo como office manager, y asistente ejecutiva del jefe del equipo a nivel global. Trabajo hace casi un a\u00f1o y medio en el Banco Santander como te comento, en el sector digital, departamento de payments o sector de pagos digital como office manager, y soy asistente ejecutiva del jefe del equipo a nivel global, que es el executive vicepresident Global Head of Payments, adem\u00e1s tenemos oficinas en Londres, Madrid y Bruselas&#8221;.<\/em><\/p>\n<p><em>Somos un grupo &#8211;<\/em>explica- <em>que nos entendemos y por otro lado, me resulta muy interesante y hace a mi crecimiento personal y profesional, compartir mi d\u00eda a d\u00eda con personas de todo el mundo, y conocer sus culturas, sus filosf\u00edas, estilos de vida. Comparto el trabajo entre otros con ind\u00faes, chinos, mexicanos, turcos, espa\u00f1oles e ingleses desde ya, aunque estos \u00faltimos no sean muchos&#8221;<\/em><\/p>\n<figure id=\"attachment_5199\" aria-describedby=\"caption-attachment-5199\" style=\"width: 480px\" class=\"wp-caption aligncenter\"><img loading=\"lazy\" decoding=\"async\" class=\"size-full wp-image-5199\" src=\"https:\/\/revistaepocadigital.com.ar\/wp-content\/uploads\/2020\/04\/lon7.jpg\" alt=\"\" width=\"480\" height=\"640\" srcset=\"https:\/\/revistaepocadigital.com.ar\/wp-content\/uploads\/2020\/04\/lon7.jpg 480w, https:\/\/revistaepocadigital.com.ar\/wp-content\/uploads\/2020\/04\/lon7-225x300.jpg 225w, https:\/\/revistaepocadigital.com.ar\/wp-content\/uploads\/2020\/04\/lon7-315x420.jpg 315w\" sizes=\"auto, (max-width: 480px) 100vw, 480px\" \/><figcaption id=\"caption-attachment-5199\" class=\"wp-caption-text\">Se\u00f1ales del coronavirus, suele salir a correr por el parque St. James, y en el piso, las marcas para mantener la distancia social.<\/figcaption><\/figure>\n<p>Algo m\u00e1s rescata (y muy importante) <strong>Mercedes Berisso<\/strong>, <em>&#8220;vivir en una sociedad organizada tambi\u00e9n tiene sus privilegios y beneficios, desde cosas importantes hasta las cotidinaas como por ejemplo, no tener la necesidad de trasladarte con auto, porque el transporte p\u00fablico funciona de maravillas. Y donde tambi\u00e9n pod\u00e9s caminar a cualquier hora por las calles sin que te aparezca ninguna sensaci\u00f3n de miedo&#8221;.<\/em><\/p>\n<figure id=\"attachment_5235\" aria-describedby=\"caption-attachment-5235\" style=\"width: 600px\" class=\"wp-caption aligncenter\"><img loading=\"lazy\" decoding=\"async\" class=\"size-full wp-image-5235\" src=\"https:\/\/revistaepocadigital.com.ar\/wp-content\/uploads\/2020\/04\/00.jpg\" alt=\"\" width=\"600\" height=\"556\" srcset=\"https:\/\/revistaepocadigital.com.ar\/wp-content\/uploads\/2020\/04\/00.jpg 600w, https:\/\/revistaepocadigital.com.ar\/wp-content\/uploads\/2020\/04\/00-300x278.jpg 300w, https:\/\/revistaepocadigital.com.ar\/wp-content\/uploads\/2020\/04\/00-453x420.jpg 453w\" sizes=\"auto, (max-width: 600px) 100vw, 600px\" \/><figcaption id=\"caption-attachment-5235\" class=\"wp-caption-text\">Mercedes Berisso en Regent Street, una de las calles m\u00e1s importantes de Londres, conocida adem\u00e1s por las famosas tiendas de ropa, hace poco en la que hab\u00eda sido la \u00faltima salida con amigas.<\/p>\n<p><\/figcaption><\/figure>\n<p>Entre evocaciones , como fueron sus primeros pasos en Londres, y trazar algunas pinceladas de la vida misma, Mercedes no pude sustraerse de la enorme preocupaci\u00f3n debido al coronavirus, que ha causado miles de muertos en el mundo.<em> &#8220;A pesar de la tardanza en determinar la cuarentena obligatoria ac\u00e1, como ya coment\u00e9, la mayor\u00eda de los empleados de las compa\u00f1\u00edas ya trabajaban desde sus casas desde la segunda semana de marzo. En mi caso en particular, me siento afortunada de poder seguir trabajando desde mi casa, mientras que tengo amigas en el sector gastron\u00f3mico, que no trabajan aunque el gobierno les brindar\u00e1 el 80% de su salario mensual; sin dudas, se viven situaciones re-dif\u00edciles en muchos pa\u00edses&#8221;<\/em><\/p>\n<p>\u00bfY como vive y soporta la pandemia en su casa londilense?, la chica es muy ilustrativa, <em>&#8220;tengo la suerte de mantenerme ocupada con el trabajo durante la semana, y a su vez me siento muy conectada con mi familia y amigos lo que para m\u00ed es muy importante. Vivo en Pimlico, que es zona 1 de Londres, digamos en el centro, a unos diez minutos caminando del Palacio de Westminster. Compartimos e<\/em>l <em>departamento con dos chicas espa\u00f1olas y una argentina que es de Los Cardales como yo, ja, ja; la pasamos muy bien, nos apoyamos mutuamente. Eso s\u00ed, tambi\u00e9n tengo momentos de angustia, y son esos ratos entonces en los que intento distraerme haciendo ejercicio, leyendo o cocinando con mis compa\u00f1eras de piso&#8221;.<\/em><\/p>\n<figure id=\"attachment_5240\" aria-describedby=\"caption-attachment-5240\" style=\"width: 480px\" class=\"wp-caption aligncenter\"><img loading=\"lazy\" decoding=\"async\" class=\"size-full wp-image-5240\" src=\"https:\/\/revistaepocadigital.com.ar\/wp-content\/uploads\/2020\/04\/01.jpg\" alt=\"\" width=\"480\" height=\"550\" srcset=\"https:\/\/revistaepocadigital.com.ar\/wp-content\/uploads\/2020\/04\/01.jpg 480w, https:\/\/revistaepocadigital.com.ar\/wp-content\/uploads\/2020\/04\/01-262x300.jpg 262w, https:\/\/revistaepocadigital.com.ar\/wp-content\/uploads\/2020\/04\/01-367x420.jpg 367w\" sizes=\"auto, (max-width: 480px) 100vw, 480px\" \/><figcaption id=\"caption-attachment-5240\" class=\"wp-caption-text\">Hace apenas un par de d\u00edas con la primavera avanzando, gente descansa en el Battersea Park, tambi\u00e9n muy conocido en el\u00a0 centro de Londres.<\/figcaption><\/figure>\n<p><em>&#8220;A diferencia de Argentina<\/em> -detalla Mercedes y resulta muy interesante lo que dice- l<em>o que nosotros atravesamos ac\u00e1 no es un confinamiento total. Es decir, adem\u00e1s de tener permiso para hacer compras esenciales, adem\u00e1s tenemos permitido una hora de ejercicio f\u00edsico por d\u00eda, sola o con alg\u00fan integrante de tu casa, eso s\u00ed, respetando la distancia social de dos metros. El orden p\u00fablico no te &#8220;frena&#8221; a controlar el motivo de tu salida, ni te pide el ticket de la compra, y tampoco nos obligan a usar barbijo como se ha resuelto en los \u00faltimos d\u00edas en varios lugares de nuestro pa\u00eds. Por otro lado, el transporte p\u00fablico sigue funcionando, y quienes lo utilizan son los trabajadores esenciales. Sin embargo, con el comienzo de la primavera que ya se nota, luego de un largo invierno, todos sentimos muchas ganas de salir a dar un paseo y disfrutar un poco del sol en la cara, ja!. Pero lamentablemente no se puede ver gente descansando o tomando sol, en los parques tan famosos del centro de Londres. El miedo que nos quiten ese beneficio se agranda d\u00eda a d\u00eda, veremos a medida que los d\u00eda<\/em>s <em>vayan mejorando&#8221;.<\/em><\/p>\n<p><img loading=\"lazy\" decoding=\"async\" class=\"size-full wp-image-5208\" src=\"https:\/\/revistaepocadigital.com.ar\/wp-content\/uploads\/2020\/04\/lon5-2.jpg\" alt=\"\" width=\"480\" height=\"640\" srcset=\"https:\/\/revistaepocadigital.com.ar\/wp-content\/uploads\/2020\/04\/lon5-2.jpg 480w, https:\/\/revistaepocadigital.com.ar\/wp-content\/uploads\/2020\/04\/lon5-2-225x300.jpg 225w, https:\/\/revistaepocadigital.com.ar\/wp-content\/uploads\/2020\/04\/lon5-2-315x420.jpg 315w\" sizes=\"auto, (max-width: 480px) 100vw, 480px\" \/>El Cuartel de la Caballer\u00eda Real, tambi\u00e9n en soledad.<\/p>\n<p>Por su profesi\u00f3n y ocupaci\u00f3n en el sector bancario y en el de las finanzas, pormenoriza Mercedes su mirada en las consecuencias economicas que origina la pandemia y relaciona el enfoque argentino con el del Reino Unido, &#8220;<em>una diferencia m\u00e1s que noto es en cuanto al plano econ\u00f3mico. La Argentina se encuentra en una posici\u00f3n m\u00e1s d\u00e9bil por falta de recursos y falta de acceso a cr\u00e9dito, y no se puede permitir un confinamiento tan severo. Mientras que el Reino Unido, cuenta con una econom\u00eda consolidada y fuerte, con acceso a cr\u00e9ditos para afrontar deuda a tasas bajas, con lo cual permite dar mejores beneficios a los &#8220;jugadores&#8221; de la econom\u00eda. Estos \u00faltimos han sido beneficiados con subsidios a por desempleoa, beneficios impositivos, pr\u00e9stamos a tasas muy bajas, entre otras acciones&#8221;.<\/em><\/p>\n<p>Con nitidez y conocimientos, ampl\u00eda su perspectiva en torno a las agudas derivacionesa que deparar\u00e1 el coronavirus,<em> &#8220;seg\u00fan el FMI la econom\u00eda decaer\u00e1, y estaremos experimentado la mayor crisis desde 1930. Y cuando m\u00e1s tarde, llegue el momento que la curva crezca, viviremos en una realidad distinta, en la cual cambiara nuestra manera de consumir, por las consecuencias que nos traer\u00e1 esta terrible experiencia. Sin embargo, m\u00e1s all\u00e1 de las estimaciones, el pron\u00f3stico es incierto. Solo queda vivir el d\u00eda a d\u00eda, acatando las normas del gobierno y siendo responsables individualmente&#8221;.<\/em><\/p>\n<p><strong>Mercedes Berisso,<\/strong> <strong>Merchu<\/strong>, es de Cardales; un d\u00eda decidi\u00f3 que <strong>Londres<\/strong> iba a ser lugar en el mundo. Sabe de lo que habla.<\/p>\n","protected":false},"excerpt":{"rendered":"<p>ES DE LOS CARDALES. UN VIAJE JUNTO A SU MADRE, SE TRANSFORM\u00d3 EN UN CAMBIO DE VIDA.<\/p>\n","protected":false},"author":4,"featured_media":5231,"comment_status":"open","ping_status":"open","sticky":false,"template":"","format":"standard","meta":{"footnotes":"","jetpack_publicize_message":"","jetpack_publicize_feature_enabled":true,"jetpack_social_post_already_shared":false,"jetpack_social_options":{"image_generator_settings":{"template":"highway","default_image_id":0,"font":"","enabled":false},"version":2}},"categories":[4,13],"tags":[712,711],"class_list":["post-5210","post","type-post","status-publish","format-standard","has-post-thumbnail","hentry","category-aqui-los-cardales","category-interes-general","tag-historia-de-vida","tag-mercedes-berisso"],"jetpack_publicize_connections":[],"jetpack_featured_media_url":"https:\/\/revistaepocadigital.com.ar\/wp-content\/uploads\/2020\/04\/001.jpg","jetpack_likes_enabled":true,"_links":{"self":[{"href":"https:\/\/revistaepocadigital.com.ar\/index.php?rest_route=\/wp\/v2\/posts\/5210","targetHints":{"allow":["GET"]}}],"collection":[{"href":"https:\/\/revistaepocadigital.com.ar\/index.php?rest_route=\/wp\/v2\/posts"}],"about":[{"href":"https:\/\/revistaepocadigital.com.ar\/index.php?rest_route=\/wp\/v2\/types\/post"}],"author":[{"embeddable":true,"href":"https:\/\/revistaepocadigital.com.ar\/index.php?rest_route=\/wp\/v2\/users\/4"}],"replies":[{"embeddable":true,"href":"https:\/\/revistaepocadigital.com.ar\/index.php?rest_route=%2Fwp%2Fv2%2Fcomments&post=5210"}],"version-history":[{"count":0,"href":"https:\/\/revistaepocadigital.com.ar\/index.php?rest_route=\/wp\/v2\/posts\/5210\/revisions"}],"wp:featuredmedia":[{"embeddable":true,"href":"https:\/\/revistaepocadigital.com.ar\/index.php?rest_route=\/wp\/v2\/media\/5231"}],"wp:attachment":[{"href":"https:\/\/revistaepocadigital.com.ar\/index.php?rest_route=%2Fwp%2Fv2%2Fmedia&parent=5210"}],"wp:term":[{"taxonomy":"category","embeddable":true,"href":"https:\/\/revistaepocadigital.com.ar\/index.php?rest_route=%2Fwp%2Fv2%2Fcategories&post=5210"},{"taxonomy":"post_tag","embeddable":true,"href":"https:\/\/revistaepocadigital.com.ar\/index.php?rest_route=%2Fwp%2Fv2%2Ftags&post=5210"}],"curies":[{"name":"wp","href":"https:\/\/api.w.org\/{rel}","templated":true}]}}