{"id":5216,"date":"2020-04-24T16:21:27","date_gmt":"2020-04-24T19:21:27","guid":{"rendered":"https:\/\/revistaepocadigital.com.ar\/?p=5216"},"modified":"2020-04-24T16:26:17","modified_gmt":"2020-04-24T19:26:17","slug":"la-muerte-por-coronavirus-de-la-persona-internada-en-el-hospital","status":"publish","type":"post","link":"https:\/\/revistaepocadigital.com.ar\/?p=5216","title":{"rendered":"La muerte por coronavirus de la persona internada en el hospital"},"content":{"rendered":"<header id=\"site-header\" class=\"site-header\" role=\"banner\">\n<div id=\"menu-primary-container\" class=\"menu-primary-container tier-1\">\n<div id=\"menu-primary\" class=\"menu-container menu-primary\" role=\"navigation\">\n<nav class=\"menu\"><strong>PRIMER FALLECIDO EN EXALTACION DE LA CRUZ. EL HOMBRE ESTUVO EN TERAPIA INTENSIVA DURANTE UN MES.<\/strong><\/nav>\n<\/div>\n<\/div>\n<\/header>\n<p><!--more--><\/p>\n<aside id=\"below-header\" class=\"widget-area widget-area-below-header active-1\" role=\"complementary\">\n<section id=\"adrotate_widgets-2\" class=\"widget adrotate_widgets\">\n<div class=\"g g-2\"><\/div>\n<\/section>\n<\/aside>\n<div class=\"content-container\">\n<div class=\"layout-container\">\n<section id=\"main\" class=\"main\" role=\"main\">\n<div id=\"loop-container\" class=\"loop-container\">\n<div class=\"post-1183 post type-post status-publish format-standard has-post-thumbnail hentry category-sociedad tag-coronavirus tag-hospital-san-jose tag-muertes entry\">\n<article>\n<div class=\"post-header\"><\/div>\n<\/article>\n<\/div>\n<\/div>\n<\/section>\n<\/div>\n<\/div>\n<p>De profesi\u00f3n psic\u00f3logo, Horacio Ejilevich Grimaldi, se encontraba internado en la unidad de terapia intensiva del Hospital San Jos\u00e9, siguiendo los m\u00e1s estrictos protocolos sanitarios indicados para coronavirus. Era el \u00fanico caso positivo que se hab\u00eda detectado en Exaltaci\u00f3n de la Cruz.<\/p>\n<p>Se hab\u00eda recibido de psic\u00f3logo en 1975, en la Universidad de Buenos Aires, luego hizo estudios de posgrado en los Estados Unidos. Fue quien cre\u00f3 y presidi\u00f3 la primera instituci\u00f3n psicol\u00f3gica de orientaci\u00f3n junguiana en el pa\u00eds, public\u00f3 el diario La Naci\u00f3n.<\/p>\n<div class=\"fb-video\" data-allowfullscreen=\"true\" data-href=\"https:\/\/www.facebook.com\/Muniexaltaciondelacruz\/videos\/239203230634037\/?t=3\" style=\"background-color: #fff; display: inline-block;\"><\/div>\n<p>El mensaje del intendente Nanni atrav\u00e9s de redes sociales, informando sobre el fallecimiento.<\/p>\n<p>Ejilevich Grimaldi se convirti\u00f3 en la v\u00edctima n\u00famero 168 en el pa\u00eds, cuando ya pasaron m\u00e1s de siete semanas desde que se detect\u00f3 el primer caso positivo de la nueva cepa del coronavirus. Por la ma\u00f1ana (viernes 24-4-20), el Ministerio de Salud de la Naci\u00f3n hab\u00eda reportado otras dos muertes.<\/p>\n<p>Seg\u00fan el recuento oficial a la fecha, los casos confirmados en el pa\u00eds son 3.435, incluyendo a los 168 muertos. Del total, 875 (25,5%) son importados; 1.490 (43,4%) son contactos estrechos de casos confirmados y 722 (21%) son casos de circulaci\u00f3n comunitaria. El resto se encuentra en investigaci\u00f3n epidemiol\u00f3gica para determinar la forma de contagio.<\/p>\n<p>La mitad de los infectados en el pa\u00eds son hombres y la otra mitad, mujeres. El dato alentador es que 976 personas ya recibieron el alta. En tanto, 2.291 permanecen infectadas, 140 en terapia intensiva. Otros datos difundidos esta ma\u00f1ana tienen que ver con los testeos realizados. En las \u00faltimas 24 horas hubo 2.868 nuevas muestras y desde el inicio del brote ya se controlaron a 44.654. Esto equivale a 984,1 muestras por mill\u00f3n de habitantes. Una de las cifras m\u00e1s bajas de la regi\u00f3n y del mundo.<\/p>\n<p>&nbsp;<\/p>\n<p>Foto portada: gentileza diario La Naci\u00f3n.<\/p>\n","protected":false},"excerpt":{"rendered":"<p>PRIMER FALLECIDO EN EXALTACION DE LA CRUZ. EL HOMBRE ESTUVO EN TERAPIA INTENSIVA DURANTE UN MES.<\/p>\n","protected":false},"author":3,"featured_media":5223,"comment_status":"open","ping_status":"open","sticky":false,"template":"","format":"standard","meta":{"footnotes":"","jetpack_publicize_message":"","jetpack_publicize_feature_enabled":true,"jetpack_social_post_already_shared":false,"jetpack_social_options":{"image_generator_settings":{"template":"highway","default_image_id":0,"font":"","enabled":false},"version":2}},"categories":[17],"tags":[713],"class_list":["post-5216","post","type-post","status-publish","format-standard","has-post-thumbnail","hentry","category-politica","tag-fallecido-coronavirus"],"jetpack_publicize_connections":[],"jetpack_featured_media_url":"https:\/\/revistaepocadigital.com.ar\/wp-content\/uploads\/2020\/04\/muerto-coronavirus-exaltacion.jpg","jetpack_likes_enabled":true,"_links":{"self":[{"href":"https:\/\/revistaepocadigital.com.ar\/index.php?rest_route=\/wp\/v2\/posts\/5216","targetHints":{"allow":["GET"]}}],"collection":[{"href":"https:\/\/revistaepocadigital.com.ar\/index.php?rest_route=\/wp\/v2\/posts"}],"about":[{"href":"https:\/\/revistaepocadigital.com.ar\/index.php?rest_route=\/wp\/v2\/types\/post"}],"author":[{"embeddable":true,"href":"https:\/\/revistaepocadigital.com.ar\/index.php?rest_route=\/wp\/v2\/users\/3"}],"replies":[{"embeddable":true,"href":"https:\/\/revistaepocadigital.com.ar\/index.php?rest_route=%2Fwp%2Fv2%2Fcomments&post=5216"}],"version-history":[{"count":0,"href":"https:\/\/revistaepocadigital.com.ar\/index.php?rest_route=\/wp\/v2\/posts\/5216\/revisions"}],"wp:featuredmedia":[{"embeddable":true,"href":"https:\/\/revistaepocadigital.com.ar\/index.php?rest_route=\/wp\/v2\/media\/5223"}],"wp:attachment":[{"href":"https:\/\/revistaepocadigital.com.ar\/index.php?rest_route=%2Fwp%2Fv2%2Fmedia&parent=5216"}],"wp:term":[{"taxonomy":"category","embeddable":true,"href":"https:\/\/revistaepocadigital.com.ar\/index.php?rest_route=%2Fwp%2Fv2%2Fcategories&post=5216"},{"taxonomy":"post_tag","embeddable":true,"href":"https:\/\/revistaepocadigital.com.ar\/index.php?rest_route=%2Fwp%2Fv2%2Ftags&post=5216"}],"curies":[{"name":"wp","href":"https:\/\/api.w.org\/{rel}","templated":true}]}}