{"id":5266,"date":"2020-04-26T20:06:28","date_gmt":"2020-04-26T23:06:28","guid":{"rendered":"https:\/\/revistaepocadigital.com.ar\/?p=5266"},"modified":"2020-04-26T20:07:10","modified_gmt":"2020-04-26T23:07:10","slug":"el-pequeno-hogar-de-transito-mas-que-nunca-precisa-de-todos","status":"publish","type":"post","link":"https:\/\/revistaepocadigital.com.ar\/?p=5266","title":{"rendered":"El Peque\u00f1o Hogar Exaltaci\u00f3n, m\u00e1s que nunca precisa de todos"},"content":{"rendered":"<p><strong>LOS TAN DUROS MOMENTOS.<\/strong><!--more--><\/p>\n<p>Provocados por la pandemia de coronavirus, deriva en m\u00faltiples consecuencias y dificultades. No escapa a la situaci\u00f3n claro, el <strong>Peque\u00f1o Hogar Exaltaci\u00f3n; l<\/strong>a tan valiosa instituci\u00f3n de Capilla del Se\u00f1or, que alberga, cuida, contiene a menores en riesgo.<\/p>\n<p>Debido a la crisis que se padece, la entidad se ha visto perjudicada en el funcionamiento normal. Las autoridades lo hicieron saber mediante este comunicado especial:<\/p>\n<p><em>Queridos amigos, socios y vecinos:<\/em><br \/>\n<em>Como producto de la realidad que hoy nos toca vivir, no podemos realizar nuestro cobro mensual de cuotas, actividades ni eventos a beneficio, lo que reduce much\u00edsimo nuestros ingresos. Tampoco podemos recibir visitas de colaboradores espor\u00e1dicos o voluntarios frecuentes, a traves de los cuales tambi\u00e9n recib\u00edamos donaciones semanales y\/o mensuales. Es por ello, que queremos solicitar su AYUDA, sin que esto implique interrumpir el aislamiento social requerido.<\/em><br \/>\n<em>Para esto ponemos a disposici\u00f3n diferentes alternativas para que puedan hacernos llegar vuestras donaciones:<\/em><\/p>\n<p><em>Los Cardales&#8230; Ameghino 53 (Graciela)<\/em><br \/>\n<em>Capilla del Se\u00f1or&#8230; Casco 328 (M\u00f3nica)<\/em><br \/>\n<em>Chacras de la Cruz&#8230; Lote 132 (Paulina)<\/em><br \/>\n<em>Si necesitas que lo busquemos nosotros 02304560581 (Maria Laura)<\/em><br \/>\n<em>Transferencia bancaria &#8220;Asociacion Civil Exaltacion de la Cruz&#8221; cta cte Bco Provincia CBU 0140053301713405008838<\/em><br \/>\n<em>Cuit 30-66770329-4<\/em><\/p>\n<p><em>Hoy estamos necesitando:<\/em><br \/>\n<em>*Leche entera liquida larga vida<\/em><br \/>\n<em>*Pa\u00f1ales G, XG y XXG<\/em><br \/>\n<em>*Galletitas<\/em><br \/>\n<em>*Shampoo y acondicionador<\/em><br \/>\n<em>*\u00d3leo calc\u00e1reo<\/em><br \/>\n<em>*Algod\u00f3n<\/em><br \/>\n<em>*Carne picada y\/o para milanesas<\/em><br \/>\n<em>*Queso<\/em><\/p>\n<p><em>GRACIAS POR SER PARTE DE ESTE PROYECTO Y ESTA GRAN FAMILIA QUE SOMOS!!!<\/em><\/p>\n<p><img loading=\"lazy\" decoding=\"async\" class=\"aligncenter size-full wp-image-5267\" src=\"https:\/\/revistaepocadigital.com.ar\/wp-content\/uploads\/2020\/04\/pe.jpg\" alt=\"\" width=\"540\" height=\"960\" srcset=\"https:\/\/revistaepocadigital.com.ar\/wp-content\/uploads\/2020\/04\/pe.jpg 540w, https:\/\/revistaepocadigital.com.ar\/wp-content\/uploads\/2020\/04\/pe-169x300.jpg 169w, https:\/\/revistaepocadigital.com.ar\/wp-content\/uploads\/2020\/04\/pe-236x420.jpg 236w, https:\/\/revistaepocadigital.com.ar\/wp-content\/uploads\/2020\/04\/pe-473x840.jpg 473w\" sizes=\"auto, (max-width: 540px) 100vw, 540px\" \/><\/p>\n<p>&nbsp;<\/p>\n<p>Y como era de esperar, vecinos de <strong>Exaltaci\u00f3n de la Cruz y de otros lugares,<\/strong> tambi\u00e9n en las actuales circunstancias, han reiterado su gran esp\u00edritu solidario y le est\u00e1n haciendo el aguante al Peque\u00f1o Hogar Exaltaci\u00f3n desde donde as\u00ed han agradecido:<\/p>\n<p><em>Queridos amigos, socios y vecinos:<\/em><br \/>\n<em>Como fueron muchos, de diferentes maneras, por diferentes medios, de varias localidades, y como no queremos olvidarnos de ninguno &#8230; hacemos un MASIVO AGRADECIMIENTO a todos los que en el dia de hoy pusieron su granito de arena en esta obra. Vivimos en una comunidad sumamente solidaria, eso nos enorgullece y nos da fuerzas para seguir adelante, porque nos demuestra que no estamos solos&#8230;que uds estan detr\u00e1s.<\/em><br \/>\n<em>Una vez mas&#8230;GRACIAS<\/em><\/p>\n<p><em>Maravilloso grupo que anoche amaso pizzas y panes para traernos hoy fresquitos, junto a otros productos recolectados en el pueblo entre vecinos y comerciantes<\/em>.<br \/>\n<em>GRACIAS INFINITAS A TODOS!!!<\/em><\/p>\n<p>&nbsp;<\/p>\n<p>&nbsp;<\/p>\n","protected":false},"excerpt":{"rendered":"<p>LOS TAN DUROS MOMENTOS.<\/p>\n","protected":false},"author":4,"featured_media":5270,"comment_status":"open","ping_status":"open","sticky":false,"template":"","format":"standard","meta":{"footnotes":"","jetpack_publicize_message":"","jetpack_publicize_feature_enabled":true,"jetpack_social_post_already_shared":false,"jetpack_social_options":{"image_generator_settings":{"template":"highway","default_image_id":0,"font":"","enabled":false},"version":2}},"categories":[13],"tags":[37,267],"class_list":["post-5266","post","type-post","status-publish","format-standard","has-post-thumbnail","hentry","category-interes-general","tag-destacada","tag-pequeno-hogar-exaltacion"],"jetpack_publicize_connections":[],"jetpack_featured_media_url":"https:\/\/revistaepocadigital.com.ar\/wp-content\/uploads\/2020\/04\/ppp.jpg","jetpack_likes_enabled":true,"_links":{"self":[{"href":"https:\/\/revistaepocadigital.com.ar\/index.php?rest_route=\/wp\/v2\/posts\/5266","targetHints":{"allow":["GET"]}}],"collection":[{"href":"https:\/\/revistaepocadigital.com.ar\/index.php?rest_route=\/wp\/v2\/posts"}],"about":[{"href":"https:\/\/revistaepocadigital.com.ar\/index.php?rest_route=\/wp\/v2\/types\/post"}],"author":[{"embeddable":true,"href":"https:\/\/revistaepocadigital.com.ar\/index.php?rest_route=\/wp\/v2\/users\/4"}],"replies":[{"embeddable":true,"href":"https:\/\/revistaepocadigital.com.ar\/index.php?rest_route=%2Fwp%2Fv2%2Fcomments&post=5266"}],"version-history":[{"count":0,"href":"https:\/\/revistaepocadigital.com.ar\/index.php?rest_route=\/wp\/v2\/posts\/5266\/revisions"}],"wp:featuredmedia":[{"embeddable":true,"href":"https:\/\/revistaepocadigital.com.ar\/index.php?rest_route=\/wp\/v2\/media\/5270"}],"wp:attachment":[{"href":"https:\/\/revistaepocadigital.com.ar\/index.php?rest_route=%2Fwp%2Fv2%2Fmedia&parent=5266"}],"wp:term":[{"taxonomy":"category","embeddable":true,"href":"https:\/\/revistaepocadigital.com.ar\/index.php?rest_route=%2Fwp%2Fv2%2Fcategories&post=5266"},{"taxonomy":"post_tag","embeddable":true,"href":"https:\/\/revistaepocadigital.com.ar\/index.php?rest_route=%2Fwp%2Fv2%2Ftags&post=5266"}],"curies":[{"name":"wp","href":"https:\/\/api.w.org\/{rel}","templated":true}]}}