{"id":5273,"date":"2020-04-27T19:46:33","date_gmt":"2020-04-27T22:46:33","guid":{"rendered":"https:\/\/revistaepocadigital.com.ar\/?p=5273"},"modified":"2020-04-27T19:46:33","modified_gmt":"2020-04-27T22:46:33","slug":"las-salidas-sanitarias-autorizadas-pero-solo-por-razones-medicas","status":"publish","type":"post","link":"https:\/\/revistaepocadigital.com.ar\/?p=5273","title":{"rendered":"Las salidas sanitarias autorizadas, pero s\u00f3lo por razones m\u00e9dicas"},"content":{"rendered":"<div id=\"id_5ea752d4a31083655223820\" class=\"text_exposed_root text_exposed\">\n<p><strong>LAS SALIDAS DE PERSONAS DE SUS\u00a0 CASAS, EN EL MARCO DE LA CUARENTENA, ORIGIN\u00d3 M\u00daLTIPLES COMENTARIOS Y CONTROVERSIAS.<!--more--><\/strong><\/p>\n<p>Tanto que pese a la autorizaci\u00f3n dada a conocer por el presidente Alberto Fern\u00e1ndez, las provincias de la Ciudad de Buenos Aires, provincia de Buenos Aires, Santa Fe y C\u00f3rdoba, resolvieron limitarlas.<\/p>\n<p>A prop\u00f3sito en <strong>Exaltaci\u00f3n de la Cruz<\/strong>, tambi\u00e9n se adoptaron medidas especiales y espec\u00edficas para los habitantes del distrito. Desde la comuna, hicieron saber que &#8220;al amparo de lo anunciado por la Naci\u00f3n, el gobierno municipal decidi\u00f3 restringir las salidas de recreaci\u00f3n, para limitarlas s\u00f3lo a SALIDAS SANITARIAS BAJO EXLCUSIVA PRESCRIPCI\u00d3N M\u00c9DICA&#8221;. Dicho beneficio -se agreg\u00f3- ES S\u00d3LO CON AUTORIZACI\u00d3N PREVIA DEL EQUIPO DE SALUD MENTAL DEL MUNICIPIO.<\/p>\n<div class=\"text_exposed_show\">\n<p><strong>Las salidas se han permitido entre las 14 y 15 horas<\/strong>, para quienes no est\u00e9n dentro del grupo de riesgo. A\u00fan contando con prescripci\u00f3n m\u00e9dica, deben HOMOLOGARLA con Salud Mental y firmar el vecino, una declaraci\u00f3n jurada.<\/p>\n<p>NO SE PUEDEN USAR PLAZAS O ESPACIOS P\u00daBLICOS PARA LAS SALIDAS. La persona autorizada, s\u00f3lo puede recorrer la manzana en que vive, y respetar protocolos de seguridad sanitaria, como el uso de barbijo y las distancias sociales.<\/p>\n<p>NO SE PERMITEN GRUPOS DE PERSONAS, NO SE PUEDEN USAR BICICLETAS, PATINES O ELEMENTOS RECREATIVOS. La salida es s\u00f3lo una caminata, y no debe ser entendida como una excusa para encuentro y contacto social.<\/p>\n<p><strong>LAS AUTORIZACIONES SON GESTIONADAS EN:<\/strong><\/p>\n<\/div>\n<div class=\"text_exposed_show\">\n<p><strong>Capilla del Se\u00f1or, de lunes a viernes de 8 a 12 en Jos\u00e9 Sosa 440.<\/strong><\/p>\n<p><strong>Los Cardales, d\u00edas lunes y viernes, 10 horas, en Acci\u00f3n Social.<\/strong><\/p>\n<p><strong>Parada Robles, lunes a viernes 10 horas, en el Centro de Atenci\u00f3n Primaria.<\/strong><\/p>\n<\/div>\n<\/div>\n<div dir=\"ltr\">Se homologar\u00e1 la indicaci\u00f3n m\u00e9dica o profesional en un formulario de \u201csalida sanitaria\u201d, y la persona debe firmar una declaraci\u00f3n jurada, en la que acredite que NO convive con personas que est\u00e9n dentro del grupo de riesgo.<\/div>\n<div dir=\"ltr\"><\/div>\n<div dir=\"ltr\">Dicho formulario debe ser completado y firmado por el miembro de salud mental que se encuentra desempe\u00f1ando sus funciones en los centros menci\u00f3nados, los mismos entregan a las personas los permisos y conservan las declaraciones juradas e indicaciones m\u00e9dicas.<\/div>\n<div dir=\"ltr\"><\/div>\n<div dir=\"ltr\"><\/div>\n<div id=\"id_5ea752d4a31083655223820\" class=\"text_exposed_root text_exposed\">\n<div class=\"text_exposed_show\">\n<p><strong>CONSULTAS<\/strong>: llamar al 02323 491869, o dirigirse por email a saludmental@exaltaciondelacruz.gov.ar, o en la red social Facebook: Salud Mental Exaltaci\u00f3n de la Cruz.<\/p>\n<\/div>\n<\/div>\n<div class=\"_3x-2\" data-ft=\"{&quot;tn&quot;:&quot;H&quot;}\">\n<div data-ft=\"{&quot;tn&quot;:&quot;H&quot;}\">\n<div class=\"mtm\">\n<div>\n<div class=\"_1ktf\" data-ft=\"{&quot;tn&quot;:&quot;E&quot;}\">\n<div class=\"uiScaledImageContainer _517g\"><img loading=\"lazy\" decoding=\"async\" class=\"scaledImageFitWidth img\" src=\"https:\/\/scontent.faep7-1.fna.fbcdn.net\/v\/t1.0-0\/p480x480\/94519233_3250931518293118_5209611428138319872_o.jpg?_nc_cat=102&amp;_nc_sid=8024bb&amp;_nc_oc=AQmIJi00bHPGnBC-5rmuvhXY-j8CDJUCrnoiDI0u_ocoMGQBky7iijlMEPC_gOAxqHM&amp;_nc_ht=scontent.faep7-1.fna&amp;_nc_tp=6&amp;oh=b51fe483bd8713bad354f8124539470c&amp;oe=5ECC24CD\" alt=\"La imagen puede contener: texto\" width=\"474\" height=\"474\" data-src=\"https:\/\/scontent.faep7-1.fna.fbcdn.net\/v\/t1.0-0\/p480x480\/94519233_3250931518293118_5209611428138319872_o.jpg?_nc_cat=102&amp;_nc_sid=8024bb&amp;_nc_oc=AQmIJi00bHPGnBC-5rmuvhXY-j8CDJUCrnoiDI0u_ocoMGQBky7iijlMEPC_gOAxqHM&amp;_nc_ht=scontent.faep7-1.fna&amp;_nc_tp=6&amp;oh=b51fe483bd8713bad354f8124539470c&amp;oe=5ECC24CD\" \/><\/div>\n<\/div>\n<\/div>\n<\/div>\n<\/div>\n<\/div>\n<div class=\"_4-u2 _4-u8\">\n<div class=\"_427x\">\n<div id=\"u_jsonp_5_p\" class=\"_4-u2 mbm _4mrt _5jmm _5pat _5v3q _7cqq _4-u8\" role=\"article\" data-fte=\"1\" data-ftr=\"1\" aria-labelledby=\"js_eg\" aria-describedby=\"js_eh js_ei\">\n<div id=\"u_jsonp_5_18\" class=\"_3ccb\" data-ft=\"{&quot;tn&quot;:&quot;-R&quot;}\" data-gt=\"{&quot;type&quot;:&quot;click2canvas&quot;,&quot;fbsource&quot;:703,&quot;ref&quot;:&quot;nf_generic&quot;}\">\n<div class=\"_5pcr userContentWrapper\" data-ft=\"{&quot;tn&quot;:&quot;-R&quot;}\">\n<div>\n<form id=\"u_jsonp_5_4j\" class=\"commentable_item\" action=\"\/ajax\/ufi\/modify.php\" method=\"post\" data-ft=\"{&quot;tn&quot;:&quot;]&quot;}\">\n<div class=\"_4299\">\n<div class=\"_78bu\">\n<div class=\"_1dnh\"><\/div>\n<\/div>\n<\/div>\n<\/form>\n<\/div>\n<\/div>\n<\/div>\n<\/div>\n<\/div>\n<\/div>\n<div id=\"pagelet_sidebar\" data-referrer=\"pagelet_sidebar\">\n<div id=\"u_0_1x\" class=\"fbChatSidebar fixed_always _5pr2\" data-ft=\"{&quot;tn&quot;:&quot;+G&quot;}\">\n<div class=\"_51x_\">\n<div id=\"js_c\" class=\"fbChatSidebarBody\" role=\"complementary\" aria-labelledby=\"chat_sidebar_label\">\n<div id=\"u_0_1y\" class=\"uiScrollableArea scrollableOrderedList _5qmw fade contentAfter\">\n<div id=\"u_0_1z\" class=\"uiScrollableAreaWrap\" tabindex=\"0\" role=\"group\" aria-label=\"Regi\u00f3n desplazable\">\n<div class=\"uiScrollableAreaBody\">\n<div class=\"uiScrollableAreaContent\">\n<div id=\"u_0_20\" class=\"noGrip\" data-ft=\"{&quot;tn&quot;:&quot;+]&quot;}\">\n<div class=\"fbChatOrderedList clearfix\">\n<div>\n<div dir=\"ltr\">Foto portada: gentileza 24Siete.info<\/div>\n<\/div>\n<\/div>\n<\/div>\n<\/div>\n<\/div>\n<\/div>\n<\/div>\n<\/div>\n<\/div>\n<\/div>\n<\/div>\n","protected":false},"excerpt":{"rendered":"<p>LAS SALIDAS DE PERSONAS DE SUS\u00a0 CASAS, EN EL MARCO DE LA CUARENTENA, ORIGIN\u00d3 M\u00daLTIPLES COMENTARIOS Y CONTROVERSIAS.<\/p>\n","protected":false},"author":4,"featured_media":5275,"comment_status":"open","ping_status":"open","sticky":false,"template":"","format":"standard","meta":{"footnotes":"","jetpack_publicize_message":"","jetpack_publicize_feature_enabled":true,"jetpack_social_post_already_shared":false,"jetpack_social_options":{"image_generator_settings":{"template":"highway","default_image_id":0,"font":"","enabled":false},"version":2}},"categories":[13],"tags":[716,715],"class_list":["post-5273","post","type-post","status-publish","format-standard","has-post-thumbnail","hentry","category-interes-general","tag-cuaretena","tag-salidas-sanitarias"],"jetpack_publicize_connections":[],"jetpack_featured_media_url":"https:\/\/revistaepocadigital.com.ar\/wp-content\/uploads\/2020\/04\/SALIDAS-CUARETENA.jpg","jetpack_likes_enabled":true,"_links":{"self":[{"href":"https:\/\/revistaepocadigital.com.ar\/index.php?rest_route=\/wp\/v2\/posts\/5273","targetHints":{"allow":["GET"]}}],"collection":[{"href":"https:\/\/revistaepocadigital.com.ar\/index.php?rest_route=\/wp\/v2\/posts"}],"about":[{"href":"https:\/\/revistaepocadigital.com.ar\/index.php?rest_route=\/wp\/v2\/types\/post"}],"author":[{"embeddable":true,"href":"https:\/\/revistaepocadigital.com.ar\/index.php?rest_route=\/wp\/v2\/users\/4"}],"replies":[{"embeddable":true,"href":"https:\/\/revistaepocadigital.com.ar\/index.php?rest_route=%2Fwp%2Fv2%2Fcomments&post=5273"}],"version-history":[{"count":0,"href":"https:\/\/revistaepocadigital.com.ar\/index.php?rest_route=\/wp\/v2\/posts\/5273\/revisions"}],"wp:featuredmedia":[{"embeddable":true,"href":"https:\/\/revistaepocadigital.com.ar\/index.php?rest_route=\/wp\/v2\/media\/5275"}],"wp:attachment":[{"href":"https:\/\/revistaepocadigital.com.ar\/index.php?rest_route=%2Fwp%2Fv2%2Fmedia&parent=5273"}],"wp:term":[{"taxonomy":"category","embeddable":true,"href":"https:\/\/revistaepocadigital.com.ar\/index.php?rest_route=%2Fwp%2Fv2%2Fcategories&post=5273"},{"taxonomy":"post_tag","embeddable":true,"href":"https:\/\/revistaepocadigital.com.ar\/index.php?rest_route=%2Fwp%2Fv2%2Ftags&post=5273"}],"curies":[{"name":"wp","href":"https:\/\/api.w.org\/{rel}","templated":true}]}}