{"id":5278,"date":"2020-04-27T21:07:19","date_gmt":"2020-04-28T00:07:19","guid":{"rendered":"https:\/\/revistaepocadigital.com.ar\/?p=5278"},"modified":"2020-04-27T21:09:03","modified_gmt":"2020-04-28T00:09:03","slug":"el-hospital-tendra-dos-sectores-separados-y-dos-ingresos","status":"publish","type":"post","link":"https:\/\/revistaepocadigital.com.ar\/?p=5278","title":{"rendered":"El Hospital tendr\u00e1 dos sectores separados y dos ingresos"},"content":{"rendered":"<p><strong>EL CORONAVIRUS, PORQUE NO, OBLIG\u00d3 A DARLE UN EMPUJ\u00d3 A LA NUEVA OBRA EN EL HOSPITAL.<\/strong><!--more--><\/p>\n<p>La pandemia que ha cambiado al mundo, tambi\u00e9n dio vuelta muchos planes personales, empresariales y en la funci\u00f3n p\u00fablica inclusive. Los par\u00e1metros con que comenz\u00f3 la gesti\u00f3n municipal encabezada por<strong> Diego Nanni<\/strong>, as\u00ed como las estrategias y posturas de la oposici\u00f3n, han visto como el coronavirus ha cambiado muchos estereotipos.<\/p>\n<p>La salud p\u00fablica es obvio, ante la situaci\u00f3n reinante, el principal foco para la administraci\u00f3n nacional, provincial y municipal, sin dejar de ocuparse de cuestiones perentorias y tambien centrales, como resultan ser la econom\u00eda y los factores sociales.<\/p>\n<p>En <strong>Exaltaci\u00f3n de la Cruz,<\/strong> mientras tanto desde el municipio est\u00e1n abocados al coronavirus a diario, la pretensi\u00f3n del municipio es finalizar en un plazo breve, la nueva ampliaci\u00f3n del <strong>Hospital San Jos\u00e9<\/strong>. Obra que se encuentra en la fase final.<\/p>\n<figure id=\"attachment_5282\" aria-describedby=\"caption-attachment-5282\" style=\"width: 576px\" class=\"wp-caption aligncenter\"><img loading=\"lazy\" decoding=\"async\" class=\"size-full wp-image-5282\" src=\"https:\/\/revistaepocadigital.com.ar\/wp-content\/uploads\/2020\/04\/hospii-a.jpg\" alt=\"\" width=\"576\" height=\"432\" srcset=\"https:\/\/revistaepocadigital.com.ar\/wp-content\/uploads\/2020\/04\/hospii-a.jpg 576w, https:\/\/revistaepocadigital.com.ar\/wp-content\/uploads\/2020\/04\/hospii-a-300x225.jpg 300w, https:\/\/revistaepocadigital.com.ar\/wp-content\/uploads\/2020\/04\/hospii-a-80x60.jpg 80w, https:\/\/revistaepocadigital.com.ar\/wp-content\/uploads\/2020\/04\/hospii-a-160x120.jpg 160w, https:\/\/revistaepocadigital.com.ar\/wp-content\/uploads\/2020\/04\/hospii-a-265x198.jpg 265w, https:\/\/revistaepocadigital.com.ar\/wp-content\/uploads\/2020\/04\/hospii-a-560x420.jpg 560w\" sizes=\"auto, (max-width: 576px) 100vw, 576px\" \/><figcaption id=\"caption-attachment-5282\" class=\"wp-caption-text\">El frente del nuevo sector, al que se va a ingresar por la calle Urcelay.<\/figcaption><\/figure>\n<p><em>&#8220;Es una obra que nos viene demandando un gran esfuerzo, m\u00e1s a\u00fan en los actuales momentos, pero estamos en la etapa final&#8221;<\/em>, ha dicho a EPOCA el intendente<strong> Nanni.<\/strong><\/p>\n<p>La obra ha demandado una inversi\u00f3n de 1,5 millones de pesos y va a permitir, dividir al hospital en dos alas sin contacto alguno. En una se encontrar\u00e1n pacientes con afecciones respiradtorias y\/o coronavirus y, en la restante, pacientes con diferentes patolog\u00edas.<\/p>\n<p>Con la ampliaci\u00f3n del hospital, como queda dicho, se dividen a los pacientes en respectivos sectores, que adem\u00e1s no van a estar en contacto alguno. <em>&#8220;Las patolog\u00edas respiratorias ingresar\u00e1n por la entrada nueva de la calle Urcelay, en cuyo sector adem\u00e1s se prepararon salas para aislamientos. En tanto, los dem\u00e1s pacientes ingresar\u00e1n a nuestro hospital como es habitual, por la entrada sobre la calle Ameghino donde se encuentran las guardias m\u00e9dicas&#8221;<\/em>, apunt\u00f3 Nanni.<\/p>\n<p>Una vista del interior de la nueva obra en el hospital.<img loading=\"lazy\" decoding=\"async\" class=\"aligncenter size-full wp-image-5284\" src=\"https:\/\/revistaepocadigital.com.ar\/wp-content\/uploads\/2020\/04\/hospii-2-a.jpg\" alt=\"\" width=\"576\" height=\"432\" srcset=\"https:\/\/revistaepocadigital.com.ar\/wp-content\/uploads\/2020\/04\/hospii-2-a.jpg 576w, https:\/\/revistaepocadigital.com.ar\/wp-content\/uploads\/2020\/04\/hospii-2-a-300x225.jpg 300w, https:\/\/revistaepocadigital.com.ar\/wp-content\/uploads\/2020\/04\/hospii-2-a-80x60.jpg 80w, https:\/\/revistaepocadigital.com.ar\/wp-content\/uploads\/2020\/04\/hospii-2-a-160x120.jpg 160w, https:\/\/revistaepocadigital.com.ar\/wp-content\/uploads\/2020\/04\/hospii-2-a-265x198.jpg 265w, https:\/\/revistaepocadigital.com.ar\/wp-content\/uploads\/2020\/04\/hospii-2-a-560x420.jpg 560w\" sizes=\"auto, (max-width: 576px) 100vw, 576px\" \/><\/p>\n<p>A su vez, se supo que ha sido optimizado el sector de terapia intensiva, y han de colocarse 32 camas nuevas en el actual sector de consultorios externos que se convertir\u00e1n en habitaciones; a lo mencionado se sumar\u00e1n 24 camas al Sector C y 8 camas m\u00e1s en la unidad de terapia intensiva.<\/p>\n<p>La actividad febril en la obra del hospital, ha llevado a que mucha gente se encuentre abocada a la misma, en tal sentido se ha percibido a <strong>Guillermo Flores<\/strong>, ex secretario general de coordinaci\u00f3n del municipio durante la gesti\u00f3n de <strong>Adri\u00e1n S\u00e1nchez.<\/strong> Sobre su rol en el emprendimiento actual en el centro asistencial exaltacruce\u00f1o, el intendente<strong> Nanni<\/strong> dijo que <em>&#8220;Guillermo Flores no tiene cumple funci\u00f3n en la obra del hospital en estos momentos, sin dudas estuvo muy abocado a la misma durante el mandato anterior de Adri\u00e1n S\u00e1nchez, desde ya aportando sus conocimientos y experiencia. Pero en la actualidad, en lo referido a la obra en s\u00ed misma, y habida cuenta de la aparici\u00f3n del coronavirus, hemos debido cambiar varios par\u00e1metros, criterios y objetivos de la obra respecto a los que manej\u00f3 Guillermo en la gesti\u00f3n anterior y no desempe\u00f1a funciones en este sentido&#8221;<\/em> y enseguida remarc\u00f3 el intendente acerca de Flores, el rol que tuvo en la concreci\u00f3n de la donaci\u00f3n de 17 <em>&#8220;excelentes camas para el hospital que efectuara el empresario vecino de nuestro distrito Sebasti\u00e1n Eskenazi&#8221;.<\/em><\/p>\n<p>&nbsp;<\/p>\n<p>Fotos: prensa municipalidad<\/p>\n","protected":false},"excerpt":{"rendered":"<p>EL CORONAVIRUS, PORQUE NO, OBLIG\u00d3 A DARLE UN EMPUJ\u00d3 A LA NUEVA OBRA EN EL HOSPITAL.<\/p>\n","protected":false},"author":4,"featured_media":5281,"comment_status":"open","ping_status":"open","sticky":false,"template":"","format":"standard","meta":{"footnotes":"","jetpack_publicize_message":"","jetpack_publicize_feature_enabled":true,"jetpack_social_post_already_shared":false,"jetpack_social_options":{"image_generator_settings":{"template":"highway","default_image_id":0,"font":"","enabled":false},"version":2}},"categories":[17],"tags":[66,717],"class_list":["post-5278","post","type-post","status-publish","format-standard","has-post-thumbnail","hentry","category-politica","tag-nanni","tag-obra-hospital"],"jetpack_publicize_connections":[],"jetpack_featured_media_url":"https:\/\/revistaepocadigital.com.ar\/wp-content\/uploads\/2020\/04\/nanni-barbijo.jpg","jetpack_likes_enabled":true,"_links":{"self":[{"href":"https:\/\/revistaepocadigital.com.ar\/index.php?rest_route=\/wp\/v2\/posts\/5278","targetHints":{"allow":["GET"]}}],"collection":[{"href":"https:\/\/revistaepocadigital.com.ar\/index.php?rest_route=\/wp\/v2\/posts"}],"about":[{"href":"https:\/\/revistaepocadigital.com.ar\/index.php?rest_route=\/wp\/v2\/types\/post"}],"author":[{"embeddable":true,"href":"https:\/\/revistaepocadigital.com.ar\/index.php?rest_route=\/wp\/v2\/users\/4"}],"replies":[{"embeddable":true,"href":"https:\/\/revistaepocadigital.com.ar\/index.php?rest_route=%2Fwp%2Fv2%2Fcomments&post=5278"}],"version-history":[{"count":0,"href":"https:\/\/revistaepocadigital.com.ar\/index.php?rest_route=\/wp\/v2\/posts\/5278\/revisions"}],"wp:featuredmedia":[{"embeddable":true,"href":"https:\/\/revistaepocadigital.com.ar\/index.php?rest_route=\/wp\/v2\/media\/5281"}],"wp:attachment":[{"href":"https:\/\/revistaepocadigital.com.ar\/index.php?rest_route=%2Fwp%2Fv2%2Fmedia&parent=5278"}],"wp:term":[{"taxonomy":"category","embeddable":true,"href":"https:\/\/revistaepocadigital.com.ar\/index.php?rest_route=%2Fwp%2Fv2%2Fcategories&post=5278"},{"taxonomy":"post_tag","embeddable":true,"href":"https:\/\/revistaepocadigital.com.ar\/index.php?rest_route=%2Fwp%2Fv2%2Ftags&post=5278"}],"curies":[{"name":"wp","href":"https:\/\/api.w.org\/{rel}","templated":true}]}}