{"id":528,"date":"2018-11-07T09:46:34","date_gmt":"2018-11-07T12:46:34","guid":{"rendered":"https:\/\/revistaepocadigital.com.ar\/?p=528"},"modified":"2018-11-07T09:46:34","modified_gmt":"2018-11-07T12:46:34","slug":"el-esperado-encuentro","status":"publish","type":"post","link":"https:\/\/revistaepocadigital.com.ar\/?p=528","title":{"rendered":"El esperado encuentro"},"content":{"rendered":"<div>\n<div>Luego de dos postergaciones debido a factores clim\u00e1ticos, se realiz\u00f3 el 4 de este mes en Los Cardales, el 6\u00ba Encuentro de Autos, Motos cl\u00e1sicos y antiguos. El epicentro como en anteriores ediciones, tuvo lugar en la cardalense Plaza Mitre, un lugar apropiado para un evento que ha generado a\u00f1o a a\u00f1o un creciente inter\u00e9s, con muy importante n\u00famero de veh\u00edculos y motos expuestos de gran nivel y estado de mantenimiento.<\/div>\n<\/div>\n<p>Se dispuso de servicios de cantina a beneficio de instituciones locales, y otras atracciones. El evento tuvo como siempre, fines solidarios, pudi\u00e9ndose colaborar los asistentes con alimentos no perecederos como az\u00facar, te, mate cocido, yerba, galletitas dulces, pur\u00e9 de tomate, jugos, agua, que se iban a destinar a los comederos de los ni\u00f1os &#8220;Luz y Esperanza&#8221;. Se estim\u00f3 que se expusieron unas 600 unidades entre autos y motos. Resaltaron los organizadores, la notable cantidad de visitantes que se acercaron a la muestra, superando la de ediciones anteriores.<\/p>\n","protected":false},"excerpt":{"rendered":"<p>Luego de dos postergaciones debido a factores clim\u00e1ticos, se realiz\u00f3 el 4 de este mes en Los Cardales, el 6\u00ba Encuentro de Autos, Motos cl\u00e1sicos y antiguos. El epicentro como en anteriores ediciones, tuvo lugar en la cardalense Plaza Mitre, un lugar apropiado para un evento que ha generado a\u00f1o a a\u00f1o un creciente inter\u00e9s, [&hellip;]<\/p>\n","protected":false},"author":3,"featured_media":529,"comment_status":"open","ping_status":"open","sticky":false,"template":"","format":"standard","meta":{"footnotes":"","jetpack_publicize_message":"","jetpack_publicize_feature_enabled":true,"jetpack_social_post_already_shared":false,"jetpack_social_options":{"image_generator_settings":{"template":"highway","default_image_id":0,"font":"","enabled":false},"version":2}},"categories":[4],"tags":[],"class_list":["post-528","post","type-post","status-publish","format-standard","has-post-thumbnail","hentry","category-aqui-los-cardales"],"jetpack_publicize_connections":[],"jetpack_featured_media_url":"https:\/\/revistaepocadigital.com.ar\/wp-content\/uploads\/2018\/11\/auto-clasi-1.jpg","jetpack_likes_enabled":true,"_links":{"self":[{"href":"https:\/\/revistaepocadigital.com.ar\/index.php?rest_route=\/wp\/v2\/posts\/528","targetHints":{"allow":["GET"]}}],"collection":[{"href":"https:\/\/revistaepocadigital.com.ar\/index.php?rest_route=\/wp\/v2\/posts"}],"about":[{"href":"https:\/\/revistaepocadigital.com.ar\/index.php?rest_route=\/wp\/v2\/types\/post"}],"author":[{"embeddable":true,"href":"https:\/\/revistaepocadigital.com.ar\/index.php?rest_route=\/wp\/v2\/users\/3"}],"replies":[{"embeddable":true,"href":"https:\/\/revistaepocadigital.com.ar\/index.php?rest_route=%2Fwp%2Fv2%2Fcomments&post=528"}],"version-history":[{"count":0,"href":"https:\/\/revistaepocadigital.com.ar\/index.php?rest_route=\/wp\/v2\/posts\/528\/revisions"}],"wp:featuredmedia":[{"embeddable":true,"href":"https:\/\/revistaepocadigital.com.ar\/index.php?rest_route=\/wp\/v2\/media\/529"}],"wp:attachment":[{"href":"https:\/\/revistaepocadigital.com.ar\/index.php?rest_route=%2Fwp%2Fv2%2Fmedia&parent=528"}],"wp:term":[{"taxonomy":"category","embeddable":true,"href":"https:\/\/revistaepocadigital.com.ar\/index.php?rest_route=%2Fwp%2Fv2%2Fcategories&post=528"},{"taxonomy":"post_tag","embeddable":true,"href":"https:\/\/revistaepocadigital.com.ar\/index.php?rest_route=%2Fwp%2Fv2%2Ftags&post=528"}],"curies":[{"name":"wp","href":"https:\/\/api.w.org\/{rel}","templated":true}]}}