{"id":531,"date":"2018-11-07T10:45:51","date_gmt":"2018-11-07T13:45:51","guid":{"rendered":"https:\/\/revistaepocadigital.com.ar\/?p=531"},"modified":"2018-11-07T10:45:51","modified_gmt":"2018-11-07T13:45:51","slug":"otro-campeonato-esta-cerca","status":"publish","type":"post","link":"https:\/\/revistaepocadigital.com.ar\/?p=531","title":{"rendered":"Otro campeonato est\u00e1 cerca"},"content":{"rendered":"<p>La Clase A de TC Regional lo tiene como uno de los grandes animadores a Valerio Diamante, con chances firmes de coronarse campe\u00f3n de la Clase A. En Roque P\u00e9rez, pen\u00faltima fecha (doble); Valerio lleg\u00f3 3\u00ba en la primera carrera ganada por Juan Pierce su m\u00e1s duro rival, y gan\u00f3 la restante seguido por Pierce. La \u00faltima cita, el mes que viene en el Roberto Mouras de La Plata; Diamante sumaba 158 puntos, Pierce a 8 unidades con 42 puntos en juego.<\/p>\n<p>En Roque P\u00e9rez tambi\u00e9n corrieron representantes locales, el experimentado Pocho Cuidet, sin cubiertas para lluvia no sum\u00f3 puntos. Daniel Mazzitelli fue 10\u00ba, y no pudo correr Enrique Morales por problemas en la suspensi\u00f3n. Cuitet se ubicaba 6\u00ba en el campeonato con 78,50 puntos; Norberto &#8220;Bet\u00edn&#8221; Hij\u00f3s 14\u00ba junto a Morales con 30,50; otro local, Franco Bonazzola 18\u00ba (19,50) y Mazzitelli 24\u00ba (13).<\/p>\n","protected":false},"excerpt":{"rendered":"<p>La Clase A de TC Regional lo tiene como uno de los grandes animadores a Valerio Diamante, con chances firmes de coronarse campe\u00f3n de la Clase A. En Roque P\u00e9rez, pen\u00faltima fecha (doble); Valerio lleg\u00f3 3\u00ba en la primera carrera ganada por Juan Pierce su m\u00e1s duro rival, y gan\u00f3 la restante seguido por Pierce. [&hellip;]<\/p>\n","protected":false},"author":3,"featured_media":532,"comment_status":"open","ping_status":"open","sticky":false,"template":"","format":"standard","meta":{"footnotes":"","jetpack_publicize_message":"","jetpack_publicize_feature_enabled":true,"jetpack_social_post_already_shared":false,"jetpack_social_options":{"image_generator_settings":{"template":"highway","default_image_id":0,"font":"","enabled":false},"version":2}},"categories":[9],"tags":[],"class_list":["post-531","post","type-post","status-publish","format-standard","has-post-thumbnail","hentry","category-deportes"],"jetpack_publicize_connections":[],"jetpack_featured_media_url":"https:\/\/revistaepocadigital.com.ar\/wp-content\/uploads\/2018\/11\/diamante-y-padre-1.jpg","jetpack_likes_enabled":true,"_links":{"self":[{"href":"https:\/\/revistaepocadigital.com.ar\/index.php?rest_route=\/wp\/v2\/posts\/531","targetHints":{"allow":["GET"]}}],"collection":[{"href":"https:\/\/revistaepocadigital.com.ar\/index.php?rest_route=\/wp\/v2\/posts"}],"about":[{"href":"https:\/\/revistaepocadigital.com.ar\/index.php?rest_route=\/wp\/v2\/types\/post"}],"author":[{"embeddable":true,"href":"https:\/\/revistaepocadigital.com.ar\/index.php?rest_route=\/wp\/v2\/users\/3"}],"replies":[{"embeddable":true,"href":"https:\/\/revistaepocadigital.com.ar\/index.php?rest_route=%2Fwp%2Fv2%2Fcomments&post=531"}],"version-history":[{"count":0,"href":"https:\/\/revistaepocadigital.com.ar\/index.php?rest_route=\/wp\/v2\/posts\/531\/revisions"}],"wp:featuredmedia":[{"embeddable":true,"href":"https:\/\/revistaepocadigital.com.ar\/index.php?rest_route=\/wp\/v2\/media\/532"}],"wp:attachment":[{"href":"https:\/\/revistaepocadigital.com.ar\/index.php?rest_route=%2Fwp%2Fv2%2Fmedia&parent=531"}],"wp:term":[{"taxonomy":"category","embeddable":true,"href":"https:\/\/revistaepocadigital.com.ar\/index.php?rest_route=%2Fwp%2Fv2%2Fcategories&post=531"},{"taxonomy":"post_tag","embeddable":true,"href":"https:\/\/revistaepocadigital.com.ar\/index.php?rest_route=%2Fwp%2Fv2%2Ftags&post=531"}],"curies":[{"name":"wp","href":"https:\/\/api.w.org\/{rel}","templated":true}]}}