{"id":5327,"date":"2020-05-04T12:38:34","date_gmt":"2020-05-04T15:38:34","guid":{"rendered":"https:\/\/revistaepocadigital.com.ar\/?p=5327"},"modified":"2020-05-04T12:40:43","modified_gmt":"2020-05-04T15:40:43","slug":"boulevard-parada-robles-somos-uno-de-esos-tantos-comercios-que-hoy-cierran-sus-puertas","status":"publish","type":"post","link":"https:\/\/revistaepocadigital.com.ar\/?p=5327","title":{"rendered":"Boulevard Parada Robles, &#8220;somos uno de esos tantos comercios que hoy cierran sus puertas&#8221;"},"content":{"rendered":"<div class=\"y_15hheo24np _5eit a_15hhen-ywi clearfix\">\n<div class=\"clearfix t_15hheo23km\">\n<div class=\"clearfix _42ef\">\n<div class=\"i_15hheo23kp\">\n<div>\n<div class=\"_6a _5u5j\">\n<div class=\"_6a _5u5j _6b\">\n<h5 id=\"js_e\" class=\"_7tae _14f3 _14f5 _5pbw _5vra\" data-ft=\"{&quot;tn&quot;:&quot;C&quot;}\"><strong><span class=\"fwn fcg\">UN TESTIMONIO QUE MARCA LA GRAVEDAD DE LO QUE SE VIVE Y LA TRISTEZA QUE ENCIERRA.<\/span><\/strong><\/h5>\n<div id=\"feed_subtitle_46;100006774843078;2696379933931142;2696379933931142;1588516481:-5264277125815220587:5:0\" class=\"_5pcp _5lel _2jyu _232_\" data-testid=\"story-subtitle\">\n<div id=\"js_r4\" class=\"_6a _29ee _4f-9 _43_1\" role=\"img\" data-hover=\"tooltip\" data-tooltip-content=\"Compartido con: P\u00fablico\" aria-label=\"Compartido con: P\u00fablico\"><\/div>\n<\/div>\n<\/div>\n<\/div>\n<\/div>\n<\/div>\n<\/div>\n<\/div>\n<\/div>\n<p><!--more--><\/p>\n<div id=\"js_g\" class=\"_5pbx userContent _3ds9 _3576\" data-testid=\"post_message\" data-ft=\"{&quot;tn&quot;:&quot;K&quot;}\">\n<div id=\"id_5eb033266fe4d3d36433220\" class=\"text_exposed_root text_exposed\">\n<p><span class=\"text_exposed_show\">Es el que postearon en su muro de Facebook, Julia y Sergio, propietarios de Boulevard Parada Robles, el conocido comercio de Parada Robles. Ante la aparici\u00f3n del coronavirus, la cuarentena y las consecuencias que se han venido derivando, han tenido que cerrar el negocio.<br \/>\n<\/span><\/p>\n<p><em>&#8220;Somos uno de esos tantos comercios que hoy cierran sus puertas&#8230;.<\/em><br \/>\n<em>Hoy despu\u00e9s de 13 a\u00f1os, primero con la vinoteca Placeres &amp; Vinos y desde hace 10, al principio con caf\u00e9 y picadas para luego convertirnos en esto que tanto amamos, nuestra Boulevard Parada Robles,\u201cla pizzer\u00eda de Robles \u201c, como muchos le dicen, nos toca cerrar nuestras puertas, nuestra mayor clientela en su mayor\u00eda no es del pueblo, (por ser un pueblo chico), es de los alrededores y gente de fin de semana, por <span class=\"text_exposed_show\">lo tanto esta situaci\u00f3n nos afecta y mucho.<\/span><\/em><\/p>\n<p><em><span class=\"text_exposed_show\">En varias oportunidades hemos estado al l\u00edmite, como las situaciones que en estos 13 a\u00f1os tuvo el pa\u00eds y hemos salido adelante, pero en esta oportunidad no podemos hacerle frente a la situaci\u00f3n.<\/span><\/em><\/p>\n<p><em><span class=\"text_exposed_show\">Solo nos queda agradecer enormemente a todos los que confiaron en nosotros y seguramente en alg\u00fan otro emprendimiento nos volvamos a ver.<br \/>\n<\/span><\/em><\/p>\n<p><em><span class=\"text_exposed_show\">Hasta pronto. Julia y Sergio.<br \/>\n<\/span><\/em><\/p>\n<\/div>\n<\/div>\n","protected":false},"excerpt":{"rendered":"<p>UN TESTIMONIO QUE MARCA LA GRAVEDAD DE LO QUE SE VIVE Y LA TRISTEZA QUE ENCIERRA.<\/p>\n","protected":false},"author":3,"featured_media":5332,"comment_status":"open","ping_status":"open","sticky":false,"template":"","format":"standard","meta":{"footnotes":"","jetpack_publicize_message":"","jetpack_publicize_feature_enabled":true,"jetpack_social_post_already_shared":false,"jetpack_social_options":{"image_generator_settings":{"template":"highway","default_image_id":0,"font":"","enabled":false},"version":2}},"categories":[5],"tags":[634,639],"class_list":["post-5327","post","type-post","status-publish","format-standard","has-post-thumbnail","hentry","category-aqui-parada-robles","tag-comercios","tag-pandemia"],"jetpack_publicize_connections":[],"jetpack_featured_media_url":"https:\/\/revistaepocadigital.com.ar\/wp-content\/uploads\/2020\/05\/ou-1.jpg","jetpack_likes_enabled":true,"_links":{"self":[{"href":"https:\/\/revistaepocadigital.com.ar\/index.php?rest_route=\/wp\/v2\/posts\/5327","targetHints":{"allow":["GET"]}}],"collection":[{"href":"https:\/\/revistaepocadigital.com.ar\/index.php?rest_route=\/wp\/v2\/posts"}],"about":[{"href":"https:\/\/revistaepocadigital.com.ar\/index.php?rest_route=\/wp\/v2\/types\/post"}],"author":[{"embeddable":true,"href":"https:\/\/revistaepocadigital.com.ar\/index.php?rest_route=\/wp\/v2\/users\/3"}],"replies":[{"embeddable":true,"href":"https:\/\/revistaepocadigital.com.ar\/index.php?rest_route=%2Fwp%2Fv2%2Fcomments&post=5327"}],"version-history":[{"count":0,"href":"https:\/\/revistaepocadigital.com.ar\/index.php?rest_route=\/wp\/v2\/posts\/5327\/revisions"}],"wp:featuredmedia":[{"embeddable":true,"href":"https:\/\/revistaepocadigital.com.ar\/index.php?rest_route=\/wp\/v2\/media\/5332"}],"wp:attachment":[{"href":"https:\/\/revistaepocadigital.com.ar\/index.php?rest_route=%2Fwp%2Fv2%2Fmedia&parent=5327"}],"wp:term":[{"taxonomy":"category","embeddable":true,"href":"https:\/\/revistaepocadigital.com.ar\/index.php?rest_route=%2Fwp%2Fv2%2Fcategories&post=5327"},{"taxonomy":"post_tag","embeddable":true,"href":"https:\/\/revistaepocadigital.com.ar\/index.php?rest_route=%2Fwp%2Fv2%2Ftags&post=5327"}],"curies":[{"name":"wp","href":"https:\/\/api.w.org\/{rel}","templated":true}]}}