{"id":534,"date":"2018-11-07T10:56:04","date_gmt":"2018-11-07T13:56:04","guid":{"rendered":"https:\/\/revistaepocadigital.com.ar\/?p=534"},"modified":"2018-11-07T10:56:04","modified_gmt":"2018-11-07T13:56:04","slug":"eden-recomienda","status":"publish","type":"post","link":"https:\/\/revistaepocadigital.com.ar\/?p=534","title":{"rendered":"EDEN recomienda"},"content":{"rendered":"<p>La empresa EDEN, prestadora de servicios el\u00e9ctricos, ha recordado a los vecinos que el personal de la compa\u00f1\u00eda, no realiza ning\u00fan tipo de trabajo en el interior de las viviendas.<br \/>\nHizo saber la empresa adem\u00e1s: &#8220;Le solicitamos a los vecinos que hagan las denuncias ante la autoridad correspondiente sobre personas que, present\u00e1ndose falsamente en nombre de EDEN, intenten ingresar a las casas, ya que la Distribuidora limita sus tareas a la zona exterior de las viviendas&#8221;.<br \/>\nA su vez, EDEN inform\u00f3 sobre obras realizada en barrios, conforme a su plan de inversiones en obras y mantenimiento para fortalecer el servicio. Fueron efectuados trabajos en la red el\u00e9ctrica en\u00a0 en las inmediaciones de Capilla del Se\u00f1or como los Barrios Villa Taurel y Chacras de Mart\u00edn Fierro, calle Jos\u00e9 Hern\u00e1ndez, Camino Rural a Diego Gaynor y otras zonas del distrito como Estaci\u00f3n Chenaut, Ruta 193 y callej\u00f3n Rural Escuela 15.<br \/>\nPara efectuar las mejoras y como medida de seguridad, fue necesario interrumpir el suministro mientras se trabajaba en la red el\u00e9ctrica.<br \/>\nPor otro lado EDEN lanz\u00f3 su Programa de Oficios, un nuevo proyecto para promover la formaci\u00f3n e inserci\u00f3n laboral, que tiene\u00a0 como fin promover el crecimiento de las comunidades donde la distribuidora est\u00e1 presente, promoviendo la educaci\u00f3n y brindando herramientas para mejorar las condiciones de inserci\u00f3n laboral de los vecinos.<br \/>\n\u201cEl Programa Oficios es un proyecto del cual nos sentimos orgullosos. La educaci\u00f3n es fundamental para nosotros, estamos convencidos que es el motor de crecimiento de la comunidad y queremos aportar nuestro granito de arena para lograrlo\u201d, expres\u00f3 Diana Hulten, Gerente de Recursos Humanos y Relaciones Institucionales de EDEN.<br \/>\nEn su primera edici\u00f3n, se brindaba un Curso de Electricidad Domiciliaria gratuito y abierto a la comunidad en Bragado, Baradero, Lobos y Chivilcoy, dictado y con certificaci\u00f3n acad\u00e9mica de la UTN (Universidad Tecnol\u00f3gica Nacional &#8211; Regional San Nicol\u00e1s). \u201cA lo largo de este semestre realizaremos el curso en 4 localidades de nuestro \u00c1rea de Concesi\u00f3n, y sumaremos otras ciudades en 2019\u201d, agreg\u00f3 Hulten.<br \/>\nLos participantes adquir\u00edan conocimientos t\u00e9cnicos b\u00e1sicos de electricidad, as\u00ed como capacidades para comprender las especificidades del servicio el\u00e9ctrico. El proyecto se encuadra en el plan de Responsabilidad Social de la compa\u00f1\u00eda y cuenta con el apoyo de los municipios. M\u00e1s informaci\u00f3n en <a href=\"http:\/\/www.edensa.com.ar\/\">www.edensa.com.ar<\/a><\/p>\n","protected":false},"excerpt":{"rendered":"<p>La empresa EDEN, prestadora de servicios el\u00e9ctricos, ha recordado a los vecinos que el personal de la compa\u00f1\u00eda, no realiza ning\u00fan tipo de trabajo en el interior de las viviendas. Hizo saber la empresa adem\u00e1s: &#8220;Le solicitamos a los vecinos que hagan las denuncias ante la autoridad correspondiente sobre personas que, present\u00e1ndose falsamente en nombre [&hellip;]<\/p>\n","protected":false},"author":3,"featured_media":535,"comment_status":"open","ping_status":"open","sticky":false,"template":"","format":"standard","meta":{"footnotes":"","jetpack_publicize_message":"","jetpack_publicize_feature_enabled":true,"jetpack_social_post_already_shared":false,"jetpack_social_options":{"image_generator_settings":{"template":"highway","default_image_id":0,"font":"","enabled":false},"version":2}},"categories":[6,14],"tags":[39],"class_list":["post-534","post","type-post","status-publish","format-standard","has-post-thumbnail","hentry","category-barrios","category-la-gente","tag-eden"],"jetpack_publicize_connections":[],"jetpack_featured_media_url":"https:\/\/revistaepocadigital.com.ar\/wp-content\/uploads\/2018\/11\/Captura-de-pantalla-2018-11-07-a-las-10.54.15-1.png","jetpack_likes_enabled":true,"_links":{"self":[{"href":"https:\/\/revistaepocadigital.com.ar\/index.php?rest_route=\/wp\/v2\/posts\/534","targetHints":{"allow":["GET"]}}],"collection":[{"href":"https:\/\/revistaepocadigital.com.ar\/index.php?rest_route=\/wp\/v2\/posts"}],"about":[{"href":"https:\/\/revistaepocadigital.com.ar\/index.php?rest_route=\/wp\/v2\/types\/post"}],"author":[{"embeddable":true,"href":"https:\/\/revistaepocadigital.com.ar\/index.php?rest_route=\/wp\/v2\/users\/3"}],"replies":[{"embeddable":true,"href":"https:\/\/revistaepocadigital.com.ar\/index.php?rest_route=%2Fwp%2Fv2%2Fcomments&post=534"}],"version-history":[{"count":0,"href":"https:\/\/revistaepocadigital.com.ar\/index.php?rest_route=\/wp\/v2\/posts\/534\/revisions"}],"wp:featuredmedia":[{"embeddable":true,"href":"https:\/\/revistaepocadigital.com.ar\/index.php?rest_route=\/wp\/v2\/media\/535"}],"wp:attachment":[{"href":"https:\/\/revistaepocadigital.com.ar\/index.php?rest_route=%2Fwp%2Fv2%2Fmedia&parent=534"}],"wp:term":[{"taxonomy":"category","embeddable":true,"href":"https:\/\/revistaepocadigital.com.ar\/index.php?rest_route=%2Fwp%2Fv2%2Fcategories&post=534"},{"taxonomy":"post_tag","embeddable":true,"href":"https:\/\/revistaepocadigital.com.ar\/index.php?rest_route=%2Fwp%2Fv2%2Ftags&post=534"}],"curies":[{"name":"wp","href":"https:\/\/api.w.org\/{rel}","templated":true}]}}