{"id":5381,"date":"2020-05-08T22:57:22","date_gmt":"2020-05-09T01:57:22","guid":{"rendered":"https:\/\/revistaepocadigital.com.ar\/?p=5381"},"modified":"2020-05-08T22:57:22","modified_gmt":"2020-05-09T01:57:22","slug":"anses-habilitada-la-opcion-de-consulta-al-programa-de-asistencia","status":"publish","type":"post","link":"https:\/\/revistaepocadigital.com.ar\/?p=5381","title":{"rendered":"ANSES, habilitada la opci\u00f3n de consulta al programa de Asistencia"},"content":{"rendered":"<p class=\"yiv9129900504MsoNormal\" align=\"left\"><strong>EL ORGANISMO INFORM\u00d3.<\/strong><!--more--><\/p>\n<p class=\"yiv9129900504MsoNormal\" align=\"left\">Se encuentra habilitada la opci\u00f3n de consulta del programa de Asistencia de Emergencia al Trabajo y la Producci\u00f3n (ATP).<\/p>\n<p class=\"yiv9129900504MsoNormal\" align=\"left\">En la web del organismo (<a href=\"http:\/\/www.anses.gob.ar\" target=\"_blank\" rel=\"nofollow noopener noreferrer\">www.anses.gob.ar<\/a>) los interesados pueden ingresar a esta opci\u00f3n desde la secci\u00f3n <i>Accesos R\u00e1pidos. <\/i>All\u00ed, deber\u00e1n ingresar su n\u00famero de CUIL y el sistema les confirmar\u00e1 si fue aprobado el pago y figurar\u00e1 la fecha de acreditaci\u00f3n.<\/p>\n<p class=\"yiv9129900504MsoNormal\">El Programa fue creado por el Estado Nacional para dar alivio econ\u00f3mico inmediato a aquellas empresas y trabajadores afectados directamente por la ca\u00edda de la actividad econ\u00f3mica debido a la emergencia sanitaria.<\/p>\n<p class=\"yiv9129900504MsoNormal\">\n","protected":false},"excerpt":{"rendered":"<p>EL ORGANISMO INFORM\u00d3.<\/p>\n","protected":false},"author":3,"featured_media":5382,"comment_status":"open","ping_status":"open","sticky":false,"template":"","format":"standard","meta":{"footnotes":"","jetpack_publicize_message":"","jetpack_publicize_feature_enabled":true,"jetpack_social_post_already_shared":false,"jetpack_social_options":{"image_generator_settings":{"template":"highway","default_image_id":0,"font":"","enabled":false},"version":2}},"categories":[81],"tags":[21,728,37],"class_list":["post-5381","post","type-post","status-publish","format-standard","has-post-thumbnail","hentry","category-anses","tag-anses","tag-atp","tag-destacada"],"jetpack_publicize_connections":[],"jetpack_featured_media_url":"https:\/\/revistaepocadigital.com.ar\/wp-content\/uploads\/2020\/05\/image001.jpg","jetpack_likes_enabled":true,"_links":{"self":[{"href":"https:\/\/revistaepocadigital.com.ar\/index.php?rest_route=\/wp\/v2\/posts\/5381","targetHints":{"allow":["GET"]}}],"collection":[{"href":"https:\/\/revistaepocadigital.com.ar\/index.php?rest_route=\/wp\/v2\/posts"}],"about":[{"href":"https:\/\/revistaepocadigital.com.ar\/index.php?rest_route=\/wp\/v2\/types\/post"}],"author":[{"embeddable":true,"href":"https:\/\/revistaepocadigital.com.ar\/index.php?rest_route=\/wp\/v2\/users\/3"}],"replies":[{"embeddable":true,"href":"https:\/\/revistaepocadigital.com.ar\/index.php?rest_route=%2Fwp%2Fv2%2Fcomments&post=5381"}],"version-history":[{"count":0,"href":"https:\/\/revistaepocadigital.com.ar\/index.php?rest_route=\/wp\/v2\/posts\/5381\/revisions"}],"wp:featuredmedia":[{"embeddable":true,"href":"https:\/\/revistaepocadigital.com.ar\/index.php?rest_route=\/wp\/v2\/media\/5382"}],"wp:attachment":[{"href":"https:\/\/revistaepocadigital.com.ar\/index.php?rest_route=%2Fwp%2Fv2%2Fmedia&parent=5381"}],"wp:term":[{"taxonomy":"category","embeddable":true,"href":"https:\/\/revistaepocadigital.com.ar\/index.php?rest_route=%2Fwp%2Fv2%2Fcategories&post=5381"},{"taxonomy":"post_tag","embeddable":true,"href":"https:\/\/revistaepocadigital.com.ar\/index.php?rest_route=%2Fwp%2Fv2%2Ftags&post=5381"}],"curies":[{"name":"wp","href":"https:\/\/api.w.org\/{rel}","templated":true}]}}