{"id":542,"date":"2018-10-07T17:12:57","date_gmt":"2018-10-07T20:12:57","guid":{"rendered":"https:\/\/revistaepocadigital.com.ar\/?p=542"},"modified":"2018-10-07T17:12:57","modified_gmt":"2018-10-07T20:12:57","slug":"la-grieta-que-no-debe-existir","status":"publish","type":"post","link":"https:\/\/revistaepocadigital.com.ar\/?p=542","title":{"rendered":"La grieta que no debe existir"},"content":{"rendered":"<p><strong>HACE POCO.<\/strong><!--more--><\/p>\n<p>En ocasi\u00f3n de un nuevo festejo por el aniversario de los Bomberos Voluntarios de Capilla del Se\u00f1or, tuvo lugar el tradicional y concurrido almuerzo en la sede de la ciudad; una muestra m\u00e1s del apoyo y respaldo de la comunidad hacia los bomberos capillenses en este caso, como tambi\u00e9n puede percibirse en los casos de los Bomberos de Cardales y Parada Robles.<\/p>\n<p>La siempre emotiva reuni\u00f3n dio pie a que la concejal Graciela Venturino (Cambiemos), posteara en su cuenta personal de la red social Facebook, sus fuertes sensaciones surgidas a prop\u00f3sito de lo vivido en la fiesta de los Bomberos. Por lo mencionado, en EPOCA cre\u00edmos que val\u00eda la pena reproducir lo reflejado por la concejal. Sensaciones sin tiempos. Fijate.<\/p>\n<p>LA GRIETA&#8230;<\/p>\n<p><em>&#8220;He vivido toda la vida en Cardales y crec\u00ed oyendo historias, dimes y diretes sobre las idas y vueltas de la &#8220;grieta&#8221; entre Capilla y Cardales&#8230;<\/em><br \/>\n<em>Cuando llegu\u00e9 al cargo de concejal, conoc\u00eda apenas una veintena de capilleros por su nombre y apellido. En estos casi tres a\u00f1os he conocido a muchos, y de todos siempre he recibido una sonrisa, un gesto cordial, un &#8220;buenos d\u00edas&#8221; sincero de parte de cualquier vecino al pasar por su vereda.<\/em><\/p>\n<p><em>En mi primer almuerzo por un nuevo aniversario de los Bomberos de Capilla, puedo decir que me sent\u00ed en &#8220;casa&#8221;. Yo no s\u00e9 cu\u00e1l haya sido el origen de aquellas historias de peleas, si fueron tales o es s\u00f3lo si se ha tratado de otro mito urbano. Lo que tengo por seguro, que a pesar de las cosas que nos diferencian como resulta natural, tenemos mucho, mucho que nos une. En Capilla tienen a La Fusta y nosotros en Cardales lo de Di Yorio; ustedes la plaza y nosotros, el escenario; ustedes la historia y nosotros estamos construyendo la nuestra&#8230;<\/em><br \/>\n<em>Pero hay algo que es de todos, de ustedes, de nosotros, de Parada Robles, de Pav\u00f3n, de Diego Gaynor y es la gente, nosotros. Somos un pueblo de buenas ra\u00edces, rico en solidaridad y trabajo por la comunidad. Contamos con buenos vecinos que se unen para ayudar, participan en cooperadoras, Leones, Rotary, C\u00e1ritas, la Fogata de San Juan, la exposici\u00f3n de los Autos Cl\u00e1sicos, clubes, el tan importante Peque\u00f1o Hogar Exaltaci\u00f3n. Y el resultado se nota, no s\u00f3lo en las obras, sino en las caras felices de quienes donan su tiempo para ayudar a otro.<\/em><\/p>\n<p><em>El almuerzo en los Bomberos de Capilla, compartido con amigos, me llen\u00f3 de alegr\u00eda&#8230; La pol\u00edtica tiene muchos sinsabores, injusticias que duelen, es mucho lo que uno sue\u00f1a hacer y es poco lo que logra concretar. En un a\u00f1o cuando deje mi banca en el Concejo Deliberante, me voy a llevar lo m\u00e1s valioso, y que es toda la gente que he conocido&#8230;<\/em><\/p>\n<p><em>\u00a1Vaya que no ten\u00eda idea lo grande que era el premio!&#8221;.<\/em><\/p>\n","protected":false},"excerpt":{"rendered":"<p>HACE POCO.<\/p>\n","protected":false},"author":3,"featured_media":544,"comment_status":"open","ping_status":"open","sticky":false,"template":"","format":"standard","meta":{"footnotes":"","jetpack_publicize_message":"","jetpack_publicize_feature_enabled":true,"jetpack_social_post_already_shared":false,"jetpack_social_options":{"image_generator_settings":{"template":"highway","default_image_id":0,"font":"","enabled":false},"version":2}},"categories":[13],"tags":[37,78],"class_list":["post-542","post","type-post","status-publish","format-standard","has-post-thumbnail","hentry","category-interes-general","tag-destacada","tag-venturino"],"jetpack_publicize_connections":[],"jetpack_featured_media_url":"https:\/\/revistaepocadigital.com.ar\/wp-content\/uploads\/2018\/11\/gen-1.jpg","jetpack_likes_enabled":true,"_links":{"self":[{"href":"https:\/\/revistaepocadigital.com.ar\/index.php?rest_route=\/wp\/v2\/posts\/542","targetHints":{"allow":["GET"]}}],"collection":[{"href":"https:\/\/revistaepocadigital.com.ar\/index.php?rest_route=\/wp\/v2\/posts"}],"about":[{"href":"https:\/\/revistaepocadigital.com.ar\/index.php?rest_route=\/wp\/v2\/types\/post"}],"author":[{"embeddable":true,"href":"https:\/\/revistaepocadigital.com.ar\/index.php?rest_route=\/wp\/v2\/users\/3"}],"replies":[{"embeddable":true,"href":"https:\/\/revistaepocadigital.com.ar\/index.php?rest_route=%2Fwp%2Fv2%2Fcomments&post=542"}],"version-history":[{"count":0,"href":"https:\/\/revistaepocadigital.com.ar\/index.php?rest_route=\/wp\/v2\/posts\/542\/revisions"}],"wp:featuredmedia":[{"embeddable":true,"href":"https:\/\/revistaepocadigital.com.ar\/index.php?rest_route=\/wp\/v2\/media\/544"}],"wp:attachment":[{"href":"https:\/\/revistaepocadigital.com.ar\/index.php?rest_route=%2Fwp%2Fv2%2Fmedia&parent=542"}],"wp:term":[{"taxonomy":"category","embeddable":true,"href":"https:\/\/revistaepocadigital.com.ar\/index.php?rest_route=%2Fwp%2Fv2%2Fcategories&post=542"},{"taxonomy":"post_tag","embeddable":true,"href":"https:\/\/revistaepocadigital.com.ar\/index.php?rest_route=%2Fwp%2Fv2%2Ftags&post=542"}],"curies":[{"name":"wp","href":"https:\/\/api.w.org\/{rel}","templated":true}]}}