{"id":5440,"date":"2020-05-11T17:50:52","date_gmt":"2020-05-11T20:50:52","guid":{"rendered":"https:\/\/revistaepocadigital.com.ar\/?p=5440"},"modified":"2020-07-08T19:57:47","modified_gmt":"2020-07-08T22:57:47","slug":"anses-calendarios-de-pago-del-martes-12-de-mayo","status":"publish","type":"post","link":"https:\/\/revistaepocadigital.com.ar\/?p=5440","title":{"rendered":"ANSES. CALENDARIOS DE PAGO DEL MARTES 12 DE MAYO"},"content":{"rendered":"<div class=\"I_52qC D_FY W_6D6F\" data-test-id=\"message-view-body\">\n<div class=\"msg-body P_wpofO mq_AS\" data-test-id=\"message-view-body-content\">\n<div class=\"jb_0 X_6MGW N_6Fd5\">\n<div>\n<div id=\"yiv6523401635\">\n<div>\n<div class=\"yiv6523401635WordSection1\">\n<ul>\n<li><strong>LO INFORM\u00d3 EL ORGANISMO.<!--more--><br \/>\n<\/strong><\/li>\n<li class=\"yiv6523401635MsoNormal\"><\/li>\n<li class=\"yiv6523401635MsoNormal\"><b>Titulares de jubilaciones y pensiones del Sistema Integrado Previsional Argentino (SIPA)<\/b><\/li>\n<li class=\"yiv6523401635MsoNormal\">Las sucursales bancarias habilitadas atender\u00e1n por ventanilla solo los pagos <b>del mes de mayo<\/b> para los <b>jubilados y pensionados con documentos terminados en 2 y cuyos haberes NO superen la suma de $17.859<\/b>.<\/li>\n<li class=\"yiv6523401635MsoNormal\">En este sentido, si bien los titulares no tienen que solicitar turno previo para cobrar este beneficio, <b>deben acercarse a la sucursal bancaria \u00fanicamente en las fechas asignadas<\/b>. Cabe recordar que los haberes permanecer\u00e1n depositados en las cuentas de los titulares.<\/li>\n<li class=\"yiv6523401635MsoNormal\"><b> \u00a0<\/b><\/li>\n<li class=\"yiv6523401635MsoNormal\"><b>Asignaci\u00f3n Universal por Hijo y por Embarazo<\/b><\/li>\n<li class=\"yiv6523401635MsoNormal\">A trav\u00e9s de su tarjeta de d\u00e9bito, cobrar\u00e1n los titulares de la Asignaci\u00f3n Universal por Hijo (AUH) con documentos terminados en 2 y aquellos de la Asignaci\u00f3n por Embarazo con documentos finalizados en 1.<\/li>\n<li class=\"yiv6523401635MsoNormal\"><b> \u00a0<\/b><\/li>\n<li class=\"yiv6523401635MsoNormal\"><b>Beneficios del Ingreso Familiar de Emergencia (IFE)<\/b><\/li>\n<li class=\"yiv6523401635MsoNormal\">Asimismo, contin\u00faan acredit\u00e1ndose los $10.000 del Ingreso Familiar de Emergencia (IFE) para quienes que<em>hayan elegido su medio de pago entre el 16 y 20 de abril pasados<\/em><i>.<\/i><\/li>\n<li class=\"yiv6523401635MsoNormal\">Para consultar fecha, lugar y modalidad de cobro, quienes reciban el IFE deber\u00e1n ingresar en <a href=\"http:\/\/www.anses.gob.ar\/informacion\/cuando-y-donde-cobro-el-ingreso-familiar-de-emergencia-ife\" target=\"_blank\" rel=\"nofollow noopener noreferrer\">www.anses.gob.ar\/informacion\/cuando-y-donde-cobro-el-ingreso-familiar-de-emergencia-ife<\/a>.<\/li>\n<\/ul>\n<\/div>\n<\/div>\n<\/div>\n<\/div>\n<\/div>\n<\/div>\n<\/div>\n<div class=\"H_7jIs D_F ab_C Q_69H5 E_36RhU\" data-test-id=\"toolbar-hover-area\">\n<div class=\"D_F W_6D6F r_BN gl_C\" data-test-id=\"card-toolbar\"><\/div>\n<\/div>\n","protected":false},"excerpt":{"rendered":"<p>LO INFORM\u00d3 EL ORGANISMO.<\/p>\n","protected":false},"author":3,"featured_media":5441,"comment_status":"open","ping_status":"open","sticky":false,"template":"","format":"standard","meta":{"footnotes":"","jetpack_publicize_message":"","jetpack_publicize_feature_enabled":true,"jetpack_social_post_already_shared":false,"jetpack_social_options":{"image_generator_settings":{"template":"highway","default_image_id":0,"font":"","enabled":false},"version":2}},"categories":[81],"tags":[21,142],"class_list":["post-5440","post","type-post","status-publish","format-standard","has-post-thumbnail","hentry","category-anses","tag-anses","tag-pagos"],"jetpack_publicize_connections":[],"jetpack_featured_media_url":"https:\/\/revistaepocadigital.com.ar\/wp-content\/uploads\/2020\/05\/ANE.jpg","jetpack_likes_enabled":true,"_links":{"self":[{"href":"https:\/\/revistaepocadigital.com.ar\/index.php?rest_route=\/wp\/v2\/posts\/5440","targetHints":{"allow":["GET"]}}],"collection":[{"href":"https:\/\/revistaepocadigital.com.ar\/index.php?rest_route=\/wp\/v2\/posts"}],"about":[{"href":"https:\/\/revistaepocadigital.com.ar\/index.php?rest_route=\/wp\/v2\/types\/post"}],"author":[{"embeddable":true,"href":"https:\/\/revistaepocadigital.com.ar\/index.php?rest_route=\/wp\/v2\/users\/3"}],"replies":[{"embeddable":true,"href":"https:\/\/revistaepocadigital.com.ar\/index.php?rest_route=%2Fwp%2Fv2%2Fcomments&post=5440"}],"version-history":[{"count":0,"href":"https:\/\/revistaepocadigital.com.ar\/index.php?rest_route=\/wp\/v2\/posts\/5440\/revisions"}],"wp:featuredmedia":[{"embeddable":true,"href":"https:\/\/revistaepocadigital.com.ar\/index.php?rest_route=\/wp\/v2\/media\/5441"}],"wp:attachment":[{"href":"https:\/\/revistaepocadigital.com.ar\/index.php?rest_route=%2Fwp%2Fv2%2Fmedia&parent=5440"}],"wp:term":[{"taxonomy":"category","embeddable":true,"href":"https:\/\/revistaepocadigital.com.ar\/index.php?rest_route=%2Fwp%2Fv2%2Fcategories&post=5440"},{"taxonomy":"post_tag","embeddable":true,"href":"https:\/\/revistaepocadigital.com.ar\/index.php?rest_route=%2Fwp%2Fv2%2Ftags&post=5440"}],"curies":[{"name":"wp","href":"https:\/\/api.w.org\/{rel}","templated":true}]}}