{"id":5449,"date":"2020-07-08T19:45:03","date_gmt":"2020-07-08T22:45:03","guid":{"rendered":"https:\/\/revistaepocadigital.com.ar\/?p=5449"},"modified":"2020-07-08T19:45:03","modified_gmt":"2020-07-08T22:45:03","slug":"detenidos-en-pavon-la-policia-secuestro-un-arma-de-grueso-calibre","status":"publish","type":"post","link":"https:\/\/revistaepocadigital.com.ar\/?p=5449","title":{"rendered":"Detenidos en Pav\u00f3n, la polic\u00eda secuestr\u00f3 un arma de grueso calibre"},"content":{"rendered":"<p><strong>HUBO ALLANAMIENTOS.<\/strong><!--more--><\/p>\n<p>Y el resultado arroj\u00f3 la detenci\u00f3n de delincuentes en Pav\u00f3n, secuestrando la polic\u00eda un arma de grueso calibre. Los allanamientos -public\u00f3 el sitio Capilla Online- se dieron en el contexto de un trabajo en conjunto entre las fuerzas de seguridad de Exaltaci\u00f3n de la Cruz y Pilar.<\/p>\n<p>En el lugar fue encontrada una pistola Bersa 9 mil\u00edmetros, los aprehendidos ven\u00edan siendo investigados por cr\u00edmenes ocurridos en Pilar, F\u00e1tima, Capilla y Cardales, apunt\u00f3 Capilla Online. Las investigaciones continuaban y pod\u00eda haber m\u00e1s detenciones.<\/p>\n<p>Las investigaciones en conjunto y los seguimientos a trav\u00e9s de las c\u00e1maras de seguridad, fueron dando la informaci\u00f3n necesaria para dar con los tres malvivientes. En allanamiento en Pav\u00f3n no fue del todo exitoso, ya que el ladr\u00f3n no se encontraba en el domicilio, por lo que se segu\u00eda trabajando para dar con su paradero. A la vez, se corrobor\u00f3 la l\u00ednea investigativa policial, ya que se recuperaron herramientas de un hecho en el cual fue fundamental la colaboraci\u00f3n de testigos.<\/p>\n<p><img loading=\"lazy\" decoding=\"async\" class=\"aligncenter size-full wp-image-5450\" src=\"https:\/\/revistaepocadigital.com.ar\/wp-content\/uploads\/2020\/07\/Delincuentes.jpg\" alt=\"\" width=\"560\" height=\"326\" srcset=\"https:\/\/revistaepocadigital.com.ar\/wp-content\/uploads\/2020\/07\/Delincuentes.jpg 560w, https:\/\/revistaepocadigital.com.ar\/wp-content\/uploads\/2020\/07\/Delincuentes-300x175.jpg 300w\" sizes=\"auto, (max-width: 560px) 100vw, 560px\" \/><\/p>\n<p>Todo se encaden\u00f3 con otros hechos delictivos registrados en la localida de F\u00e1tima, que marc\u00f3 como clave la coordinaci\u00f3n de las fuerzas policiales de ambos municipios. De esa manera inform\u00f3 el mencionado sitio web, fue determinante para saber que el bot\u00edn mal habido de los delincuentes, se encontraba en Barrio Pav\u00f3n.<\/p>\n<p>La delincuencia dentro del distrito ha ido cambiando a partir de la paandemia, la situaci\u00f3n en materia de seguridad es algo que preocupa y mucho a los vecinos. Ezequiel Iglesias, Comisario Mayor a cargo de la polic\u00eda de Exaltaci\u00f3n de la Cruz, declar\u00f3 a la fuente consignada: &#8220;Yo tengo reuniones cada 15 d\u00edas con jefes de otras jurisdicciones, no nos podemos ni comparar con el connurbano, ac\u00e1 se dieron una seguidilla de 3 o 4 robos seguidos, y eso produjo una sensaci\u00f3n de inseguridad\u201d.<\/p>\n<p>Se supo que hace un a\u00f1o aproximadamente las denuncias se contaban en una por d\u00eda, hoy por hoy se contabilizan entre 6 y 8 robos al mes, esto seguramente va de la mano con que \u201chemos activados los tres contenedores, el de Sakura, el de Cardales y el de Bifurcaci\u00f3n, tambi\u00e9n tenemos personal casi constante en la entrada de la ruta 6 de Sakura\u201d, apunt\u00f3 Iglesias. En cuanto a Sakura presentaba el a\u00f1o pasado, el triste r\u00e9cord de tener hechos violentos a mano armada, \u201cuno de los \u00faltimos hechos calificados fueron hace casi 6 meses y se detuvieron a los autores en Derqui\u201d.<\/p>\n<p>Tambi\u00e9n preocupa y mucho los casos de violencia de g\u00e9nero, en un primer momento estos hechos se hab\u00edan incrementado de manera alarmante, \u201cno es que no se sigan dando, pero tampoco han subido la cantidad de estos casos\u201d, marc\u00f3 el Comisario.<\/p>\n<p>Fotos: gentileza Capilla Online.<\/p>\n<p>&nbsp;<\/p>\n","protected":false},"excerpt":{"rendered":"<p>HUBO ALLANAMIENTOS.<\/p>\n","protected":false},"author":4,"featured_media":5451,"comment_status":"open","ping_status":"open","sticky":false,"template":"","format":"standard","meta":{"footnotes":"","jetpack_publicize_message":"","jetpack_publicize_feature_enabled":true,"jetpack_social_post_already_shared":false,"jetpack_social_options":{"image_generator_settings":{"template":"highway","default_image_id":0,"font":"","enabled":false},"version":2}},"categories":[13],"tags":[741,742],"class_list":["post-5449","post","type-post","status-publish","format-standard","has-post-thumbnail","hentry","category-interes-general","tag-inseguridad","tag-pavon"],"jetpack_publicize_connections":[],"jetpack_featured_media_url":"https:\/\/revistaepocadigital.com.ar\/wp-content\/uploads\/2020\/07\/polici.jpg","jetpack_likes_enabled":true,"_links":{"self":[{"href":"https:\/\/revistaepocadigital.com.ar\/index.php?rest_route=\/wp\/v2\/posts\/5449","targetHints":{"allow":["GET"]}}],"collection":[{"href":"https:\/\/revistaepocadigital.com.ar\/index.php?rest_route=\/wp\/v2\/posts"}],"about":[{"href":"https:\/\/revistaepocadigital.com.ar\/index.php?rest_route=\/wp\/v2\/types\/post"}],"author":[{"embeddable":true,"href":"https:\/\/revistaepocadigital.com.ar\/index.php?rest_route=\/wp\/v2\/users\/4"}],"replies":[{"embeddable":true,"href":"https:\/\/revistaepocadigital.com.ar\/index.php?rest_route=%2Fwp%2Fv2%2Fcomments&post=5449"}],"version-history":[{"count":0,"href":"https:\/\/revistaepocadigital.com.ar\/index.php?rest_route=\/wp\/v2\/posts\/5449\/revisions"}],"wp:featuredmedia":[{"embeddable":true,"href":"https:\/\/revistaepocadigital.com.ar\/index.php?rest_route=\/wp\/v2\/media\/5451"}],"wp:attachment":[{"href":"https:\/\/revistaepocadigital.com.ar\/index.php?rest_route=%2Fwp%2Fv2%2Fmedia&parent=5449"}],"wp:term":[{"taxonomy":"category","embeddable":true,"href":"https:\/\/revistaepocadigital.com.ar\/index.php?rest_route=%2Fwp%2Fv2%2Fcategories&post=5449"},{"taxonomy":"post_tag","embeddable":true,"href":"https:\/\/revistaepocadigital.com.ar\/index.php?rest_route=%2Fwp%2Fv2%2Ftags&post=5449"}],"curies":[{"name":"wp","href":"https:\/\/api.w.org\/{rel}","templated":true}]}}