{"id":5461,"date":"2020-07-06T19:57:59","date_gmt":"2020-07-06T22:57:59","guid":{"rendered":"https:\/\/revistaepocadigital.com.ar\/?p=5461"},"modified":"2020-07-08T20:05:07","modified_gmt":"2020-07-08T23:05:07","slug":"5461-2","status":"publish","type":"post","link":"https:\/\/revistaepocadigital.com.ar\/?p=5461","title":{"rendered":"El intendente Nanni es claro: &#8220;No nos &#8220;casamos&#8221; con ninguna agrupaci\u00f3n&#8221;"},"content":{"rendered":"<p><strong>ESTAMOS EN INVIERNO, SIN EMBARGO LA &#8220;TEMPERATURA&#8221; EST\u00c1 POR LAS NUBES.<\/strong><!--more--><\/p>\n<p>La temperatura sanitaria, emocional, an\u00edmica, laboral, social, econ\u00f3mica. El de la inmensa mayor\u00eda de los argentinos y claro, en los exaltacrucenses, crispados por la gran preocupaci\u00f3n, angustia, miedo que no deja de provocar el coronavirus. Todos los recaudos adoptados por indicaci\u00f3n de las autoridades y los que adoptan tantos por su cuenta, se acent\u00faan ante el gran crecimiento de casos que se han venido notando, sobretodo en la ciudad de Buenos Aires y el Gran Buenos Aires (zona denominada AMBA, de la que forma parte Exaltaci\u00f3n de la Cruz desde este a\u00f1o). Como es sabido, la cuarentena con m\u00e1s restricciones abarcaba desde el 1 al 17 de julio.<\/p>\n<p>En Exaltaci\u00f3n de la Cruz, se reiteran las mismas sensaciones de la gente que podemos observar en tantos lugares, si bien vale resaltarlo, un sentido de pertenencia y pensar en el vecino en la gran mayor\u00eda que resulta de gran importancia ante semejante crisis. En tanto, la pelea frente al virus no admite pausas, la encabeza el municipio atrav\u00e9s del intendente Diego Nanni, del \u00e1rea de salud con su padre el Dr. H\u00e9ctor Nanni al frente, personal, incluso la oposici\u00f3n corporizada como se ha notado en m\u00e1s de una ocasi\u00f3n por Juntos por el Cambio.<\/p>\n<p>Sobre el \u00e1lgido momento, EPOCA convers\u00f3 con el intendente Nanni.<\/p>\n<p><strong>LA PERMANENCIA EN FASE 3<\/strong><\/p>\n<p>&#8220;Pese a las restricciones de la nueva cuarentena, Exaltaci\u00f3n de la Cruz se mantuvo en Fase 3; habl\u00e9 con el jefe de gabinete del gobierno provincial, Carlos Bianco, le expuse nuestra situaci\u00f3n en relaci\u00f3n al coronavirus, y resolvieron que nos mantuvieramos en Fase 3 junto a otros municipios como Campana, Z\u00e1rate, Ca\u00f1uelas y Brandsen, cinco distritos de cuarenta. \u00bfA que se debi\u00f3?, bueno, se tomaron en cuenta datos, la cantidad de casos en nuestro partido luego de 100 d\u00edas de cuarentena donde s\u00f3lo hubo dos por transmisi\u00f3n intracomunal como fueron los de una joven y en un integrante de la familia de un vecino que trabaja en una de las fuerzas de seguridad. El resto de contagios provinieron de otros distritos&#8221;.<\/p>\n<p><strong>LA CAPACIDAD SANITARIA<\/strong><\/p>\n<p>&#8220;Hemos estado trabajando muy duro en especial para enfrentar la pandemia, y por eso disponemos de una capacidad sanitaria para atender bien, tranquilos a todos los vecinos de Exaltaci\u00f3n de la Cruz. No, no hablo para atender a personas de otros distritos como se ha podido especular. En Exaltaci\u00f3n de la Cruz estamos bien dispuestos, pero cuidado, tampoco nos sobra nada en todos los centros de atenci\u00f3n de la salud p\u00fablica. M\u00e1s a\u00fan en esta \u00e9poca del a\u00f1o, donde por el invierno suele ser habitual que aparezcan gripes, bronqueolitis, pulmon\u00edas y as\u00ed se complica m\u00e1s la cosa. La demanda por atenci\u00f3n de la salud en el Hospital San Jos\u00e9 es important\u00edsima, y mientras en otros lugares derivan pacientes, ac\u00e1 los atendemos nosotros. Por eso tambi\u00e9n entiendo que permanecimos en Fase 3, porque el sistema de salud local no ha colapsado m\u00e1s all\u00e1, reitero, que no nos sobre nada&#8221;.<\/p>\n<p><strong>\u00bfRECIBIR PACIENTES CON CORONAVIRUS DE OTROS DISTRITOS?<\/strong><\/p>\n<p>&#8220;A ver, existe un convenio que por el momento no hemos firmado como municipio y no, para nada hemos recibido alguna sugerencia de la provincia de Buenos Aires para que recibamos pacientes de otros lugares. Por otro lado, hay que decir que no hemos recibido m\u00e1s recursos tanto de Naci\u00f3n como Provincia, para atender a enfermos por coronavirus residentes en otros distritos; desde ya contamos desde hace poco con un respirador m\u00e1s provisto por la Provincia y otros elementos que desde ya, son muy importantes y \u00fatiles pero en funci\u00f3n de la escala poblacional de Exaltaci\u00f3n de la Cruz. De ah\u00ed que no estamos en condiciones de &#8220;abrir&#8221; el municipio para que nos deriven pacientes que no sean de nuestro partido. Y capaz que alguien nos pueda catalogar como &#8220;ego\u00edstas&#8221;, pero ocurre que hemos estado haciendo un trabajo que nos ha demandando y sigue haci\u00e9ndolo, un tremendo esfuerzo, un gran trabajo, fijando la trasabilidad de los casos de Covid-19 aparecidos, que por eso entendemos que debemos continuar comprometidos con nuestros vecinos&#8221;.<\/p>\n<p><strong>LOS CASOS EN EXALTACION DE LA CRUZ<\/strong><\/p>\n<p>&#8220;La pelea es constante, de todas maneras puedo decir que al momento, solo hubo a nivel local, dos casos de coronavirus intracomunitarios en los cuales nos abocamos en todos los aspectos, por ejemplo estableciendo las personas que estuvieran en contacto, a modo de parar una posible &#8220;ola&#8221; de contagios que se expandiera. Entonces, reitero, no se puede tirar por la borda el tremendo esfuerzo hecho si permitimos que lleguen a Exaltaci\u00f3n de la Cruz, pacientes contagiados en otras ciudades. Tenemos lo que hay que tener. Esto que digo, es una decisi\u00f3n pol\u00edtica m\u00e1s all\u00e1 que parezca solidaria o no, es la mejor decisi\u00f3n&#8221;.<\/p>\n<p><strong>LO QUE VIENE<\/strong><\/p>\n<p>&#8220;En relaci\u00f3n a la evoluci\u00f3n del coronavirus, si bien se atraviesan momentos complejos, somos optimistas pese al presente. Continuar en Fase 3 como nos encontramos desde hace tiempo, implica que en nuestro partido estamos bien a pesar de la situaci\u00f3n tan dif\u00edcil a nivel general. Posiblemente hay mas casos de contagiados por el virus, no colapsar\u00e1 nuestro sistema de salud&#8221;.<\/p>\n<p><strong>LOS QUE NO PUEDEN TRABAJAR<\/strong><\/p>\n<p>&#8220;Sin dudas, me preocupa mucho la situaci\u00f3n de algunos sectores que desarrollan su labor comercial en nuestro distrito, como pueden ser el gastron\u00f3mico, las obras privadas, el personal de limpieza domiciliaria, los gimnasios. Lamento mucho por cierto que est\u00e9n &#8220;castigados&#8221; por decirlo de alguna manera, pero no contamos con alternativas ni atribuciones para cambiar este tip\u00f2 de restricciones; no depende de la municipalidad&#8221;.<\/p>\n<p><strong>CONTROLES<\/strong><\/p>\n<p>&#8220;Contin\u00faan llev\u00e1ndose a cabo en los ingresos a localidades, si una persona no vive en el distrito seg\u00fan lo que indique su DNI, debe ajustarse a las normas fijadas por el gobierno nacional y provincial. A su vez, en otro aspecto, quiero ser claro; si por ejemplo alguien organiza una fiesta por un cumplea\u00f1os de 15 en forma clandestina y ocasiona el contagio digamos de unas 30 personas, ser\u00e1 sancionado. No hay pol\u00edticas o estrategias que puedan llevarse a cabo y m\u00e1s en este caso del coronavirus, que tengan buenos resultados si la comunidad no acompa\u00f1a y no comparta y entienda la gravedad de lo que estamos hablando. Por suerte y no me ha sorprendido, la actitud de la gran mayor\u00eda de los vecinos exaltacruce\u00f1os, ha reiterado su sentido de la responsabilidad y solidaridad y preocupaci\u00f3n por lo que le pase a los demas. S\u00ed, admito que se han dado algunas situaciones sobre las que tomamos nota, como fue un asado que hubo tiempo atr\u00e1s en el corral\u00f3n municipal entre personal que trabaj\u00f3 en la obra hidr\u00e1ulica en las Cuatro Bocas como es sabido, un viejo anhelo concretado para evitar que continu\u00e9n las inundaciones en Capilla del Se\u00f1or; existi\u00f3 pero se mantuvo la distancia social y y otras medidas establecidos en los protocolos. Tambi\u00e9n se dio una reuni\u00f3n en la Casa de la Cultura (nota de la redacci\u00f3n: encabezada por la Secretaria de Gobierno, Mar\u00eda Luz Bozzani, donde se not\u00f3 en fotos divulgadas, que ninguno de los asistentes al parecer pertenecientes a movimientos sociales, utilizaba barbijo o tapabocas. Desde ya coincido en que absolutamente todos debemos cuidarnos, no hay que olvidar que en nuestra funci\u00f3n tambi\u00e9n estamos expuestos y tenemos familia, por eso no hay excepciones respecto a la cuarentena&#8221;.<\/p>\n<p><strong>LUIS MARIANO MARTIN, &#8220;ME GUSTAR\u00cdA QUE FORME PARTE DEL GABINETE MUNICIPAL&#8221;<\/strong><\/p>\n<p>&#8220;Por su experiencia, capacidad para trabajar en distintas \u00e1reas y su impronta, me gustar\u00eda que Luisma forme parte del gabinete municipal, somos proclives en esta administraci\u00f3n a la apertura a otras fuerzas pol\u00edticas, y a las que nos han acompa\u00f1ado (nota de la redacci\u00f3n: Frente Renovador) en este proyecto concretado con el triunfo electoral que nos llev\u00f3 a administrar el municipio. Y el caso de Luisma, se suma que nos apoy\u00f3 siempre y por otro lado, es un amigo personal. Me gustar\u00eda que se den las condiciones para que se sume; depender\u00e1 del municipio y de el, representa una buena opci\u00f3n para el gobierno municipal que no descarto. \u00bfEn que \u00e1rea podr\u00eda desempe\u00f1arse?, bueno como he dicho, sabemos de su capacidad y experiencia que bien podr\u00eda poner en pr\u00e1ctica debido a su experiencia y conocimiento en la Secretar\u00eda de Salud y Desarrollo Humano, sector este \u00faltimo que podr\u00eda integrarse. Pero bueno, la idea se ha hablado, deber\u00edamos charlar con las fuerzas que integran nuestra gesti\u00f3n, establecer negociaciones, que se alinearan los planetas como para concretar la idea que menciono. No, no, si se diera la incorporaci\u00f3n de Luis Mariano, descarto que pudiera darse en la Secretar\u00eda de Gobierno que ocupa Mar\u00eda Luz Bozzani, una persona con la que trabajo de muy buena manera y forma parte de nuestro proyecto desde hace mucho&#8221;.<\/p>\n<p><strong>&#8220;NO NOS CASAMOS CON NINGUNA AGRUPACI\u00d3N&#8221;<\/strong><\/p>\n<p>&#8220;Acerca de la reciente convocatoria del municipio a agrupaciones sociales, barriales, del distrito para escuchar sus inquietudes y apuntar a mantenr una interrelaci\u00f3n positiva, me parece que es una iniciativa valedera. De hecho, por citar a una, con el Movimiento Evita que ha elaborado camisolines y materiales descartables para el Hospital, hemos venido trabajando, y podemos hacerlo con otras como el Frente Grande, La C\u00e1mpora. El \u00fanico sentido que nos gu\u00eda es optimizar recursos y mantener una flu\u00edda y provechosa vinculaci\u00f3n, el gobierno &#8220;baja&#8221; recursos atrav\u00e9s de las organizaciones que es posible optimizarlos para el bien com\u00fan. Desde ya, no nos &#8220;casamos&#8221; con ninguna agrupaci\u00f3n, como mencion\u00e9 a lo que apuntamos es a optimizar esfuerzos&#8221;.<\/p>\n","protected":false},"excerpt":{"rendered":"<p>ESTAMOS EN INVIERNO, SIN EMBARGO LA &#8220;TEMPERATURA&#8221; EST\u00c1 POR LAS NUBES.<\/p>\n","protected":false},"author":4,"featured_media":5463,"comment_status":"open","ping_status":"open","sticky":false,"template":"","format":"standard","meta":{"footnotes":"","jetpack_publicize_message":"","jetpack_publicize_feature_enabled":true,"jetpack_social_post_already_shared":false,"jetpack_social_options":{"image_generator_settings":{"template":"highway","default_image_id":0,"font":"","enabled":false},"version":2}},"categories":[17],"tags":[745,66,639],"class_list":["post-5461","post","type-post","status-publish","format-standard","has-post-thumbnail","hentry","category-politica","tag-cuestiones-politicas","tag-nanni","tag-pandemia"],"jetpack_publicize_connections":[],"jetpack_featured_media_url":"https:\/\/revistaepocadigital.com.ar\/wp-content\/uploads\/2020\/07\/nanni-nota.jpg","jetpack_likes_enabled":true,"_links":{"self":[{"href":"https:\/\/revistaepocadigital.com.ar\/index.php?rest_route=\/wp\/v2\/posts\/5461","targetHints":{"allow":["GET"]}}],"collection":[{"href":"https:\/\/revistaepocadigital.com.ar\/index.php?rest_route=\/wp\/v2\/posts"}],"about":[{"href":"https:\/\/revistaepocadigital.com.ar\/index.php?rest_route=\/wp\/v2\/types\/post"}],"author":[{"embeddable":true,"href":"https:\/\/revistaepocadigital.com.ar\/index.php?rest_route=\/wp\/v2\/users\/4"}],"replies":[{"embeddable":true,"href":"https:\/\/revistaepocadigital.com.ar\/index.php?rest_route=%2Fwp%2Fv2%2Fcomments&post=5461"}],"version-history":[{"count":0,"href":"https:\/\/revistaepocadigital.com.ar\/index.php?rest_route=\/wp\/v2\/posts\/5461\/revisions"}],"wp:featuredmedia":[{"embeddable":true,"href":"https:\/\/revistaepocadigital.com.ar\/index.php?rest_route=\/wp\/v2\/media\/5463"}],"wp:attachment":[{"href":"https:\/\/revistaepocadigital.com.ar\/index.php?rest_route=%2Fwp%2Fv2%2Fmedia&parent=5461"}],"wp:term":[{"taxonomy":"category","embeddable":true,"href":"https:\/\/revistaepocadigital.com.ar\/index.php?rest_route=%2Fwp%2Fv2%2Fcategories&post=5461"},{"taxonomy":"post_tag","embeddable":true,"href":"https:\/\/revistaepocadigital.com.ar\/index.php?rest_route=%2Fwp%2Fv2%2Ftags&post=5461"}],"curies":[{"name":"wp","href":"https:\/\/api.w.org\/{rel}","templated":true}]}}