{"id":547,"date":"2018-10-07T17:37:17","date_gmt":"2018-10-07T20:37:17","guid":{"rendered":"https:\/\/revistaepocadigital.com.ar\/?p=547"},"modified":"2018-10-07T17:37:17","modified_gmt":"2018-10-07T20:37:17","slug":"honor-a-honor-y-patria-campeon","status":"publish","type":"post","link":"https:\/\/revistaepocadigital.com.ar\/?p=547","title":{"rendered":"&#8220;Honor&#8221; a Honor y Patria campe\u00f3n!"},"content":{"rendered":"<p><strong>EL BASQUET&#8230;<\/strong><\/p>\n<p>&#8230;de primera divisi\u00f3n del <strong>Club Honor y Patria<\/strong>, alcanz\u00f3 un resonante \u00e9xito al consagrarse campe\u00f3n de Primera B de la Liga ABCZ (Asociaci\u00f3n Z\u00e1rate-Campana) y conseguir el tan anhelado y merecido ascenso a primera A. En la final, los &#8220;Gauchos&#8221; como se conoce en los \u00faltimos a\u00f1os a los equipos de la emblem\u00e1tica instituci\u00f3n de Cap\u00eclla del Se\u00f1or, derrotaron 84 a 72 al Club N\u00e1utico San Pedro, en un encuentro por momentos muy re\u00f1ido y de tr\u00e1mite incierto, en la que fue \u00faltima fecha del &#8220;Final Four&#8221;, que reuni\u00f3 a los cuatro mejores equipos de la temporada.<\/p>\n<p>Bajo la batuta del t\u00e9cnico Marcelo Fern\u00e1ndez, el plantel ha estado compuesto por: Adri\u00e1n Antivero, Marcos Rold\u00e1n, Francisco Alga\u00f1araz, Lucas Ventura, Emanuel Pastoriza, Tob\u00edas Pancolini, Gabriel Cedro, Mauro Leichner, Francisco Mart\u00ednez,Ignacio Fern\u00e1ndez, Victorio Dente y Marcos Jelavich. A Fern\u00e1ndez en el staff t\u00e9cnico lo han secundado Juan Pablo Montero y Franco Ventura, y completaron el plantel: Mat\u00edas Anrique, Federico Tusa, Tom\u00e1s Veliz, Juan Manuel Santos, Alej\u00f3 Tu\u00f1on, Joaqu\u00edn Moncada, Juan Manuel Bocca y Ariel Tegaldo.<\/p>\n<figure id=\"attachment_550\" aria-describedby=\"caption-attachment-550\" style=\"width: 694px\" class=\"wp-caption alignleft\"><img loading=\"lazy\" decoding=\"async\" class=\"size-full wp-image-550\" src=\"https:\/\/revistaepocadigital.com.ar\/wp-content\/uploads\/2018\/11\/hyp-1-1.jpg\" alt=\"\" width=\"694\" height=\"757\" \/><figcaption id=\"caption-attachment-550\" class=\"wp-caption-text\">El gran logro de HyP<\/figcaption><\/figure>\n<p>&nbsp;<\/p>\n<p>As\u00ed Honor y Patria una vez m\u00e1s con Gabriel Cedro (hijo de una figura legendaria del basquet local como el &#8220;Negro&#8221; Hilario Cedro) como estandarte en el campeonato, y de gran actuaci\u00f3n en la final al marcar 23 puntos, y secundado por Jelavich, Leichner y Fern\u00e1ndez, &#8220;el club&#8221; como lo conocen tantos vecinos, vivi\u00f3 un d\u00eda para recordar ante el gran \u00e9xito alcanzado que lo deposito en Primera divisi\u00f3n para la pr\u00f3xima temporada.<\/p>\n<p>En el Final Four disputado en el Club Porte\u00f1o de General Rodr\u00edguez, adem\u00e1s del campe\u00f3n Honor y Patria, intervinieron el Club N\u00e1utico de Z\u00e1rate al que venci\u00f3 90 a 62, el Club Porte\u00f1o sobre el que se impuso 90 a 57, y el Club N\u00e1utico San Pedro al que dobleg\u00f3 en el \u00faltimo partido 84 a 72.<\/p>\n<p>Ante el \u00e9xito alcanzado, aguarda ahora un abierto un nuevo y gran desaf\u00edo para Honor y Patria ante su ingreso a la Primera A de la Liga Z\u00e1rate-Campana. El basquet de Capilla volvi\u00f3 a vivir uno de sus mejores momentos en su tan rica trayectoria.<\/p>\n","protected":false},"excerpt":{"rendered":"<p>EL BASQUET&#8230; &#8230;de primera divisi\u00f3n del Club Honor y Patria, alcanz\u00f3 un resonante \u00e9xito al consagrarse campe\u00f3n de Primera B de la Liga ABCZ (Asociaci\u00f3n Z\u00e1rate-Campana) y conseguir el tan anhelado y merecido ascenso a primera A. En la final, los &#8220;Gauchos&#8221; como se conoce en los \u00faltimos a\u00f1os a los equipos de la emblem\u00e1tica [&hellip;]<\/p>\n","protected":false},"author":3,"featured_media":549,"comment_status":"open","ping_status":"open","sticky":false,"template":"","format":"standard","meta":{"footnotes":"","jetpack_publicize_message":"","jetpack_publicize_feature_enabled":true,"jetpack_social_post_already_shared":false,"jetpack_social_options":{"image_generator_settings":{"template":"highway","default_image_id":0,"font":"","enabled":false},"version":2}},"categories":[9],"tags":[37,55],"class_list":["post-547","post","type-post","status-publish","format-standard","has-post-thumbnail","hentry","category-deportes","tag-destacada","tag-honor-y-patria"],"jetpack_publicize_connections":[],"jetpack_featured_media_url":"https:\/\/revistaepocadigital.com.ar\/wp-content\/uploads\/2018\/11\/hyp2-1.jpg","jetpack_likes_enabled":true,"_links":{"self":[{"href":"https:\/\/revistaepocadigital.com.ar\/index.php?rest_route=\/wp\/v2\/posts\/547","targetHints":{"allow":["GET"]}}],"collection":[{"href":"https:\/\/revistaepocadigital.com.ar\/index.php?rest_route=\/wp\/v2\/posts"}],"about":[{"href":"https:\/\/revistaepocadigital.com.ar\/index.php?rest_route=\/wp\/v2\/types\/post"}],"author":[{"embeddable":true,"href":"https:\/\/revistaepocadigital.com.ar\/index.php?rest_route=\/wp\/v2\/users\/3"}],"replies":[{"embeddable":true,"href":"https:\/\/revistaepocadigital.com.ar\/index.php?rest_route=%2Fwp%2Fv2%2Fcomments&post=547"}],"version-history":[{"count":0,"href":"https:\/\/revistaepocadigital.com.ar\/index.php?rest_route=\/wp\/v2\/posts\/547\/revisions"}],"wp:featuredmedia":[{"embeddable":true,"href":"https:\/\/revistaepocadigital.com.ar\/index.php?rest_route=\/wp\/v2\/media\/549"}],"wp:attachment":[{"href":"https:\/\/revistaepocadigital.com.ar\/index.php?rest_route=%2Fwp%2Fv2%2Fmedia&parent=547"}],"wp:term":[{"taxonomy":"category","embeddable":true,"href":"https:\/\/revistaepocadigital.com.ar\/index.php?rest_route=%2Fwp%2Fv2%2Fcategories&post=547"},{"taxonomy":"post_tag","embeddable":true,"href":"https:\/\/revistaepocadigital.com.ar\/index.php?rest_route=%2Fwp%2Fv2%2Ftags&post=547"}],"curies":[{"name":"wp","href":"https:\/\/api.w.org\/{rel}","templated":true}]}}